{"id":55063,"date":"2025-08-07T19:51:11","date_gmt":"2025-08-07T17:51:11","guid":{"rendered":"https:\/\/edublog.educastur.es\/ixuxu\/?p=55063"},"modified":"2025-08-07T19:52:25","modified_gmt":"2025-08-07T17:52:25","slug":"esta-sablera-dasturies-ye-una-de-les-mas-guapes-del-mundu-segun-national-geographic","status":"publish","type":"post","link":"https:\/\/edublog.educastur.es\/ixuxu\/2025\/08\/esta-sablera-dasturies-ye-una-de-les-mas-guapes-del-mundu-segun-national-geographic\/","title":{"rendered":"Esta sablera d&#8217;Asturies ye una de les m\u00e1s guapes del mundu, seg\u00fan National Geographic"},"content":{"rendered":"<p><a href=\"https:\/\/www.abc.es\/espana\/asturias\/playa-asturias-bonitas-mundo-segun-national-geographic-20250807190000-nt.html\">ABC<\/a> \/<\/p>\n<p style=\"text-align: center\"><a href=\"https:\/\/s3.abcstatics.com\/abc\/www\/multimedia\/espana\/2025\/05\/16\/Cue3-kmZE-U70986244494G0D-1200x840@diario_abc.jpg\"><img loading=\"lazy\" decoding=\"async\" class=\"aligncenter \" src=\"https:\/\/s3.abcstatics.com\/abc\/www\/multimedia\/espana\/2025\/05\/16\/Cue3-kmZE-U70986244494G0D-1200x840@diario_abc.jpg\" width=\"606\" height=\"423\" \/><\/a><\/p>\n<p>Esta sablera d&#8217;Asturies ye una de les m\u00e1s guapes del mundu, seg\u00fan National Geographic: \u00f3nde ta y c\u00f3mo llegar. De sable blancu y fina y paisaxe predreso, esti llugar de sua\u00f1u figura nel quintu puesta del ranking ellabor\u00e1u pola prestixosa revista. <strong>Tr\u00e1tase de la sablera de Cu\u00e9, conocida tami\u00e9n como d&#8217;Antilles o de Canales.<\/strong><\/p>\n<p><!--more--><\/p>\n<p>Espa\u00f1a at\u00f3pase so los efectos d&#8217;una intensa fola de calor que ta batiendo r\u00e9cords en delles rexones del pa\u00eds. Col calor estremo, una opci\u00f3n popular para atopar aliviu ye dir a la sablera, onde&#8217;l mar y l&#8217;oral costeru anidien les altes temperatures. Nesti contestu, Asturies convi\u00e9rtese n&#8217;unu de los destinos prefer\u00edos del branu, gracies a el so clima m\u00e1s frescu y los sos paisaxes naturales.<\/p>\n<p>La rex\u00f3n cunta con un gran n\u00famberu de sableres que faen dif\u00edcil decantase por una d&#8217;elles. Nesti sent\u00edu, la revista &#8216;National Geographic&#8217; ellabor\u00f3 un ranking de les meyores sableres del mundu y<strong> una mari\u00f1a asturiana col\u00f3se&#8217; nel quintu puestu d&#8217;esti llist\u00e1u.<\/strong><\/p>\n<p style=\"text-align: center\">\n<!-- iframe plugin v.6.0 wordpress.org\/plugins\/iframe\/ -->\n<iframe loading=\"lazy\" width=\"540\" height=\"304\" src=\"https:\/\/www.youtube.com\/embed\/ujGbgBqPISg\" title=\"Playa Cu\u00e9. Llanes , Asturias\" frameborder=\"0\" allow=\"accelerometer; autoplay; clipboard-write; encrypted-media; gyroscope; picture-in-picture; web-share\" referrerpolicy=\"strict-origin-when-cross-origin\" 0=\"allowfullscreen\" 1=\"\/iframe\" scrolling=\"yes\" class=\"iframe-class\"><\/iframe>\n<\/p>\n<p><strong>Tr\u00e1tase de la sablera de Cu\u00e9, conocida tami\u00e9n como d&#8217;Antilles o de Canales<\/strong>. Esta mari\u00f1a ta asiti\u00e1u na pequena aldega de Cu\u00e9, allugada a dos kil\u00f3metros de Llanes, unu de los conceyos m\u00e1s guapos d&#8217;Asturies, y ta consider\u00e1u un llugar de sua\u00f1u.\u200b<\/p>\n<p><strong>Un para\u00edsu de sable blancu y ag\u00fces seles<\/strong><\/p>\n<p>La sablera de Cu\u00e9 tien 380 metros de llargu y ye de sable finu y blanca. Esti para\u00edsu asturianu ye d&#8217;ag\u00fces azul turquesa y nun suel tar bien alleg\u00e1u, polo que ye perfectu para aquellos que busquen esfrutar d&#8217;un ambiente sele y relaxao.<\/p>\n<p>Cu\u00e9 ta arrodiada d&#8217;un paisaxe predreso qu&#8217;epondera la so guapura. Am\u00e1s, ta protexida por dellos castros o #puexu que lu tapen, el m\u00e1s grande d&#8217;ellos Isla Grande o La Islona, qu&#8217;ent\u00e1 caltien los restos d&#8217;una cabana de piedra utilizada d&#8217;antiguo como abelugu para los pescadores.<\/p>\n<p>Mientres el baxamar, f\u00f3rmase un pasiellu de sable que xune la sablera a la Isla Grande. En pleamar, sicas\u00ed, paez xuna piscina natural gracies a los Castros que lu protexen del aguaxe. La tranquilid\u00e1 de les sos ag\u00fces fai que s\u00eda un llugar ideal para&#8217;l ba\u00f1u y para practicar buc\u00e9u o pescar.<\/p>\n<p style=\"text-align: center\"><a href=\"https:\/\/queverenasturias.es\/wp-content\/uploads\/2019\/09\/playa-de-cue-en-llanes-1327x800.jpg\"><img loading=\"lazy\" decoding=\"async\" class=\"aligncenter size-large\" src=\"https:\/\/queverenasturias.es\/wp-content\/uploads\/2019\/09\/playa-de-cue-en-llanes-1327x800.jpg\" width=\"1327\" height=\"800\" \/><\/a><\/p>\n<p style=\"text-align: left\"><strong>La sablera de Cu\u00e9 ta considerada un paisaxe protex\u00edu, dende&#8217;l puntu de vista medioambiental.<\/strong> Por esti motivu, ta integrada nel Paisaxe Protex\u00edu de la Mari\u00f1a Oriental d&#8217;Asturies.<\/p>\n<p style=\"text-align: center\"><span class=\"x193iq5w xeuugli x13faqbe x1vvkbs xt0psk2 x1i0vuye xvs91rp xo1l8bm x5n08af x10wh9bi xpm28yp x8viiok x1o7cslx x126k92a\"><span class=\"html-span xexx8yu x4uap5 x18d9i69 xkhd6sd x1hl2dhg x16tdsg8 x1vvkbs x3nfvp2 x1j61x8r x1fcty0u xdj266r xat24cr xgzva0m xhhsvwb xxymvpz xlup9mm x1kky2od\">\n<!-- iframe plugin v.6.0 wordpress.org\/plugins\/iframe\/ -->\n<iframe loading=\"lazy\" src=\"https:\/\/www.instagram.com\/reel\/DJq_T1sMCJ8\/embed\" width=\"460\" height=\"575\" 0=\"\/iframe\" scrolling=\"yes\" class=\"iframe-class\" frameborder=\"0\"><\/iframe>\n<\/span><\/span><\/p>\n<p>Tocantes a servicios, cuenta con duches y dispon d&#8217;un pequenu aparcamientu. En temporada alta tien un chiringu onde poder tomar daqu\u00e9 mientres s&#8217;esfruta de les impresionantes vistas de la sablera. Cabi destacar que<strong> la sablera nun ye accesible para persones con movilid\u00e1 amenorgada y tien prohib\u00edu l&#8217;accesu d&#8217;animales dom\u00e9sticos entre los meses de xunu y setiembre.<\/strong><\/p>\n<p><strong><a href=\"https:\/\/queverenasturias.es\/visitar\/playa-de-cue\/\">C\u00f3mo llegar a la sablera de Cu\u00e9.<\/a>\u00a0<\/strong>Para llegar a esta sablera tien de faelo en coche dende la localid\u00e1 de Cu\u00e9, que <strong>ta asitiada a unos dos kil\u00f3metros de Llanes.<\/strong> Puede aparcar el so veh\u00edculu nun parking habilit\u00e1u abargana de la sablera y, dempu\u00e9s, tendr\u00e1 d&#8217;andase per un cam\u00edn d&#8217;unos 50 metros hasta la sablera. Aplicaciones como Moovit pueden ser de gran utilid\u00e1 para trazar una ruta hasta esta localid\u00e1.<\/p>\n<p>En cuanto al accesu per carretera a Cu\u00e9, tien de coyer l&#8217;autov\u00eda del Cant\u00e1bricu A-8 y tomar la salida 294 escontra l&#8217;AS-263, en direccion a Llanes. Pasaos 500 metros, na rotonda, tome la primera salida direccion Cu\u00e9. <a href=\"https:\/\/www.google.com\/maps\/dir\/\/43.416436,-4.730287\/@43.4164064,-4.8126877,12z?entry=ttu&amp;g_ep=EgoyMDI1MDgwNS4wIKXMDSoASAFQAw%3D%3D\"><strong>Ver Google Maps<\/strong><\/a><\/p>\n<p>&nbsp;<\/p>\n<p>&nbsp;<\/p>\n","protected":false},"excerpt":{"rendered":"<p>ABC \/ Esta sablera d&#8217;Asturies ye una de les m\u00e1s guapes del mundu, seg\u00fan National Geographic: \u00f3nde ta y c\u00f3mo llegar. De sable blancu y fina y paisaxe predreso, esti llugar de sua\u00f1u figura nel quintu puesta del ranking ellabor\u00e1u pola prestixosa revista. Tr\u00e1tase de la sablera de Cu\u00e9, conocida tami\u00e9n como d&#8217;Antilles o de [&hellip;]<\/p>\n","protected":false},"author":117,"featured_media":0,"comment_status":"closed","ping_status":"open","sticky":false,"template":"","format":"standard","meta":{"footnotes":""},"categories":[93],"tags":[],"class_list":["post-55063","post","type-post","status-publish","format-standard","hentry","category-sableres"],"_links":{"self":[{"href":"https:\/\/edublog.educastur.es\/ixuxu\/wp-json\/wp\/v2\/posts\/55063","targetHints":{"allow":["GET"]}}],"collection":[{"href":"https:\/\/edublog.educastur.es\/ixuxu\/wp-json\/wp\/v2\/posts"}],"about":[{"href":"https:\/\/edublog.educastur.es\/ixuxu\/wp-json\/wp\/v2\/types\/post"}],"author":[{"embeddable":true,"href":"https:\/\/edublog.educastur.es\/ixuxu\/wp-json\/wp\/v2\/users\/117"}],"replies":[{"embeddable":true,"href":"https:\/\/edublog.educastur.es\/ixuxu\/wp-json\/wp\/v2\/comments?post=55063"}],"version-history":[{"count":3,"href":"https:\/\/edublog.educastur.es\/ixuxu\/wp-json\/wp\/v2\/posts\/55063\/revisions"}],"predecessor-version":[{"id":55066,"href":"https:\/\/edublog.educastur.es\/ixuxu\/wp-json\/wp\/v2\/posts\/55063\/revisions\/55066"}],"wp:attachment":[{"href":"https:\/\/edublog.educastur.es\/ixuxu\/wp-json\/wp\/v2\/media?parent=55063"}],"wp:term":[{"taxonomy":"category","embeddable":true,"href":"https:\/\/edublog.educastur.es\/ixuxu\/wp-json\/wp\/v2\/categories?post=55063"},{"taxonomy":"post_tag","embeddable":true,"href":"https:\/\/edublog.educastur.es\/ixuxu\/wp-json\/wp\/v2\/tags?post=55063"}],"curies":[{"name":"wp","href":"https:\/\/api.w.org\/{rel}","templated":true}]}}