{"id":55069,"date":"2025-08-08T10:00:23","date_gmt":"2025-08-08T08:00:23","guid":{"rendered":"https:\/\/edublog.educastur.es\/ixuxu\/?p=55069"},"modified":"2025-08-07T20:00:14","modified_gmt":"2025-08-07T18:00:14","slug":"el-principau-acredita-a-casi-11-000-docentes-en-competencia-dixital","status":"publish","type":"post","link":"https:\/\/edublog.educastur.es\/ixuxu\/2025\/08\/el-principau-acredita-a-casi-11-000-docentes-en-competencia-dixital\/","title":{"rendered":"El Princip\u00e1u acredita a casi 11.000 docentes en competencia dixital"},"content":{"rendered":"<p style=\"text-align: center\"><a href=\"https:\/\/actualidad.asturias.es\/documents\/537115\/2730624\/2025_08_07+Competencia+digital+docente.jpg\/5a5c206f-0019-7b64-f2a4-901934d1b362?t=1754557804470\"><img loading=\"lazy\" decoding=\"async\" class=\"aligncenter size-large\" src=\"https:\/\/actualidad.asturias.es\/documents\/537115\/2730624\/2025_08_07+Competencia+digital+docente.jpg\/5a5c206f-0019-7b64-f2a4-901934d1b362?t=1754557804470\" width=\"5000\" height=\"3000\" \/><\/a><\/p>\n<p>El Princip\u00e1u acredita a casi 11.000 docentes en competencia dixital. La cifra supera en m\u00e1s de mediu centenar el finxu que&#8217;l ministeriu estableciera pa esti mes n&#8217;Asturies. Educaci\u00f3n va ufiertar a partir de setiembre m\u00e1s cursos de dellos niveles y formaci\u00f3n en nueves ferramientes pa los centros. <a href=\"https:\/\/actualidad.asturias.es\/-\/el-principado-acredita-a-casi-11.000-docentes-en-competencia-digital?redirect=%2Fnoticias\">Actualid\u00e1 Asturies<\/a><\/p>\n<p><!--more--><\/p>\n<p style=\"text-align: center\"><a href=\"https:\/\/alojaweb.educastur.es\/documents\/10599046\/10849422\/Logo_def_500x500.png\/800cdb30-bef2-4919-a001-7f72d0ad8170?t=1689752647106\"><img loading=\"lazy\" decoding=\"async\" class=\"aligncenter \" src=\"https:\/\/alojaweb.educastur.es\/documents\/10599046\/10849422\/Logo_def_500x500.png\/800cdb30-bef2-4919-a001-7f72d0ad8170?t=1689752647106\" width=\"214\" height=\"214\" \/><\/a><\/p>\n<p>El Gobiernu del Princip\u00e1u llogr\u00f3 acreditar a 10.995 docentes en dalg\u00fan de los niveles de competencia dixital nel marcu del programa <strong><span style=\"color: #008080\">#CompDigEd<\/span><\/strong>, financi\u00e1u colos fondos europeos del <span style=\"color: #008080\"><strong>Mecanismu de Recuperaci\u00f3n Resiliencia (MRR).<\/strong><\/span> Esa cifra supera en 58 persones el finxu que&#8217;l Ministeriu d&#8217;Educaci\u00f3n, Formaci\u00f3n Profesional y Deportes estableciera pa esti mes n&#8217;Asturies.<\/p>\n<p>Desglos\u00e1u por niveles, el B1 ye&#8217;l que rexistr\u00f3 mayor n\u00famberu d&#8217;acreditaciones (4.048), sigu\u00edu pol A2 (3.072), el B2 (2.949), l&#8217;A1 (901) y el C1 (25).<\/p>\n<p>Am\u00e1s,<strong> la conseyer\u00eda algam\u00f3 tami\u00e9n otru finxu: el d&#8217;impulsar planes dixitales de centros.<\/strong> L&#8217;oxetivu yera llegar a 409 planes -tami\u00e9n pa esti mes- y consigui\u00e9ronse 419, toos ellos publicaos nes respectives p\u00e1xines web de los centros d&#8217;ense\u00f1anza.<\/p>\n<p>El procesu de dixitalizaci\u00f3n del sistema educativu asturianu desenvolviose nuna doble vertoente. Per un sitiu, la dotaci\u00f3n d&#8217;equipamientos pa los centros, en que&#8217;l so marcu destaca&#8217;l programa <strong>#EcoDigEdu,<\/strong> financi\u00e1u con fondos europeos Next Generation y compuestu por tr\u00e9s actuaciones con un importe total de 12,23 millones. Por otru, figura la capacitaci\u00f3n del profesor\u00e1u pal usu pedag\u00f3xicu d&#8217;eses ferramientes tecnol\u00f3xiques.<\/p>\n<p>La conseyer\u00eda va ufiertar a partir de setiembre nuevos cursos de competencia dixital docente hasta escosar el presupuestu disponible. En concretu, van impartise los niveles A1, A2, B1 y B2, que la so acreditaci\u00f3n realizarase d&#8217;oficiu. Tami\u00e9n se van desenvolver procedimientos d&#8217;acreditaci\u00f3n del nivel C1, que se concede por evidencies debidamente documentaes.<\/p>\n<p>Tienen la considerancia d&#8217;evidencies, por casu, <strong>ser coordinador de Tecnolox\u00edes de la Informaci\u00f3n y Comunicaci\u00f3n (TIC) o puestu equivalente, los premios nominales otorgaos por una alministraci\u00f3n educativa o publicaciones.<\/strong> Igualmente, val\u00f3rase la coordinaci\u00f3n de proyectos de formaci\u00f3n en centros, la participaci\u00f3n n&#8217;iniciatives colectives d&#8217;investigaci\u00f3n ya innovaci\u00f3n o n&#8217;acciones formatives en calid\u00e1 de ponente o tutor.<\/p>\n<p>El Princip\u00e1u recibi\u00f3 una asignaci\u00f3n de 5,8 millones y queda pindia d&#8217;utilizar casi un mill\u00f3n. Am\u00e1s, el ministeriu ampli\u00f3&#8217;l periodu d&#8217;execuci\u00f3n del programa hasta febreru de 2026 y la xustificaci\u00f3n, hasta marzu del pr\u00f3ximu a\u00f1u.<\/p>\n<p>Con fecha 31 d&#8217;agostu, van cesar les unidaes #CompDigEdu y de mapeo, formaes por 13 y 7 persones, respectivamente, que desempe\u00f1aron una funci\u00f3n esencial pa consiguir los finxos establec\u00edos pol ministeriu.<\/p>\n<p>Per otra parte, en septiembre va empezar otra formaci\u00f3n docente empobinada a la dixitalizaci\u00f3n de los centros, al travi\u00e9s del usu de nueves ferramientes y materiales. En concretu, d&#8217;imprentadores 3D, kits sostenibles y l\u00e1pices llectores y, pa centros d&#8217;educaci\u00f3n especial, de rob\u00f3tica.<\/p>\n","protected":false},"excerpt":{"rendered":"<p>El Princip\u00e1u acredita a casi 11.000 docentes en competencia dixital. La cifra supera en m\u00e1s de mediu centenar el finxu que&#8217;l ministeriu estableciera pa esti mes n&#8217;Asturies. Educaci\u00f3n va ufiertar a partir de setiembre m\u00e1s cursos de dellos niveles y formaci\u00f3n en nueves ferramientes pa los centros. Actualid\u00e1 Asturies<\/p>\n","protected":false},"author":117,"featured_media":0,"comment_status":"closed","ping_status":"open","sticky":false,"template":"","format":"standard","meta":{"footnotes":""},"categories":[352],"tags":[],"class_list":["post-55069","post","type-post","status-publish","format-standard","hentry","category-informatica"],"_links":{"self":[{"href":"https:\/\/edublog.educastur.es\/ixuxu\/wp-json\/wp\/v2\/posts\/55069","targetHints":{"allow":["GET"]}}],"collection":[{"href":"https:\/\/edublog.educastur.es\/ixuxu\/wp-json\/wp\/v2\/posts"}],"about":[{"href":"https:\/\/edublog.educastur.es\/ixuxu\/wp-json\/wp\/v2\/types\/post"}],"author":[{"embeddable":true,"href":"https:\/\/edublog.educastur.es\/ixuxu\/wp-json\/wp\/v2\/users\/117"}],"replies":[{"embeddable":true,"href":"https:\/\/edublog.educastur.es\/ixuxu\/wp-json\/wp\/v2\/comments?post=55069"}],"version-history":[{"count":2,"href":"https:\/\/edublog.educastur.es\/ixuxu\/wp-json\/wp\/v2\/posts\/55069\/revisions"}],"predecessor-version":[{"id":55071,"href":"https:\/\/edublog.educastur.es\/ixuxu\/wp-json\/wp\/v2\/posts\/55069\/revisions\/55071"}],"wp:attachment":[{"href":"https:\/\/edublog.educastur.es\/ixuxu\/wp-json\/wp\/v2\/media?parent=55069"}],"wp:term":[{"taxonomy":"category","embeddable":true,"href":"https:\/\/edublog.educastur.es\/ixuxu\/wp-json\/wp\/v2\/categories?post=55069"},{"taxonomy":"post_tag","embeddable":true,"href":"https:\/\/edublog.educastur.es\/ixuxu\/wp-json\/wp\/v2\/tags?post=55069"}],"curies":[{"name":"wp","href":"https:\/\/api.w.org\/{rel}","templated":true}]}}