{"id":55121,"date":"2025-08-26T14:00:30","date_gmt":"2025-08-26T12:00:30","guid":{"rendered":"https:\/\/edublog.educastur.es\/ixuxu\/?p=55121"},"modified":"2025-08-17T22:08:53","modified_gmt":"2025-08-17T20:08:53","slug":"55121","status":"publish","type":"post","link":"https:\/\/edublog.educastur.es\/ixuxu\/2025\/08\/55121\/","title":{"rendered":""},"content":{"rendered":"<p style=\"text-align: center\"><span style=\"color: #800080\"><strong><em><span style=\"font-size: 28px\">\u00abYe nel xuegu y nam\u00e1 nel xuegu <\/span><\/em><\/strong><\/span><br \/>\n<span style=\"color: #800080\"><strong><em><span style=\"font-size: 28px\">que&#8217;l ne\u00f1u o l&#8217;adultu como individuos <\/span><\/em><\/strong><\/span><br \/>\n<span style=\"color: #800080\"><strong><em><span style=\"font-size: 28px\">son capaces de ser creativos<\/span><\/em><\/strong><\/span><br \/>\n<span style=\"color: #800080\"><strong><em><span style=\"font-size: 28px\"> y d&#8217;usar el total de la so personalid\u00e1, <\/span><\/em><\/strong><\/span><br \/>\n<span style=\"color: #800080\"><strong><em><span style=\"font-size: 28px\">y nam\u00e1 al ser creativu l&#8217;individuu <\/span><\/em><\/strong><\/span><br \/>\n<span style=\"color: #800080\"><strong><em><span style=\"font-size: 28px\">af\u00e1yase a s\u00ed mesmu\u00bb<\/span> <\/em><\/strong><\/span><\/p>\n<p style=\"text-align: center\">Donald Winnicott<\/p>\n","protected":false},"excerpt":{"rendered":"<p>\u00abYe nel xuegu y nam\u00e1 nel xuegu que&#8217;l ne\u00f1u o l&#8217;adultu como individuos son capaces de ser creativos y d&#8217;usar el total de la so personalid\u00e1, y nam\u00e1 al ser creativu l&#8217;individuu af\u00e1yase a s\u00ed mesmu\u00bb Donald Winnicott<\/p>\n","protected":false},"author":117,"featured_media":0,"comment_status":"closed","ping_status":"open","sticky":false,"template":"","format":"quote","meta":{"footnotes":""},"categories":[1],"tags":[],"class_list":["post-55121","post","type-post","status-publish","format-quote","hentry","category-sin-categoria","post_format-post-format-quote"],"_links":{"self":[{"href":"https:\/\/edublog.educastur.es\/ixuxu\/wp-json\/wp\/v2\/posts\/55121","targetHints":{"allow":["GET"]}}],"collection":[{"href":"https:\/\/edublog.educastur.es\/ixuxu\/wp-json\/wp\/v2\/posts"}],"about":[{"href":"https:\/\/edublog.educastur.es\/ixuxu\/wp-json\/wp\/v2\/types\/post"}],"author":[{"embeddable":true,"href":"https:\/\/edublog.educastur.es\/ixuxu\/wp-json\/wp\/v2\/users\/117"}],"replies":[{"embeddable":true,"href":"https:\/\/edublog.educastur.es\/ixuxu\/wp-json\/wp\/v2\/comments?post=55121"}],"version-history":[{"count":1,"href":"https:\/\/edublog.educastur.es\/ixuxu\/wp-json\/wp\/v2\/posts\/55121\/revisions"}],"predecessor-version":[{"id":55122,"href":"https:\/\/edublog.educastur.es\/ixuxu\/wp-json\/wp\/v2\/posts\/55121\/revisions\/55122"}],"wp:attachment":[{"href":"https:\/\/edublog.educastur.es\/ixuxu\/wp-json\/wp\/v2\/media?parent=55121"}],"wp:term":[{"taxonomy":"category","embeddable":true,"href":"https:\/\/edublog.educastur.es\/ixuxu\/wp-json\/wp\/v2\/categories?post=55121"},{"taxonomy":"post_tag","embeddable":true,"href":"https:\/\/edublog.educastur.es\/ixuxu\/wp-json\/wp\/v2\/tags?post=55121"}],"curies":[{"name":"wp","href":"https:\/\/api.w.org\/{rel}","templated":true}]}}