{"id":55126,"date":"2025-08-07T22:36:55","date_gmt":"2025-08-07T20:36:55","guid":{"rendered":"https:\/\/edublog.educastur.es\/ixuxu\/?p=55126"},"modified":"2025-08-07T22:37:20","modified_gmt":"2025-08-07T20:37:20","slug":"por-que-llamen-variante-frankenstein-a-la-nueva-cepa-del-covid","status":"publish","type":"post","link":"https:\/\/edublog.educastur.es\/ixuxu\/2025\/08\/por-que-llamen-variante-frankenstein-a-la-nueva-cepa-del-covid\/","title":{"rendered":"Por qu\u00e9 llamen \u00abVariante Frankenstein\u00bb a la nueva cepa del covid"},"content":{"rendered":"<p>La nueva cepa del COVID-19 foi moteyada <span style=\"color: #008080\"><strong>\u201cVariante Frankenstein\u201d<\/strong><\/span> pola so composici\u00f3n xen\u00e9tica, result\u00e1u de la combinaci\u00f3n de m\u00faltiples mutaciones de distintes variantes anteriores. Fonte: <a href=\"https:\/\/la100.cienradios.com\/sociedad\/por-que-llaman-variante-frankenstein-a-la-nueva-cepa-del-covid\/?fbclid=IwY2xjawMB7NhleHRuA2FlbQIxMABicmlkETByd3JOMmlaZHlQNHZqamRMAR4u5qQ4ba2OENIv4kd2iNm8fLFPFOxciMAQsmUyXGk87g-1gTChWECL8OmdCA_aem_p74D__3RNRM34U8i1gi0RA\">100radios<\/a> \/<\/p>\n<p style=\"text-align: center\"><a href=\"https:\/\/la100.cienradios.com\/resizer\/v2\/V3RFGUYTX5DTDO4PN33KKJSGAY.jpg?auth=c9aa6f1faa46464d245b6fa829b38e6365474d85984e36b0ce8aa63df0df9f0a&amp;width=1440&amp;height=720\"><img loading=\"lazy\" decoding=\"async\" class=\"aligncenter size-large\" src=\"https:\/\/la100.cienradios.com\/resizer\/v2\/V3RFGUYTX5DTDO4PN33KKJSGAY.jpg?auth=c9aa6f1faa46464d245b6fa829b38e6365474d85984e36b0ce8aa63df0df9f0a&amp;width=1440&amp;height=720\" width=\"1440\" height=\"720\" \/><\/a><\/p>\n<p><!--more--><\/p>\n<p>Nos \u00faltimos a\u00f1os, a midida que el virus del COVID-19 foi mutando, surdieron nueves variantes con caracter\u00edstiques particulares que captaron l&#8217;atenci\u00f3n de la comunid\u00e1 cient\u00edfica y del p\u00fablicu polo xeneral. Una d&#8217;elles foi moteyada popularmente como la variante Frankenstein\u201d, <strong>un nome que remembra la c\u00e9lebre criatura ficticia compuesta por partes de distintos cuerpos.<\/strong><\/p>\n<p>La variante *Frankenstein del COVID-19: una esploraci\u00f3n del so nome y mutaciones. Esta denominaci\u00f3n nun ye casual: f<span style=\"color: #008080\"><strong>ai referencia a la combinaci\u00f3n inusual de mutaciones provenientes de distintes variantes anteriores del virus.<\/strong><\/span> Nesta nota esquizamos por qu\u00e9 s&#8217;utiliz\u00f3 esti nome y qu\u00e9 lo fai tan significativu nel contestu de la evoluci\u00f3n del SARS-CoV-2.<\/p>\n<p><strong>Variante Frankestein: un nome esmolecedor para una combinaci\u00f3n inusual.\u00a0<\/strong>Desque empez\u00f3 la pandemia, el virus SARS-CoV-2 sufri\u00f3 numberoses mutaciones que dieron llugar a distintes variantes, delles m\u00e1s contaxoses o resistentes qu&#8217;otres. Sicas\u00ed, lo que llam\u00f3 l&#8217;atenci\u00f3n nel casu de la llamada variante Frankenstein\u201d ye<strong> la so estructura xen\u00e9tica.<\/strong><\/p>\n<p>Nun se trata a cencielles d&#8217;una evoluci\u00f3n llineal del virus, sin\u00f3n d&#8217;una combinaci\u00f3n de caracter\u00edstiques provenientes de distintes variantes anteriores, como Delta, \u00d3micron y otres. <strong>Esta fusi\u00f3n foi posible por un procesu conoc\u00edu como recombinaci\u00f3n viral.<\/strong><\/p>\n<p>El llamatu \u201cFrankenstein\u201d surde precisamente d&#8217;esi amiestu poco natural de componentes virales que, como na novela de Mary Shelley, da llugar a una \u201ccriatura\u201d nueva y potencialmente impredicible. Anque&#8217;l t\u00e9rminu nun ye oficial nin cient\u00edficu, foi adopt\u00e1u per dellos medios y especialistes para ilustrar de forma clara la complexid\u00e1 y posible peligrosid\u00e1 d&#8217;esti tipu de variantes h\u00edbrides.<\/p>\n<p><strong>Qu\u00e9 riesgos implica esta variante recombinante.\u00a0<\/strong>La principal esmolici\u00f3n \u00e9nte una variante como la \u201cFrankenstein\u201d ye que pueda heredar lo peor de ca\u00fana de los sos \u201cpartes\u201d: <span style=\"color: #008080\"><strong>una alta capacid\u00e1 d&#8217;andada, mayor resistencia a les vacunes y xuna mayor severid\u00e1 nos s\u00edntomes.<\/strong><\/span> Anque inda s&#8217;estudien los sos efectos na poblaci\u00f3n, los espertos xixilen de barganal el so comportamientu p&#8217;antemanar posibles cambeos na evoluci\u00f3n de la pandemia.<\/p>\n<p>Hasta agora, nun hai evidencia concluyente de qu&#8217;esta variante cause una enfermed\u00e1 m\u00e1s grave, pero l<strong>a so apaici\u00f3n sorraya la importancia de caltener la vixilancia epidemiol\u00f3xica y actualizar les vacunes<\/strong>. La capacid\u00e1 del virus pa entemecese y afaese sigui siendo unu de los mayores retos pal control al llargu plazu del COVID-19.<\/p>\n","protected":false},"excerpt":{"rendered":"<p>La nueva cepa del COVID-19 foi moteyada \u201cVariante Frankenstein\u201d pola so composici\u00f3n xen\u00e9tica, result\u00e1u de la combinaci\u00f3n de m\u00faltiples mutaciones de distintes variantes anteriores. Fonte: 100radios \/<\/p>\n","protected":false},"author":117,"featured_media":0,"comment_status":"closed","ping_status":"open","sticky":false,"template":"","format":"standard","meta":{"footnotes":""},"categories":[140,300,48],"tags":[],"class_list":["post-55126","post","type-post","status-publish","format-standard","hentry","category-covid-19","category-enfermedaes","category-salu"],"_links":{"self":[{"href":"https:\/\/edublog.educastur.es\/ixuxu\/wp-json\/wp\/v2\/posts\/55126","targetHints":{"allow":["GET"]}}],"collection":[{"href":"https:\/\/edublog.educastur.es\/ixuxu\/wp-json\/wp\/v2\/posts"}],"about":[{"href":"https:\/\/edublog.educastur.es\/ixuxu\/wp-json\/wp\/v2\/types\/post"}],"author":[{"embeddable":true,"href":"https:\/\/edublog.educastur.es\/ixuxu\/wp-json\/wp\/v2\/users\/117"}],"replies":[{"embeddable":true,"href":"https:\/\/edublog.educastur.es\/ixuxu\/wp-json\/wp\/v2\/comments?post=55126"}],"version-history":[{"count":2,"href":"https:\/\/edublog.educastur.es\/ixuxu\/wp-json\/wp\/v2\/posts\/55126\/revisions"}],"predecessor-version":[{"id":55128,"href":"https:\/\/edublog.educastur.es\/ixuxu\/wp-json\/wp\/v2\/posts\/55126\/revisions\/55128"}],"wp:attachment":[{"href":"https:\/\/edublog.educastur.es\/ixuxu\/wp-json\/wp\/v2\/media?parent=55126"}],"wp:term":[{"taxonomy":"category","embeddable":true,"href":"https:\/\/edublog.educastur.es\/ixuxu\/wp-json\/wp\/v2\/categories?post=55126"},{"taxonomy":"post_tag","embeddable":true,"href":"https:\/\/edublog.educastur.es\/ixuxu\/wp-json\/wp\/v2\/tags?post=55126"}],"curies":[{"name":"wp","href":"https:\/\/api.w.org\/{rel}","templated":true}]}}