{"id":55143,"date":"2025-08-08T08:37:07","date_gmt":"2025-08-08T06:37:07","guid":{"rendered":"https:\/\/edublog.educastur.es\/ixuxu\/?p=55143"},"modified":"2025-08-08T11:38:54","modified_gmt":"2025-08-08T09:38:54","slug":"el-tiempu-el-comercio-112","status":"publish","type":"post","link":"https:\/\/edublog.educastur.es\/ixuxu\/2025\/08\/el-tiempu-el-comercio-112\/","title":{"rendered":"El tiempu (El Comercio)"},"content":{"rendered":"<p style=\"text-align: center\"><a href=\"https:\/\/s1.ppllstatics.com\/elcomercio\/www\/multimedia\/2025\/08\/07\/tiempo-asturias-viernes-8-agosto-kBgF-U2302588077118HVD-1200x840@El%20Comercio.jpg\"><img loading=\"lazy\" decoding=\"async\" class=\"aligncenter size-large\" src=\"https:\/\/s1.ppllstatics.com\/elcomercio\/www\/multimedia\/2025\/08\/07\/tiempo-asturias-viernes-8-agosto-kBgF-U2302588077118HVD-1200x840@El%20Comercio.jpg\" width=\"1200\" height=\"840\" \/><\/a><\/p>\n<p>La previsi\u00f3n del tiempu n&#8217;Asturies depara para esti vienres <strong>un amanecer<\/strong> con nubes baxes en zones de la met\u00e1 norte asturiana, pero <strong>a lo llargo de la ma\u00f1ana<\/strong> van estenase pr\u00e1cticamente por completu dexando&#8217;l cielu azul en tol Princip\u00e1u. Nun se preven precipitaciones y <strong>los vientos<\/strong> van predominar de nordeste fluexos nel interior y con dalguna qu&#8217;otra racha moderada na mari\u00f1a. <strong>Les temperatures<\/strong> apenes van variar tantu nel casu de les m\u00e1ximes como nel de les m\u00ednimes. Poro, les temperatures van ser branices anque, evidentemente, llue\u00f1e de los escesivos rexistros que se t\u00e1n anotando na mayor parte del restu del pa\u00eds.<\/p>\n<p><!--more--><\/p>\n<p><strong>El s\u00e1badu<\/strong> volveremos empecipiar el d\u00eda con nubes baxes que se van dir retirando col intre de la ma\u00f1ana, anque nun se refuga que pudieren siguir presentes en puntos de la mari\u00f1a mientres el d\u00eda. Los vientos van siguir soplando de nordeste fluexos polo xeneral. Les temperatures m\u00ednimes van xubir y les m\u00e1ximes van caltenese o, llixeramente, podr\u00eden baxar nel sur de la rex\u00f3n.<\/p>\n<p><strong>El domingu<\/strong> va ser el d\u00eda m\u00e1s calorosu de la selmana con temperatures claramente percima de los 30 \u00baC nel interior asturianu. Esti calor va siguir tami\u00e9n nel empiezu de la pr\u00f3xima selmana.<\/p>\n","protected":false},"excerpt":{"rendered":"<p>La previsi\u00f3n del tiempu n&#8217;Asturies depara para esti vienres un amanecer con nubes baxes en zones de la met\u00e1 norte asturiana, pero a lo llargo de la ma\u00f1ana van estenase pr\u00e1cticamente por completu dexando&#8217;l cielu azul en tol Princip\u00e1u. Nun se preven precipitaciones y los vientos van predominar de nordeste fluexos nel interior y con [&hellip;]<\/p>\n","protected":false},"author":117,"featured_media":0,"comment_status":"closed","ping_status":"open","sticky":false,"template":"","format":"standard","meta":{"footnotes":""},"categories":[5],"tags":[],"class_list":["post-55143","post","type-post","status-publish","format-standard","hentry","category-tiempu"],"_links":{"self":[{"href":"https:\/\/edublog.educastur.es\/ixuxu\/wp-json\/wp\/v2\/posts\/55143","targetHints":{"allow":["GET"]}}],"collection":[{"href":"https:\/\/edublog.educastur.es\/ixuxu\/wp-json\/wp\/v2\/posts"}],"about":[{"href":"https:\/\/edublog.educastur.es\/ixuxu\/wp-json\/wp\/v2\/types\/post"}],"author":[{"embeddable":true,"href":"https:\/\/edublog.educastur.es\/ixuxu\/wp-json\/wp\/v2\/users\/117"}],"replies":[{"embeddable":true,"href":"https:\/\/edublog.educastur.es\/ixuxu\/wp-json\/wp\/v2\/comments?post=55143"}],"version-history":[{"count":1,"href":"https:\/\/edublog.educastur.es\/ixuxu\/wp-json\/wp\/v2\/posts\/55143\/revisions"}],"predecessor-version":[{"id":55144,"href":"https:\/\/edublog.educastur.es\/ixuxu\/wp-json\/wp\/v2\/posts\/55143\/revisions\/55144"}],"wp:attachment":[{"href":"https:\/\/edublog.educastur.es\/ixuxu\/wp-json\/wp\/v2\/media?parent=55143"}],"wp:term":[{"taxonomy":"category","embeddable":true,"href":"https:\/\/edublog.educastur.es\/ixuxu\/wp-json\/wp\/v2\/categories?post=55143"},{"taxonomy":"post_tag","embeddable":true,"href":"https:\/\/edublog.educastur.es\/ixuxu\/wp-json\/wp\/v2\/tags?post=55143"}],"curies":[{"name":"wp","href":"https:\/\/api.w.org\/{rel}","templated":true}]}}