{"id":55146,"date":"2025-08-08T12:49:14","date_gmt":"2025-08-08T10:49:14","guid":{"rendered":"https:\/\/edublog.educastur.es\/ixuxu\/?p=55146"},"modified":"2025-08-08T12:54:02","modified_gmt":"2025-08-08T10:54:02","slug":"55146","status":"publish","type":"post","link":"https:\/\/edublog.educastur.es\/ixuxu\/2025\/08\/55146\/","title":{"rendered":"Pol\u00e9mica pol rodaxe en Somiedu d&#8217;una peli"},"content":{"rendered":"<p style=\"text-align: center\"><a href=\"https:\/\/occ-0-8407-2219.1.nflxso.net\/dnm\/api\/v6\/Z-WHgqd_TeJxSuha8aZ5WpyLcX8\/AAAABT_8mnmw07ngPioKmJwzsiylClB7S99p2x947MAntA4pb2tqnmj0gJL4oB4PNTPZSjnvXLTDvLhQTRyN-2edyiTVYBveELJgGScf.jpg?r=691\"><img loading=\"lazy\" decoding=\"async\" class=\"aligncenter size-large\" src=\"https:\/\/occ-0-8407-2219.1.nflxso.net\/dnm\/api\/v6\/Z-WHgqd_TeJxSuha8aZ5WpyLcX8\/AAAABT_8mnmw07ngPioKmJwzsiylClB7S99p2x947MAntA4pb2tqnmj0gJL4oB4PNTPZSjnvXLTDvLhQTRyN-2edyiTVYBveELJgGScf.jpg?r=691\" width=\"1960\" height=\"1034\" \/><\/a><\/p>\n<p>Una superproducci\u00f3n al altor de<strong> \u2018Los xuegos de la fame\u2019<\/strong> ta rod\u00e1ndose y\u00e1 en dellos espacios naturales d&#8217;Asturies con un equipu de m\u00e1s de 300 persones, decenes de coches y camiones, y unos helic\u00f3pteros que, magar tar prohib\u00edu que sobrevuelen espacios protex\u00edos como&#8217;l Parque Natural de Somiedu, t\u00e1n utiliz\u00e1ndose para llevar a cabu&#8217;l rodaxe.<\/p>\n<ul>\n<li>Los juegos del hambre: <a href=\"https:\/\/es.wikipedia.org\/wiki\/Los_juegos_del_hambre_(pel\u00edcula)\">wiki<\/a> \/ <a href=\"https:\/\/www.filmaffinity.com\/es\/film520063.html\">ficha<\/a> \/<\/li>\n<\/ul>\n<p><!--more--><\/p>\n<p>Como yera d&#8217;esperar, el rodaxe de <strong>\u2018Amanecer na collecha \/ Sunrise on the Reaping\u2019,<\/strong> la quinta entrega de la saga, xener\u00f3 discutiniu. Ente que les autoridaes locales ven esta pel\u00edcula como una oportunid\u00e1 para \u00abpromocionar Asturies\u00bb \u2014seg\u00fan afirm\u00f3 Belarmino Fern\u00e1ndez, alcalde de Somiedu, a LaSexta\u2014, sectores ecoloxistes protestaron polos inconvenientes y l&#8217;impactu que puede tener esti rodaxe na naturaleza local.<\/p>\n<p style=\"text-align: center\"><span class=\"x193iq5w xeuugli x13faqbe x1vvkbs xt0psk2 x1i0vuye xvs91rp xo1l8bm x5n08af x10wh9bi xpm28yp x8viiok x1o7cslx x126k92a\"><span class=\"html-span xexx8yu x4uap5 x18d9i69 xkhd6sd x1hl2dhg x16tdsg8 x1vvkbs x3nfvp2 x1j61x8r x1fcty0u xdj266r xat24cr xgzva0m xhhsvwb xxymvpz xlup9mm x1kky2od\">\n<!-- iframe plugin v.6.0 wordpress.org\/plugins\/iframe\/ -->\n<iframe loading=\"lazy\" src=\"https:\/\/www.instagram.com\/reel\/DNFjDhNRpBX\/embed\" width=\"460\" height=\"530\" 0=\"\/iframe\" scrolling=\"yes\" class=\"iframe-class\" frameborder=\"0\"><\/iframe>\n<\/span><\/span><\/p>\n<p>La Coordinadora Ecoloxista d\u2019Asturies denunci\u00f3 p\u00fablicamente l&#8217;usu d&#8217;helic\u00f3pteros mientres el rodaxe, que sobrevolaron a baxu altor zones acutaes del parque&#8217;l pas\u00e1u llunes 28 de xunetu. Seg\u00fan esta organizaci\u00f3n, los vuelos us\u00e1ronse para tresportar material de grabaci\u00f3n, pero travesaron espacios protex\u00edos onde ta espresamente prohib\u00edu faelo, salvu en casos escepcionales.<\/p>\n<p>\u201cEstes molesties pueden llevar a que delles especies abandonen la zona o alterien el so comportamientu natural deb\u00edu al estr\u00e9s\u201d, afirm\u00f3 la Coordinadora nun comunic\u00e1u a los medios.<\/p>\n<p>Am\u00e1s, dellos vecinos y turistes del Valle del Llagu tuvieron que camudar los sos itinerarios habituales pola mor del rodaxe.<\/p>\n<p>Y tu, \u00bfqu\u00e9 opines d&#8217;esta noticia? \u00bfTr\u00e1tase d&#8217;una oportunid\u00e1 pa impulsar el turismu o d&#8217;una amenaza a la redolada natural?<\/p>\n<p style=\"text-align: center\"><a href=\"https:\/\/pics.filmaffinity.com\/the_hunger_games-593958523-large.jpg\"><img loading=\"lazy\" decoding=\"async\" class=\"aligncenter \" src=\"https:\/\/pics.filmaffinity.com\/the_hunger_games-593958523-large.jpg\" width=\"612\" height=\"907\" \/><\/a><\/p>\n<p style=\"text-align: center\"><a href=\"https:\/\/poptv.orange.es\/wp-content\/uploads\/sites\/3\/2020\/04\/los-juegos-del-hambre-imagen-portada.jpg\"><img loading=\"lazy\" decoding=\"async\" class=\"aligncenter size-large\" src=\"https:\/\/poptv.orange.es\/wp-content\/uploads\/sites\/3\/2020\/04\/los-juegos-del-hambre-imagen-portada.jpg\" width=\"1500\" height=\"999\" \/><\/a><\/p>\n","protected":false},"excerpt":{"rendered":"<p>Una superproducci\u00f3n al altor de \u2018Los xuegos de la fame\u2019 ta rod\u00e1ndose y\u00e1 en dellos espacios naturales d&#8217;Asturies con un equipu de m\u00e1s de 300 persones, decenes de coches y camiones, y unos helic\u00f3pteros que, magar tar prohib\u00edu que sobrevuelen espacios protex\u00edos como&#8217;l Parque Natural de Somiedu, t\u00e1n utiliz\u00e1ndose para llevar a cabu&#8217;l rodaxe. Los [&hellip;]<\/p>\n","protected":false},"author":117,"featured_media":0,"comment_status":"closed","ping_status":"open","sticky":false,"template":"","format":"standard","meta":{"footnotes":""},"categories":[299],"tags":[],"class_list":["post-55146","post","type-post","status-publish","format-standard","hentry","category-cine"],"_links":{"self":[{"href":"https:\/\/edublog.educastur.es\/ixuxu\/wp-json\/wp\/v2\/posts\/55146","targetHints":{"allow":["GET"]}}],"collection":[{"href":"https:\/\/edublog.educastur.es\/ixuxu\/wp-json\/wp\/v2\/posts"}],"about":[{"href":"https:\/\/edublog.educastur.es\/ixuxu\/wp-json\/wp\/v2\/types\/post"}],"author":[{"embeddable":true,"href":"https:\/\/edublog.educastur.es\/ixuxu\/wp-json\/wp\/v2\/users\/117"}],"replies":[{"embeddable":true,"href":"https:\/\/edublog.educastur.es\/ixuxu\/wp-json\/wp\/v2\/comments?post=55146"}],"version-history":[{"count":8,"href":"https:\/\/edublog.educastur.es\/ixuxu\/wp-json\/wp\/v2\/posts\/55146\/revisions"}],"predecessor-version":[{"id":55195,"href":"https:\/\/edublog.educastur.es\/ixuxu\/wp-json\/wp\/v2\/posts\/55146\/revisions\/55195"}],"wp:attachment":[{"href":"https:\/\/edublog.educastur.es\/ixuxu\/wp-json\/wp\/v2\/media?parent=55146"}],"wp:term":[{"taxonomy":"category","embeddable":true,"href":"https:\/\/edublog.educastur.es\/ixuxu\/wp-json\/wp\/v2\/categories?post=55146"},{"taxonomy":"post_tag","embeddable":true,"href":"https:\/\/edublog.educastur.es\/ixuxu\/wp-json\/wp\/v2\/tags?post=55146"}],"curies":[{"name":"wp","href":"https:\/\/api.w.org\/{rel}","templated":true}]}}