{"id":55147,"date":"2025-08-08T09:00:58","date_gmt":"2025-08-08T07:00:58","guid":{"rendered":"https:\/\/edublog.educastur.es\/ixuxu\/?p=55147"},"modified":"2025-08-09T10:30:10","modified_gmt":"2025-08-09T08:30:10","slug":"dia-internacional-del-gatu-4","status":"publish","type":"post","link":"https:\/\/edublog.educastur.es\/ixuxu\/2025\/08\/dia-internacional-del-gatu-4\/","title":{"rendered":"D\u00eda Internacional del Gatu"},"content":{"rendered":"<p>\u2728\ud83d\udc31 Esta fecha foi establecida en 2002 pol <strong>Fondu Internacional para&#8217;l Bienestar de los Animales (IFAW)<\/strong> \ud83d\udc3e, coles mires de xenerar conciencia sobro los derechos de los animales\u2026 \u00a1y porque ye la d\u00f3mina de mayor fertilid\u00e1 felina nel hemisferiu norte! \ud83c\udf0d Esisten otres feches nes que se celebra a los gatos: 20 de febreru y 29 d&#8217;ochobre.<\/p>\n<p style=\"text-align: center\"><span class=\"x193iq5w xeuugli x13faqbe x1vvkbs xt0psk2 x1i0vuye xvs91rp xo1l8bm x5n08af x10wh9bi xpm28yp x8viiok x1o7cslx x126k92a\"><span class=\"html-span xexx8yu x4uap5 x18d9i69 xkhd6sd x1hl2dhg x16tdsg8 x1vvkbs x3nfvp2 x1j61x8r x1fcty0u xdj266r xat24cr xgzva0m xhhsvwb xxymvpz xlup9mm x1kky2od\">\n<!-- iframe plugin v.6.0 wordpress.org\/plugins\/iframe\/ -->\n<iframe loading=\"lazy\" src=\"https:\/\/www.instagram.com\/reel\/DNGtU3OPGiZ\/embed\" width=\"460\" height=\"575\" 0=\"\/iframe\" scrolling=\"yes\" class=\"iframe-class\" frameborder=\"0\"><\/iframe>\n<\/span><\/span><\/p>\n<p><!--more--><\/p>\n<p style=\"text-align: center\">\n<!-- iframe plugin v.6.0 wordpress.org\/plugins\/iframe\/ -->\n<iframe loading=\"lazy\" src=\"https:\/\/www.facebook.com\/plugins\/post.php?href=https%3A%2F%2Fwww.facebook.com%2Fiberianwildlife1%2Fposts%2Fpfbid0UJiktyfXEyeS8n7VQMucG8cUgUhmRPudbN5jcZ8sGQrsdA6pb32MrQtZV7U9BKQal&#038;show_text=false&#038;width=500\" width=\"500\" height=\"497\" style=\"border:none;overflow:hidden\" scrolling=\"no\" frameborder=\"0\" allowfullscreen=\"true\" allow=\"autoplay; clipboard-write; encrypted-media; picture-in-picture; web-share\" 0=\"\/iframe\" class=\"iframe-class\"><\/iframe>\n<\/p>\n<p>Nel mundu hai 36 especies de f\u00e9lidos, barganal de la met\u00e1 con dalg\u00fan grau de peligru d&#8217;estinci\u00f3n.<\/p>\n<p>\ufffc<\/p>\n<p style=\"text-align: center\"><a href=\"https:\/\/pbs.twimg.com\/media\/Gx0W7IIWgAA7PWc?format=jpg&amp;name=small\"><img loading=\"lazy\" decoding=\"async\" class=\"aligncenter size-large\" src=\"https:\/\/pbs.twimg.com\/media\/Gx0W7IIWgAA7PWc?format=jpg&amp;name=small\" width=\"544\" height=\"680\" \/><\/a><\/p>\n<p>&nbsp;<\/p>\n<p>&nbsp;<\/p>\n<p>El<strong><a href=\"https:\/\/www.ifaw.org\/international\"> Fondu Internacional para&#8217;l Bienestar de los Animales (IFAW<\/a><\/strong>, poles sos sigles n&#8217;ingl\u00e9s) ye una organizaci\u00f3n internacional ensin fines d&#8217;arriquecimientu dedicada al caltenimientu del mediu ambiente y el bienestar animal. La so misi\u00f3n ye rescatar y protexer animales en tol mundu, salvaguardando poblaciones y calteniendo les sos h\u00e1bitats. IFAW trabaya por que los animales s\u00edan respetaos y protex\u00edos, buscando soluciones efectives pal so bienestar.<\/p>\n<p style=\"text-align: center\">\n<!-- iframe plugin v.6.0 wordpress.org\/plugins\/iframe\/ -->\n<iframe loading=\"lazy\" src=\"https:\/\/www.facebook.com\/plugins\/video.php?height=476&#038;href=https%3A%2F%2Fwww.facebook.com%2Fchabelavillalobos1234%2Fvideos%2F1539073430804880%2F%3Fidorvanity%3D1392564764711493&#038;show_text=false&#038;width=267&#038;t=0\" width=\"267\" height=\"476\" style=\"border:none;overflow:hidden\" scrolling=\"no\" frameborder=\"0\" allowfullscreen=\"true\" allow=\"autoplay; clipboard-write; encrypted-media; picture-in-picture; web-share\" 0=\"\/iframe\" class=\"iframe-class\"><\/iframe>\n<\/p>\n<p style=\"text-align: center\"><a href=\"https:\/\/pbs.twimg.com\/media\/F3BJfUJXIAASuyo?format=jpg&amp;name=4096x4096\"><img loading=\"lazy\" decoding=\"async\" class=\"aligncenter \" src=\"https:\/\/pbs.twimg.com\/media\/F3BJfUJXIAASuyo?format=jpg&amp;name=4096x4096\" width=\"428\" height=\"428\" \/><\/a><\/p>\n<p style=\"text-align: center\"><a href=\"https:\/\/pbs.twimg.com\/media\/Gx0XWBsXYAA1Fl1?format=jpg&amp;name=small\"><img loading=\"lazy\" decoding=\"async\" class=\"aligncenter size-large\" src=\"https:\/\/pbs.twimg.com\/media\/Gx0XWBsXYAA1Fl1?format=jpg&amp;name=small\" width=\"544\" height=\"680\" \/><\/a><\/p>\n<p style=\"text-align: center\">\n<!-- iframe plugin v.6.0 wordpress.org\/plugins\/iframe\/ -->\n<iframe loading=\"lazy\" src=\"https:\/\/www.facebook.com\/plugins\/post.php?href=https%3A%2F%2Fwww.facebook.com%2FRoyGallardoCartoon%2Fposts%2Fpfbid0KFJxnhzh1yg8j14BpK3MGqt14DDNFNbcEvyyqwhZmvD2Evg3itajbM4mbiEe3RaRl&#038;show_text=false&#038;width=500\" width=\"500\" height=\"498\" style=\"border:none;overflow:hidden\" scrolling=\"no\" frameborder=\"0\" allowfullscreen=\"true\" allow=\"autoplay; clipboard-write; encrypted-media; picture-in-picture; web-share\" 0=\"\/iframe\" class=\"iframe-class\"><\/iframe>\n<\/p>\n","protected":false},"excerpt":{"rendered":"<p>\u2728\ud83d\udc31 Esta fecha foi establecida en 2002 pol Fondu Internacional para&#8217;l Bienestar de los Animales (IFAW) \ud83d\udc3e, coles mires de xenerar conciencia sobro los derechos de los animales\u2026 \u00a1y porque ye la d\u00f3mina de mayor fertilid\u00e1 felina nel hemisferiu norte! \ud83c\udf0d Esisten otres feches nes que se celebra a los gatos: 20 de febreru y [&hellip;]<\/p>\n","protected":false},"author":117,"featured_media":0,"comment_status":"closed","ping_status":"open","sticky":false,"template":"","format":"standard","meta":{"footnotes":""},"categories":[6],"tags":[],"class_list":["post-55147","post","type-post","status-publish","format-standard","hentry","category-dia-de"],"_links":{"self":[{"href":"https:\/\/edublog.educastur.es\/ixuxu\/wp-json\/wp\/v2\/posts\/55147","targetHints":{"allow":["GET"]}}],"collection":[{"href":"https:\/\/edublog.educastur.es\/ixuxu\/wp-json\/wp\/v2\/posts"}],"about":[{"href":"https:\/\/edublog.educastur.es\/ixuxu\/wp-json\/wp\/v2\/types\/post"}],"author":[{"embeddable":true,"href":"https:\/\/edublog.educastur.es\/ixuxu\/wp-json\/wp\/v2\/users\/117"}],"replies":[{"embeddable":true,"href":"https:\/\/edublog.educastur.es\/ixuxu\/wp-json\/wp\/v2\/comments?post=55147"}],"version-history":[{"count":7,"href":"https:\/\/edublog.educastur.es\/ixuxu\/wp-json\/wp\/v2\/posts\/55147\/revisions"}],"predecessor-version":[{"id":55326,"href":"https:\/\/edublog.educastur.es\/ixuxu\/wp-json\/wp\/v2\/posts\/55147\/revisions\/55326"}],"wp:attachment":[{"href":"https:\/\/edublog.educastur.es\/ixuxu\/wp-json\/wp\/v2\/media?parent=55147"}],"wp:term":[{"taxonomy":"category","embeddable":true,"href":"https:\/\/edublog.educastur.es\/ixuxu\/wp-json\/wp\/v2\/categories?post=55147"},{"taxonomy":"post_tag","embeddable":true,"href":"https:\/\/edublog.educastur.es\/ixuxu\/wp-json\/wp\/v2\/tags?post=55147"}],"curies":[{"name":"wp","href":"https:\/\/api.w.org\/{rel}","templated":true}]}}