{"id":55161,"date":"2025-08-08T12:09:08","date_gmt":"2025-08-08T10:09:08","guid":{"rendered":"https:\/\/edublog.educastur.es\/ixuxu\/?p=55161"},"modified":"2025-08-08T12:09:08","modified_gmt":"2025-08-08T10:09:08","slug":"que-faer-nasturies","status":"publish","type":"post","link":"https:\/\/edublog.educastur.es\/ixuxu\/2025\/08\/que-faer-nasturies\/","title":{"rendered":"Qu\u00e9 faer n&#8217;Asturies&#8230;"},"content":{"rendered":"<p>L&#8217;axenda festiva d&#8217;Asturies, atarraquitao esta fin de selmana. La segunda fin de selmana de agostu llega con infinid\u00e1 de planes para tolos gustos y dalgunes de les fiestes m\u00e1s multitudinaries del a\u00f1u nel Princip\u00e1u.<\/p>\n<p style=\"text-align: center\"><a href=\"https:\/\/s3.ppllstatics.com\/elcomercio\/www\/multimedia\/2025\/08\/07\/planes-kBAC-U2302583796563rv-1200x840@El%20Comercio.jpg\"><img loading=\"lazy\" decoding=\"async\" class=\"aligncenter size-large\" src=\"https:\/\/s3.ppllstatics.com\/elcomercio\/www\/multimedia\/2025\/08\/07\/planes-kBAC-U2302583796563rv-1200x840@El%20Comercio.jpg\" width=\"1200\" height=\"840\" \/><\/a><\/p>\n<p><!--more--><br \/>\nAnque non toes incl\u00fayanse nesti testu, nun hai nenguna intenci\u00f3n d&#8217;ignorar les munches fiestes y festexos patronales qu&#8217;estos d\u00edes animen Asturies d&#8217;un estremu a otru; tampoco, de dexar a un llau les numberoses actividaes qu&#8217;ufierten los museos y otros equipamientos culturales de la rex\u00f3n (la mayor\u00eda, a \u00e9stes empobinaes a los m\u00e1s pequenos); y, poques gracies, nun se quier desincentivar a naide qu&#8217;entame esfrutar del ociu al campu.<\/p>\n<p>Pero ye que<strong> l&#8217;axenda d&#8217;esta segunda fin de selmana de agostu ta atarraquitao<\/strong> y, por si fora poco, incl\u00fai dalgunes de les fiestes m\u00e1s multitudinaries del a\u00f1u n&#8217;Asturies. <strong>La principal, el Descensu Internacional del Sella.<\/strong><\/p>\n<p style=\"text-align: center\"><span style=\"color: #008080\"><strong>6 &#8211; 9 d&#8217;agostu: Les Arriondes y Ribesella \/ Descensu del Sella <\/strong><\/span><\/p>\n<p>Al marxe de la gran competici\u00f3n deportiva del s\u00e1badu, d\u00eda 9, la Fiesta de les Pirag\u00fces y les numberoses actividaes entamaes en redol a esta gran cita d&#8217;Inter\u00e9s Tur\u00edsticu Internacional animen y\u00e1 Les Arriondes y Ribesella. Verbenes y xuegos infantiles, charres y presentaciones, mercadinos y muncho m\u00e1s preludien y acompa\u00f1en a la competici\u00f3n.<\/p>\n<p style=\"text-align: center\">\n<span style=\"color: #008080\"><strong>7 &#8211; 10 \/ Pravia Xiring\u00fcelu<\/strong><\/span><\/p>\n<p>Pero esta nun ye la \u00fanica gran cita de la fin de selmana en Asturies. El domingu, d\u00eda 10, Pravia va ser el dest\u00edn de miles de romeros que van enllenar el prau Salc\u00e9u pa vivir la gran fiesta del Xiring\u00fcelu, que&#8217;l so programa festivu empieza esti xueves. El Xirinfantil, verbenes, la cena de les pe\u00f1es y muncho m\u00e1s va animar l&#8217;ambiente hasta la ma\u00f1ana del domingu, cuando va empezar la romer\u00eda.<\/p>\n<p style=\"text-align: center\"><span style=\"color: #008080\"><strong>7 -10 \/ Navia Descensu de la r\u00eda de Navia<\/strong><\/span><\/p>\n<p>Otra parada destacada na ruta festiva d&#8217;Asturies pa esta fin de selmana ta en Navia, que celebra&#8217;l so Descensu a nadu de la r\u00eda de Navia. El preg\u00f3n y la proclamaci\u00f3n de la reina y dames abren esti xueves 7 un programa l\u00fadicu que va rematar el domingu cola gran competici\u00f3n de nataci\u00f3n n&#8217;ag\u00fces abiertes.<\/p>\n<p style=\"text-align: center\"><span style=\"color: #008080\"><strong>Hasta&#8217;l d\u00eda 9 Navelgas (Tin\u00e9u) Mundial de Bateo d&#8217;Oru <\/strong><\/span><\/p>\n<p>Tami\u00e9n dest\u00edn tur\u00edsticu y cultural de primer orde ye estos d\u00edes Navelgas, nel conceyu de Tin\u00e9u, onde sigui apost\u00e1ndose&#8217;l Campeonatu Mundial de Bateo d&#8217;Oru, que rexunt\u00f3 na villa cuartana a mediu millar de bateadores atra\u00edos por esta singular y risondera fiebre del oru.<\/p>\n<p style=\"text-align: center\"><strong><span style=\"color: #008080\">Hasta&#8217;l d\u00eda 17 Xix\u00f3n \/<\/span> Selmana Grande<\/strong><\/p>\n<p>Xix\u00f3n merez un cap\u00edtulu aparte. Per un sitiu, porque llega al so ecuador el gran certame comercial y d&#8217;ociu que ye la Feria Internacional d&#8217;Amueses d&#8217;Asturies; por otru, porque empieza la Selmana Grande.<\/p>\n<p>El vienres 8, a les 21 hores, l&#8217;artista Mina Longo va lleer el preg\u00f3n col van empezar oficialmente los festexos. Al respective de los conciertos previstos, unu de los grandes curiosos d&#8217;esta cita veraniega, destaquen Los Secretos (vienres 8, 23 hores), Antonio Jos\u00e9 (s\u00e1badu 9, 23 hores), Mojinos *scoz\u00edos (domingu 10, 21 hores) y Don Patriciu (domingu 10, 23 hores).<\/p>\n<p>Y, am\u00e1s, y\u00e1 abrieron les casetes del Pas\u00e9u Gastro qu&#8217;animen tantu&#8217;l Pas\u00e9u de Bego\u00f1a como la redolada del puertu Deportivu.<\/p>\n<p>Noticia rellacionada Les<br \/>\nfiestes d&#8217;esta fin de selmana en Xix\u00f3n: *Deva, Fregadures, *Bateao, *Fano y La Providencia tomen el testigu 7<br \/>\n&#8211; 10 de #agosto Cangas, Tapia, *Cand\u00e1s, Lluanco, Salinas&#8230;<br \/>\n*Prestoso *Fest, *Fido, Lluanco al Mar y muncha m\u00e1s m\u00fasica Quien<br \/>\nbusquen esfrutar de la m\u00fasica en directu tami\u00e9n van tener \u00f3nde escoyer, tanto pol llugar como pol estilu musical. El Festival de *Gaites Villa de *Xix\u00f3n y el Festival Interc\u00e9lticu d&#8217;Occidente (*Fido) de Tapia ufierten la m\u00fasica y bailles tradicionales y d&#8217;inspiraci\u00f3n celta, ente que *Cand\u00e1s y Lluanco faen la so propia invitaci\u00f3n a esfrutar del jazz y de los primeros conciertos del festival Lluanco al Mar; pela so parte, Cangas, col *Prestoso *Fest, y Salinas, col *Ewan, sirven la combinaci\u00f3n perfecta de m\u00fasica *indie y naturaleza, de la que Xix\u00f3n #apurrir al pianu nuna nueva edici\u00f3n del Festival Internacional de Pianu, qu&#8217;empieza&#8217;l domingu.<\/p>\n<p>Quien prefieran m\u00fasica en teatru, dos encamientos: el musical de la Pantasma de la \u00d3pera, que llega esti vienres al Teatru Xovellanos de Xix\u00f3n, y el Festival de M\u00fasica *Horacio *Icasto de Navia, que pal mesmu d\u00eda 8 tien program\u00e1u&#8217;l so segundu conciertu. Y quien s&#8217;inclinen por un formatu que *a\u00fana m\u00fasica y arte visual, el Festival *Adar ufierta actividaes hasta&#8217;l d\u00eda 17 en distintos puntos d&#8217;Asturies. Les entraes pa los espect\u00e1culos previstos pa estos d\u00edes nel monesteriu de San *Antol\u00edn de *Bed\u00f3n t\u00e1n escosaes, pero ent\u00e1 pueden #acutar los pases gratuitos pa esfrutar del Pas\u00e9u sonoru&#8217; en Lleiguarda, en *Belmonte (s\u00e1badu 9, 21.30 hores).<\/p>\n<p>7 -11 de #agosto<br \/>\nFiestes patronales<br \/>\nLa ufierta d&#8217;actividaes d&#8217;ociu pa esta fin de selmana paez nun acabar ya incl\u00fai fiestes populares en numberosos pueblos d&#8217;Asturies. Una de les m\u00e1s conoc\u00edes son les de San F\u00e9lix en *Valdesoto, nel conceyu de Siero, que van tener el so momentu *\u00e1lgido el llunes, d\u00eda 11, col so popular desfile de xarr\u00e9s.<\/p>\n<p>Tami\u00e9n en Llanes calecen motores pa una de les sos grandes fiestes del branu, San *Roque; esti fin de selmana #facer cola gran *jira nel parque de *Pancar, prevista pal s\u00e1badu a les 19 *hoas.<\/p>\n<p>Mercaos tradicionales<br \/>\nEsta llista l\u00fadica y d&#8217;ociu incl\u00fai tami\u00e9n mercaos de *agroalimentaci\u00f3n y artesan\u00eda como&#8217;l *Feir\u00f3n de Branu de Grandas de Salime (domingu 10, dende les 11 hores), qu&#8217;incl\u00fai actividaes pa tolos p\u00fablicos; el *Merc\u00e1u *Tradiconal de Llastres, que se va celebrar ente los d\u00edes 8 y 11 y tami\u00e9n completa la ufierta comercial con un programa cultural; el *Merc\u00e1u del Occidente, que va tener llugar en *Cadavedo el domingu 10, de 11 a 14.30 hores; y El Tenderete, que se va celebrar el mesmu domingu en Santolaya de Cabranes y va rematar con un conciertu de Prieto Pic\u00e1u y un micro abiertu.<\/p>\n<p>7 &#8211; 10 de #agosto<br \/>\n#Agenda gastron\u00f3mica Y,<br \/>\npol so puestu, hai propuestes gastron\u00f3miques pa compartir y esfrutar. Am\u00e1s del Pas\u00e9u *Gastro de Xix\u00f3n, el Festival de la Cerveza d&#8217;Avil\u00e9s ye otru de los planes que, de xuru, va tener una gran arribaci\u00f3n de p\u00fablicu. Pero nun va ser l&#8217;\u00fanicu. A lo \u00faltimo, ent\u00e1 hai munches m\u00e1s entraes na axenda d&#8217;ociu d&#8217;Asturies.<\/p>\n","protected":false},"excerpt":{"rendered":"<p>L&#8217;axenda festiva d&#8217;Asturies, atarraquitao esta fin de selmana. La segunda fin de selmana de agostu llega con infinid\u00e1 de planes para tolos gustos y dalgunes de les fiestes m\u00e1s multitudinaries del a\u00f1u nel Princip\u00e1u.<\/p>\n","protected":false},"author":117,"featured_media":0,"comment_status":"closed","ping_status":"open","sticky":false,"template":"","format":"standard","meta":{"footnotes":""},"categories":[21],"tags":[],"class_list":["post-55161","post","type-post","status-publish","format-standard","hentry","category-fiestes"],"_links":{"self":[{"href":"https:\/\/edublog.educastur.es\/ixuxu\/wp-json\/wp\/v2\/posts\/55161","targetHints":{"allow":["GET"]}}],"collection":[{"href":"https:\/\/edublog.educastur.es\/ixuxu\/wp-json\/wp\/v2\/posts"}],"about":[{"href":"https:\/\/edublog.educastur.es\/ixuxu\/wp-json\/wp\/v2\/types\/post"}],"author":[{"embeddable":true,"href":"https:\/\/edublog.educastur.es\/ixuxu\/wp-json\/wp\/v2\/users\/117"}],"replies":[{"embeddable":true,"href":"https:\/\/edublog.educastur.es\/ixuxu\/wp-json\/wp\/v2\/comments?post=55161"}],"version-history":[{"count":1,"href":"https:\/\/edublog.educastur.es\/ixuxu\/wp-json\/wp\/v2\/posts\/55161\/revisions"}],"predecessor-version":[{"id":55162,"href":"https:\/\/edublog.educastur.es\/ixuxu\/wp-json\/wp\/v2\/posts\/55161\/revisions\/55162"}],"wp:attachment":[{"href":"https:\/\/edublog.educastur.es\/ixuxu\/wp-json\/wp\/v2\/media?parent=55161"}],"wp:term":[{"taxonomy":"category","embeddable":true,"href":"https:\/\/edublog.educastur.es\/ixuxu\/wp-json\/wp\/v2\/categories?post=55161"},{"taxonomy":"post_tag","embeddable":true,"href":"https:\/\/edublog.educastur.es\/ixuxu\/wp-json\/wp\/v2\/tags?post=55161"}],"curies":[{"name":"wp","href":"https:\/\/api.w.org\/{rel}","templated":true}]}}