{"id":55169,"date":"2025-08-08T12:23:09","date_gmt":"2025-08-08T10:23:09","guid":{"rendered":"https:\/\/edublog.educastur.es\/ixuxu\/?p=55169"},"modified":"2025-08-08T12:23:09","modified_gmt":"2025-08-08T10:23:09","slug":"coleccionable-de-lne-la-sidra-asturiano-patrimoniu-mundial","status":"publish","type":"post","link":"https:\/\/edublog.educastur.es\/ixuxu\/2025\/08\/coleccionable-de-lne-la-sidra-asturiano-patrimoniu-mundial\/","title":{"rendered":"Coleccionable de LNE: \u00abLa sidra asturiano, patrimoniu mundial\u00bb"},"content":{"rendered":"<ul>\n<li><a href=\"https:\/\/www.lne.es\/asturias\/2025\/08\/08\/sidra-vive-gran-ano-nueva-120445273.html?sfnsn=scwspmo&amp;fbclid=IwY2xjawMCrWdleHRuA2FlbQIxMQABHrLIx-f4rMOhepHddczSZjeBv1d7su8rEG_dm_t4SmmnBFJqX4JRgXz9ErTu_aem_dCgTMEnp804T8EI9m1l1ZQ\"> Presentaci\u00f3n del coleccionable de LA NUEVA ESPA\u00d1A<\/a> \u00abLa sidra asturiano, patrimoniu mundial\u00bb, cinco llibros que desentra\u00f1en el treme cultural forx\u00e1u en redol a la b\u00e9bora aut\u00f3ctono de la rex\u00f3n.<\/li>\n<li>Los cinco llibros van distribuyise de manera conxunta col peri\u00f3dicu<strong> nos pr\u00f3ximos cinco domingos \u2013dende&#8217;l 10 d&#8217;agostu hasta&#8217;l 8 de setiembre\u2013, al preciu unitariu de 6,95 euros.<\/strong><\/li>\n<\/ul>\n<p style=\"text-align: center\"><a href=\"https:\/\/estaticos-cdn.prensaiberica.es\/clip\/bf387681-c50b-4425-829d-6d82f7c22428_source-aspect-ratio_default_0.jpg\"><img loading=\"lazy\" decoding=\"async\" class=\"aligncenter size-large\" src=\"https:\/\/estaticos-cdn.prensaiberica.es\/clip\/bf387681-c50b-4425-829d-6d82f7c22428_source-aspect-ratio_default_0.jpg\" width=\"2000\" height=\"1333\" \/><\/a><\/p>\n<p><!--more--><\/p>\n<p style=\"text-align: center\"><a href=\"https:\/\/estaticos-cdn.prensaiberica.es\/clip\/db97e32b-e7da-40fd-b710-4a38b687a1d6_source-aspect-ratio_default_0.jpg\"><img loading=\"lazy\" decoding=\"async\" class=\"aligncenter size-large\" src=\"https:\/\/estaticos-cdn.prensaiberica.es\/clip\/db97e32b-e7da-40fd-b710-4a38b687a1d6_source-aspect-ratio_default_0.jpg\" width=\"2000\" height=\"1333\" \/><\/a><\/p>\n<p>&nbsp;<\/p>\n<p style=\"text-align: center\"><a href=\"https:\/\/estaticos-cdn.prensaiberica.es\/clip\/f8f5d913-ceda-42e6-99a5-80d0dcfbf46f_source-aspect-ratio_default_0.jpg\"><img loading=\"lazy\" decoding=\"async\" class=\"aligncenter size-large\" src=\"https:\/\/estaticos-cdn.prensaiberica.es\/clip\/f8f5d913-ceda-42e6-99a5-80d0dcfbf46f_source-aspect-ratio_default_0.jpg\" width=\"2000\" height=\"1333\" \/><\/a><\/p>\n<p style=\"text-align: center\"><a href=\"https:\/\/estaticos-cdn.prensaiberica.es\/clip\/bfa7ff82-8158-44fc-b001-f78dcc4d8391_source-aspect-ratio_default_0.jpg\"><img loading=\"lazy\" decoding=\"async\" class=\"aligncenter size-large\" src=\"https:\/\/estaticos-cdn.prensaiberica.es\/clip\/bfa7ff82-8158-44fc-b001-f78dcc4d8391_source-aspect-ratio_default_0.jpg\" width=\"2000\" height=\"1333\" \/><\/a><\/p>\n<p><a href=\"https:\/\/estaticos-cdn.prensaiberica.es\/clip\/c09e504b-4ea3-4aa0-88f1-2add365c2929_source-aspect-ratio_default_0.jpg\"><img loading=\"lazy\" decoding=\"async\" class=\"aligncenter size-large\" src=\"https:\/\/estaticos-cdn.prensaiberica.es\/clip\/c09e504b-4ea3-4aa0-88f1-2add365c2929_source-aspect-ratio_default_0.jpg\" width=\"2000\" height=\"1333\" \/><\/a><\/p>\n<p><strong>\u00abEl caldu de cultivu\u00bb<\/strong>, primer llibru de los cinco que componen el coleccionable \u00abLa sidra asturiano, patrimoniu mundial\u00bb, llega a los quioscos esti domingu. La entrega inicial, subtitulada <strong>\u00abapuntes para una hestoria sidrera d&#8217;Asturies\u00bb<\/strong>, repasa la trayectoria hist\u00f3rica m\u00e1s que milenaria de la b\u00e9bora ic\u00f3nica asturiana. El restu de los llibros va apurrise col peri\u00f3dicu del d\u00eda los domingos siguientes, a raz\u00f3n d&#8217;unu cada fin de selmana.<\/p>\n<p style=\"text-align: center\"><a href=\"https:\/\/tpc.googlesyndication.com\/simgad\/16713350432001691481\"><img loading=\"lazy\" decoding=\"async\" class=\"aligncenter size-large\" src=\"https:\/\/tpc.googlesyndication.com\/simgad\/16713350432001691481\" width=\"300\" height=\"600\" \/><\/a><\/p>\n<p>&nbsp;<\/p>\n","protected":false},"excerpt":{"rendered":"<p>Presentaci\u00f3n del coleccionable de LA NUEVA ESPA\u00d1A \u00abLa sidra asturiano, patrimoniu mundial\u00bb, cinco llibros que desentra\u00f1en el treme cultural forx\u00e1u en redol a la b\u00e9bora aut\u00f3ctono de la rex\u00f3n. Los cinco llibros van distribuyise de manera conxunta col peri\u00f3dicu nos pr\u00f3ximos cinco domingos \u2013dende&#8217;l 10 d&#8217;agostu hasta&#8217;l 8 de setiembre\u2013, al preciu unitariu de 6,95 [&hellip;]<\/p>\n","protected":false},"author":117,"featured_media":0,"comment_status":"closed","ping_status":"open","sticky":false,"template":"","format":"standard","meta":{"footnotes":""},"categories":[156],"tags":[],"class_list":["post-55169","post","type-post","status-publish","format-standard","hentry","category-sidre"],"_links":{"self":[{"href":"https:\/\/edublog.educastur.es\/ixuxu\/wp-json\/wp\/v2\/posts\/55169","targetHints":{"allow":["GET"]}}],"collection":[{"href":"https:\/\/edublog.educastur.es\/ixuxu\/wp-json\/wp\/v2\/posts"}],"about":[{"href":"https:\/\/edublog.educastur.es\/ixuxu\/wp-json\/wp\/v2\/types\/post"}],"author":[{"embeddable":true,"href":"https:\/\/edublog.educastur.es\/ixuxu\/wp-json\/wp\/v2\/users\/117"}],"replies":[{"embeddable":true,"href":"https:\/\/edublog.educastur.es\/ixuxu\/wp-json\/wp\/v2\/comments?post=55169"}],"version-history":[{"count":1,"href":"https:\/\/edublog.educastur.es\/ixuxu\/wp-json\/wp\/v2\/posts\/55169\/revisions"}],"predecessor-version":[{"id":55170,"href":"https:\/\/edublog.educastur.es\/ixuxu\/wp-json\/wp\/v2\/posts\/55169\/revisions\/55170"}],"wp:attachment":[{"href":"https:\/\/edublog.educastur.es\/ixuxu\/wp-json\/wp\/v2\/media?parent=55169"}],"wp:term":[{"taxonomy":"category","embeddable":true,"href":"https:\/\/edublog.educastur.es\/ixuxu\/wp-json\/wp\/v2\/categories?post=55169"},{"taxonomy":"post_tag","embeddable":true,"href":"https:\/\/edublog.educastur.es\/ixuxu\/wp-json\/wp\/v2\/tags?post=55169"}],"curies":[{"name":"wp","href":"https:\/\/api.w.org\/{rel}","templated":true}]}}