{"id":55171,"date":"2025-08-08T12:29:46","date_gmt":"2025-08-08T10:29:46","guid":{"rendered":"https:\/\/edublog.educastur.es\/ixuxu\/?p=55171"},"modified":"2025-08-11T23:41:11","modified_gmt":"2025-08-11T21:41:11","slug":"la-imaxe-del-salvador-repon-los-sos-colores-goticos-y-les-sos-lletres-narabe","status":"publish","type":"post","link":"https:\/\/edublog.educastur.es\/ixuxu\/2025\/08\/la-imaxe-del-salvador-repon-los-sos-colores-goticos-y-les-sos-lletres-narabe\/","title":{"rendered":"La imaxe del Salvador repon los sos colores g\u00f3ticos y les sos lletres n&#8217;\u00e1rabe"},"content":{"rendered":"<p><strong>La imaxe del Salvador de la Catedral d&#8217;Uvi\u00e9u repon los sos colores g\u00f3ticos y les sos lletres n&#8217;\u00e1rabe.<\/strong> La eliminaci\u00f3n de los repintes de la imaxe dexa afayar decoraciones vexetales y grabaos flamencos na talla, que recupera la cruz del orbe.<\/p>\n<p style=\"text-align: center\"><a href=\"https:\/\/estaticos-cdn.prensaiberica.es\/clip\/81e1bbb2-dda3-45bb-97ef-b1ac8ffb9ab1_16-9-aspect-ratio_default_0.webp\"><img loading=\"lazy\" decoding=\"async\" class=\"aligncenter size-large\" src=\"https:\/\/estaticos-cdn.prensaiberica.es\/clip\/81e1bbb2-dda3-45bb-97ef-b1ac8ffb9ab1_16-9-aspect-ratio_default_0.webp\" width=\"880\" height=\"495\" \/><\/a><br \/>\n<em>Ant\u00f3n Garc\u00eda, Jes\u00fas Pures y Otilia Requejo, <\/em><br \/>\n<em>\u00e9nte la restaurada imaxe del Se\u00f1or de la Catedral. | MIKI L\u00d3PEZ<\/em><\/p>\n<p>La t\u00fanica recuper\u00f3&#8217;l so azul orixinal y la so sutil decoraci\u00f3n con fueyes d&#8217;hiedra, el mantu vuelve ser color\u00e1u, l&#8217;orbe ta presid\u00edu de nuevu pola cruz y pueden apreciase los grabaos d&#8217;orixe flamencu y les lletres n&#8217;\u00e1rabe. Estos son dalgunos de les resultancies de la restauraci\u00f3n que sufri\u00f3 la imaxe del Salvador; aquella que tienen de visitar tolos pelegrinos antes d&#8217;empecipiar el Cam\u00edn Primitivu y que s&#8217;alluga a la derecha del presbiteriu. Agora tami\u00e9n puede dicise daqu\u00e9 m\u00e1s sobre&#8217;l so orixe: <strong>\u00abYe una escultura trecentista, d&#8217;ente&#8217;l sieglu XIV y el sieglu siguiente, y ta venceyada a les primeres estructures de la f\u00e1brica g\u00f3tica\u00bb.<\/strong><\/p>\n<p><!--more--><\/p>\n<p>Ma\u00f1ana va celebrase la fiesta de la Tresfiguraci\u00f3n del Se\u00f1or y l&#8217;imaxe va arrodiase de llor\u00e9u, anque l&#8217;allugamientu va ser distinta pa nun estropiar los trabayos fechos polos restauradores Chus Pures y Emilia Fern\u00e1ndez.<\/p>\n<p>Dambos intervinieron na imaxe mientres unos dos meses pa devolvela a los sos or\u00edxenes gracies a la inversi\u00f3n fecha pol Cabildru col dineru recald\u00e1u de les entraes de los visitantes a la \u00abSancta Ovetensis\u00bb. Nesti tiempu los espertos esaniciaron los repintes \u00abporque, pr\u00e1cticamente, tanto&#8217;l soporte pedr\u00e9s como tola base de la policrom\u00eda t\u00e1n en bon est\u00e1u\u00bb, seg\u00fan sorray\u00f3 Pures mientres la presentaci\u00f3n de los trabayos nun actu que tuvo llugar nel mediud\u00eda d&#8217;ayeri na Catedral cola presencia del de\u00e1n, Benito Gallego, y el xeneral d&#8217;Acci\u00f3n Cultural y Normalizaci\u00f3n Lling\u00fc\u00edstica, Ant\u00f3n Garc\u00eda.<\/p>\n<p>Pures foi esbillando detalle per detalle. La eliminaci\u00f3n del repinte de la primer met\u00e1 del sieglu XIX dex\u00f3 recuperar l&#8217;azul orixinal de la t\u00fanica y esaniciar el collor\u00e1u que s&#8217;a\u00f1edi\u00f3 dempu\u00e9s. Un pasu que dex\u00f3 afayar una \u00abdecoraci\u00f3n bien sutil de fueyes d&#8217;hiedra que tienen un calter bien marc\u00e1u, el de la resurrecci\u00f3n y l&#8217;eternid\u00e1 divina\u00bb. \u00abSon elementos bien simb\u00f3licos nel g\u00f3ticu\u00bb. Tami\u00e9n s&#8217;afay\u00f3 que&#8217;l viesu de la tela ye naranxa. \u00abNun lo fixeron porque s\u00ed; ye un color que destaca enforma porque, am\u00e1s, la teor\u00eda del color nesi momentu nun esist\u00eda, pero sab\u00eden qu\u00e9 colores destacaben\u00bb.<\/p>\n<p style=\"text-align: center\"><a href=\"https:\/\/www.lne.es\/estaticos\/graficos\/img\/1754332944-cambios-imagen-salvador_3.jpg\"><img loading=\"lazy\" decoding=\"async\" class=\"aligncenter size-large\" src=\"https:\/\/www.lne.es\/estaticos\/graficos\/img\/1754332944-cambios-imagen-salvador_3.jpg\" width=\"1180\" height=\"1408\" \/><\/a><\/p>\n<p><a href=\"https:\/\/www.lne.es\/oviedo\/2025\/08\/05\/salvador-catedral-recobra-colores-goticos-120356372.html?utm_content=imagen&amp;utm_medium=social&amp;utm_campaign=echobox&amp;utm_source=Facebook&amp;fbclid=IwY2xjawMCr6dleHRuA2FlbQIxMABicmlkETFvOXg2Z0g4Qmp3SnpxVjNhAR7JirjF9x9o3PeONZPvJMNQ8-TqCh_E1h7qro_sjRxZQuwpodOgARy_aR_9xg_aem_NpvO6v3jD1o3C8TZHZEa_Q#Echobox=1754375036\">VER LNE<\/a> \/ Pela so parte, el collor\u00e1u del mantu ye sulfuru de mercuriu y otra de les grandes novedaes ye qu&#8217;el orbe nun yera como se ve na actualid\u00e1. \u00abTen\u00eda un color malaquita o azulita qu&#8217;asonsa\u00f1aba la tresparencia. Esto ye, el color qu&#8217;ellos interpretaben como&#8217;l cosmos\u00bb. De forma paralela, recuper\u00f3 la so cruz.<\/p>\n<p>Tami\u00e9n consta la imaxe d&#8217;una serie de grabaos que fueron despintaos colos repintes y, agora, recuper\u00e1ronse, pero son \u00abdif\u00edciles de ver porque t\u00e1n escurec\u00edos y bien deterioraos\u00bb. \u00abSon brocados aplicaos; esta ye una t\u00e9cnica bien esquisita d&#8217;orixe flamencu y datense ente&#8217;l segundu terciu del sieglu XIV y el segundu terciu del sieglu siguiente\u00bb, esplic\u00f3 Pures. Sicas\u00ed, utilizaron cera de resina que perdura bien poco nel tiempu.<\/p>\n<div dir=\"auto\">Va unos d\u00edes volvimos contemplar la figura d&#8217;El Salvador na Catedral d&#8217;Uvi\u00e9u (Asturies-Espa\u00f1a) una vegada realizaes los llabores de restauraci\u00f3n para recuperar los colores orixinales y los sos detalles. Asina lluz agora y na \u00faltima semeya como taba antes.<\/div>\n<div dir=\"auto\"><\/div>\n<div dir=\"auto\" style=\"text-align: center\">\n<!-- iframe plugin v.6.0 wordpress.org\/plugins\/iframe\/ -->\n<iframe loading=\"lazy\" src=\"https:\/\/www.facebook.com\/plugins\/post.php?href=https%3A%2F%2Fwww.facebook.com%2Fphoto.php%3Ffbid%3D1103670721860010%26set%3Da.440280241532398%26type%3D3&#038;show_text=false&#038;width=500\" width=\"500\" height=\"722\" style=\"border:none;overflow:hidden\" scrolling=\"no\" frameborder=\"0\" allowfullscreen=\"true\" allow=\"autoplay; clipboard-write; encrypted-media; picture-in-picture; web-share\" 0=\"\/iframe\" class=\"iframe-class\"><\/iframe>\n<\/div>\n<div dir=\"auto\"><\/div>\n","protected":false},"excerpt":{"rendered":"<p>La imaxe del Salvador de la Catedral d&#8217;Uvi\u00e9u repon los sos colores g\u00f3ticos y les sos lletres n&#8217;\u00e1rabe. La eliminaci\u00f3n de los repintes de la imaxe dexa afayar decoraciones vexetales y grabaos flamencos na talla, que recupera la cruz del orbe. Ant\u00f3n Garc\u00eda, Jes\u00fas Pures y Otilia Requejo, \u00e9nte la restaurada imaxe del Se\u00f1or de [&hellip;]<\/p>\n","protected":false},"author":117,"featured_media":0,"comment_status":"closed","ping_status":"open","sticky":false,"template":"","format":"standard","meta":{"footnotes":""},"categories":[1],"tags":[],"class_list":["post-55171","post","type-post","status-publish","format-standard","hentry","category-sin-categoria"],"_links":{"self":[{"href":"https:\/\/edublog.educastur.es\/ixuxu\/wp-json\/wp\/v2\/posts\/55171","targetHints":{"allow":["GET"]}}],"collection":[{"href":"https:\/\/edublog.educastur.es\/ixuxu\/wp-json\/wp\/v2\/posts"}],"about":[{"href":"https:\/\/edublog.educastur.es\/ixuxu\/wp-json\/wp\/v2\/types\/post"}],"author":[{"embeddable":true,"href":"https:\/\/edublog.educastur.es\/ixuxu\/wp-json\/wp\/v2\/users\/117"}],"replies":[{"embeddable":true,"href":"https:\/\/edublog.educastur.es\/ixuxu\/wp-json\/wp\/v2\/comments?post=55171"}],"version-history":[{"count":3,"href":"https:\/\/edublog.educastur.es\/ixuxu\/wp-json\/wp\/v2\/posts\/55171\/revisions"}],"predecessor-version":[{"id":55486,"href":"https:\/\/edublog.educastur.es\/ixuxu\/wp-json\/wp\/v2\/posts\/55171\/revisions\/55486"}],"wp:attachment":[{"href":"https:\/\/edublog.educastur.es\/ixuxu\/wp-json\/wp\/v2\/media?parent=55171"}],"wp:term":[{"taxonomy":"category","embeddable":true,"href":"https:\/\/edublog.educastur.es\/ixuxu\/wp-json\/wp\/v2\/categories?post=55171"},{"taxonomy":"post_tag","embeddable":true,"href":"https:\/\/edublog.educastur.es\/ixuxu\/wp-json\/wp\/v2\/tags?post=55171"}],"curies":[{"name":"wp","href":"https:\/\/api.w.org\/{rel}","templated":true}]}}