{"id":552,"date":"2020-04-23T09:55:31","date_gmt":"2020-04-23T09:55:31","guid":{"rendered":"https:\/\/edublog.educastur.es\/ixuxu\/?p=552"},"modified":"2020-08-24T19:55:52","modified_gmt":"2020-08-24T19:55:52","slug":"dia-internacional-del-llibru","status":"publish","type":"post","link":"https:\/\/edublog.educastur.es\/ixuxu\/2020\/04\/dia-internacional-del-llibru\/","title":{"rendered":"D\u00eda Internacional del Llibru"},"content":{"rendered":"<p><img loading=\"lazy\" decoding=\"async\" class=\"\" src=\"https:\/\/i1.wp.com\/www.noticiasbarquisimeto.com\/wp-content\/uploads\/2019\/04\/fo-1-nota-sociales1.jpg?fit=876%2C776&amp;ssl=1\" width=\"294\" height=\"261\" \/>.<\/p>\n<h3><em>Ye una conmemoraci\u00f3n celebrada cada 23 d\u2019abril a nivel mundial coles mires de fomentar la llectura, la industria editorial y la protecci\u00f3n de la propied\u00e1\u00a0 intelectual por mediu del derechu d\u2019autor. <u>Dende 1988, ye una celebraci\u00f3n internacional promovida pola UNESCO<\/u>. El 15 de xunu de 1989 empecipi\u00f3 en dellos pa\u00edses, y en 2010 la celebraci\u00f3n y\u00e1 hab\u00eda alcanz\u00e1u m\u00e1s de cien.<\/em><\/h3>\n<h3><em>Tr\u00e1tase d\u2019un d\u00eda simb\u00f3licu pa la lliteratura mundial. Esi d\u00eda, en 1616, finaron Cervantes y Shakespeare\u2026<\/em><\/h3>\n<ul>\n<li>\n<h3><a href=\"https:\/\/www.youtube.com\/watch?time_continue=6&amp;v=QzVPFIYkakk&amp;feature=emb_logo\" target=\"_blank\" rel=\"noopener noreferrer\">Hestoria de la Fiesta del Llibru y la Rosa<\/a><\/h3>\n<\/li>\n<\/ul>\n\n<!-- iframe plugin v.6.0 wordpress.org\/plugins\/iframe\/ -->\n<iframe loading=\"lazy\" width=\"644\" height=\"362\" src=\"https:\/\/www.youtube.com\/embed\/QzVPFIYkakk\" scrolling=\"yes\" class=\"iframe-class\" frameborder=\"0\"><\/iframe>\n\n<ul>\n<li>\n<h3>El meyor cortu d\u00b4animaci\u00f3n sobro la llectura:<a href=\"https:\/\/www.youtube.com\/watch?v=_Bp1AZthZeo\" target=\"_blank\" rel=\"noopener noreferrer\"> The Fantastic Flying Books <\/a><\/h3>\n<\/li>\n<\/ul>\n\n<!-- iframe plugin v.6.0 wordpress.org\/plugins\/iframe\/ -->\n<iframe loading=\"lazy\" width=\"644\" height=\"362\" src=\"https:\/\/www.youtube.com\/embed\/_Bp1AZthZeo\" scrolling=\"yes\" class=\"iframe-class\" frameborder=\"0\"><\/iframe>\n\n<p>&nbsp;<\/p>\n<hr \/>\n<p><u>N\u00b4asturianu tami\u00e9n promocionamos la llectura.<\/u><u><\/u><\/p>\n<h4>Olga des\u00e9anos un feliz d\u00eda del llibru, en casa. Una hestoria filada por <a href=\"https:\/\/www.facebook.com\/LACUERVOTEATRO\/\" target=\"_blank\" rel=\"noopener noreferrer\"><em>Olga Cuervo<\/em><\/a>, con m\u00fasica orixinal de <a href=\"https:\/\/www.facebook.com\/DAVIZVARELA\/\" target=\"_blank\" rel=\"noopener noreferrer\"><em>David Varela<\/em> <\/a>y rod\u00e1u en Redondela<br \/>\n(Pontevedra), y montaxe y realizaci\u00f3n por DVB en \u201cPlaneta Natahoyo\u201d TOFE-CAVA(Xix\u00f3n).<\/h4>\n<ul>\n<li>\n<h4><a href=\"https:\/\/www.facebook.com\/LACUERVOTEATRO\/videos\/674298139812477\/\" target=\"_blank\" rel=\"noopener noreferrer\"><em>\u00a0Ver videu \u201cCuento de cuentos\u201d equ\u00ed.<\/em><\/a><em> Esc\u00fachalu <a href=\"https:\/\/video-amt2-1.xx.fbcdn.net\/v\/t39.24130-2\/10000000_266110297882409_8823831289472427808_n.mp4?_nc_cat=105&amp;_nc_sid=985c63&amp;efg=eyJ2ZW5jb2RlX3RhZyI6Im9lcF9oZCJ9&amp;_nc_ohc=VOXneXBb6h8AX8N5IZr&amp;_nc_ht=video-amt2-1.xx&amp;oh=867b9948cd18d6e2f7092775e3762513&amp;oe=5EC5C8C9\" target=\"_blank\" rel=\"noopener noreferrer\"><u>nesti enllaz.<\/u><\/a><\/em><\/h4>\n<\/li>\n<li>\n<h4><em>Ver otru videu de promoci\u00f3n d\u00eda del llibru:<\/em><em><a href=\"https:\/\/www.facebook.com\/formientu\/videos\/844821172596825\/\" target=\"_blank\" rel=\"noopener noreferrer\"> \u201cUn mundu m\u00e1s melgueru\u201d <\/a><a href=\"https:\/\/youtu.be\/dKJzWlIiohE\" target=\"_blank\" rel=\"noopener noreferrer\">(J. L. Remis)<\/a><\/em><\/h4>\n<\/li>\n<\/ul>\n\n<!-- iframe plugin v.6.0 wordpress.org\/plugins\/iframe\/ -->\n<iframe loading=\"lazy\" width=\"644\" height=\"362\" src=\"https:\/\/www.youtube.com\/embed\/dKJzWlIiohE\" scrolling=\"yes\" class=\"iframe-class\" frameborder=\"0\"><\/iframe>\n\n<ul>\n<li>\n<h4><em><a href=\"https:\/\/www.facebook.com\/ofillin\/videos\/526859684872233\/\" target=\"_blank\" rel=\"noopener noreferrer\">Promoci\u00f3n<\/a><a href=\"https:\/\/www.facebook.com\/ofillin\/videos\/526859684872233\/\" target=\"_blank\" rel=\"noopener noreferrer\"> Oficina N. Lling\u00fc\u00edstica de Xix\u00f3n<br \/>\n<\/a>(<\/em><a href=\"https:\/\/www.facebook.com\/ofillin\/videos\/526859684872233\/\" target=\"_blank\" rel=\"noopener noreferrer\">Sac\u00e0i llibros y xug\u00e1i a relleer y componer)<\/a><\/h4>\n<\/li>\n<li><a href=\"https:\/\/www.facebook.com\/ofillin\/videos\/526859684872233\/\" target=\"_blank\" rel=\"noopener noreferrer\">Recomendaci\u00f3n de llibros nesti enllaz<\/a><\/li>\n<\/ul>\n","protected":false},"excerpt":{"rendered":"<p>. Ye una conmemoraci\u00f3n celebrada cada 23 d\u2019abril a nivel mundial coles mires de fomentar la llectura, la industria editorial y la protecci\u00f3n de la propied\u00e1\u00a0 intelectual por mediu del derechu d\u2019autor. Dende 1988, ye una celebraci\u00f3n internacional promovida pola UNESCO. El 15 de xunu de 1989 empecipi\u00f3 en dellos pa\u00edses, y en 2010 la [&hellip;]<\/p>\n","protected":false},"author":117,"featured_media":0,"comment_status":"closed","ping_status":"open","sticky":false,"template":"","format":"standard","meta":{"footnotes":""},"categories":[6],"tags":[],"class_list":["post-552","post","type-post","status-publish","format-standard","hentry","category-dia-de"],"_links":{"self":[{"href":"https:\/\/edublog.educastur.es\/ixuxu\/wp-json\/wp\/v2\/posts\/552","targetHints":{"allow":["GET"]}}],"collection":[{"href":"https:\/\/edublog.educastur.es\/ixuxu\/wp-json\/wp\/v2\/posts"}],"about":[{"href":"https:\/\/edublog.educastur.es\/ixuxu\/wp-json\/wp\/v2\/types\/post"}],"author":[{"embeddable":true,"href":"https:\/\/edublog.educastur.es\/ixuxu\/wp-json\/wp\/v2\/users\/117"}],"replies":[{"embeddable":true,"href":"https:\/\/edublog.educastur.es\/ixuxu\/wp-json\/wp\/v2\/comments?post=552"}],"version-history":[{"count":1,"href":"https:\/\/edublog.educastur.es\/ixuxu\/wp-json\/wp\/v2\/posts\/552\/revisions"}],"predecessor-version":[{"id":553,"href":"https:\/\/edublog.educastur.es\/ixuxu\/wp-json\/wp\/v2\/posts\/552\/revisions\/553"}],"wp:attachment":[{"href":"https:\/\/edublog.educastur.es\/ixuxu\/wp-json\/wp\/v2\/media?parent=552"}],"wp:term":[{"taxonomy":"category","embeddable":true,"href":"https:\/\/edublog.educastur.es\/ixuxu\/wp-json\/wp\/v2\/categories?post=552"},{"taxonomy":"post_tag","embeddable":true,"href":"https:\/\/edublog.educastur.es\/ixuxu\/wp-json\/wp\/v2\/tags?post=552"}],"curies":[{"name":"wp","href":"https:\/\/api.w.org\/{rel}","templated":true}]}}