{"id":55201,"date":"2025-08-08T12:59:45","date_gmt":"2025-08-08T10:59:45","guid":{"rendered":"https:\/\/edublog.educastur.es\/ixuxu\/?p=55201"},"modified":"2025-08-08T13:01:30","modified_gmt":"2025-08-08T11:01:30","slug":"folk-asturianada-electronica-y-gaita-nesti-fin-de-selmana","status":"publish","type":"post","link":"https:\/\/edublog.educastur.es\/ixuxu\/2025\/08\/folk-asturianada-electronica-y-gaita-nesti-fin-de-selmana\/","title":{"rendered":"Folk, asturianada, electr\u00f3nica y gaita nesti fin de selmana"},"content":{"rendered":"<div class=\"elementor-element elementor-element-667e3c7 elementor-widget__width-inherit elementor-widget elementor-widget-theme-post-title elementor-page-title elementor-widget-heading\" data-id=\"667e3c7\" data-element_type=\"widget\" data-widget_type=\"theme-post-title.default\">\n<div class=\"elementor-widget-container\">\n<ul>\n<li class=\"elementor-heading-title elementor-size-default\"><a href=\"https:\/\/musicasturiana.com\/folk-asturianada-electronica-y-gaita-nesti-fin-de-selmana\">M\u00fasicasturiana.com<\/a> \/<\/li>\n<\/ul>\n<\/div>\n<\/div>\n<div class=\"elementor-element elementor-element-00f4678 elementor-widget__width-inherit elementor-widget elementor-widget-theme-post-excerpt\" data-id=\"00f4678\" data-element_type=\"widget\" data-widget_type=\"theme-post-excerpt.default\">\n<div class=\"elementor-widget-container\">Hai nueve cites repart\u00edes pel centru y occidente d&#8217;Asturies qu&#8217;axunten una montonera de conciertos y actividaes.<\/div>\n<div><\/div>\n<\/div>\n<div style=\"text-align: center\"><a href=\"https:\/\/musicasturiana.com\/wp-content\/uploads\/2025\/08\/AXENDA-noticia-08082025.jpg\"><img loading=\"lazy\" decoding=\"async\" class=\"aligncenter size-large\" src=\"https:\/\/musicasturiana.com\/wp-content\/uploads\/2025\/08\/AXENDA-noticia-08082025.jpg\" width=\"1200\" height=\"800\" \/><\/a><\/div>\n<div>\n<p>Dende g\u00fcei y hasta\u2019l domingu hai nueve cites cola m\u00fasica n\u2019asturianu repart\u00edes pel centru y l\u2019occidente del pa\u00eds. Ente elles alcu\u00e9ntrase la continuaci\u00f3n d\u2019eventos qu\u2019axunten una montonera actuaciones como\u2019l\u00a0<strong><a href=\"https:\/\/musicasturiana.com\/el-festival-interceltico-doccidente-celebra-dende-esti-xueves-al-llunes-a-la-so-xxviii-edicion\/\">XXVIII Festival Interc\u00e9ltico d\u2019Occidente<\/a>\u00a0<\/strong>y el\u00a0<strong><a href=\"https:\/\/musicasturiana.com\/entamal-xxv-festival-internacional-de-gaites-villa-de-xixon\/\">XXV Festival Internacional de Bandes de Gaites Villa de Xix\u00f3n<\/a><\/strong>. Am\u00e1s hai dellos conciertos nos que van sonar estilos nos que la m\u00fasica tradicional ye la protagonista xunto a otros estilos como la electr\u00f3nica.<\/p>\n<p>&nbsp;<\/p>\n<\/div>\n<div class=\"elementor-element elementor-element-00f4678 elementor-widget__width-inherit elementor-widget elementor-widget-theme-post-excerpt\" data-id=\"00f4678\" data-element_type=\"widget\" data-widget_type=\"theme-post-excerpt.default\">\n<div><!--more--><\/div>\n<div style=\"text-align: center\"><a href=\"https:\/\/musicasturiana.com\/wp-content\/uploads\/2025\/05\/axenda-semeya-vieya-0905.jpg\"><img loading=\"lazy\" decoding=\"async\" class=\"aligncenter size-large\" src=\"https:\/\/musicasturiana.com\/wp-content\/uploads\/2025\/05\/axenda-semeya-vieya-0905.jpg\" width=\"1200\" height=\"600\" \/><\/a><\/div>\n<\/div>\n<div>\n<p>&nbsp;<\/p>\n<p>Toquen\u00a0<strong>Anabel Santiago<\/strong>\u00a0nes Fiestes de Ferro\u00f1es (Llanera) el vienres el 8 a les 22h;\u00a0<strong>Bimenes Underprau<\/strong>\u00a0n\u2019El Manglar d\u2019Uvi\u00e9u el s\u00e1badu 9 a les 12h;\u00a0<strong>Carlos Velasco y Chino El Indio\u00a0<\/strong>en Santu Adrianu (s\u00e1badu 9 a les 19.30h); Berto Varillas y Asturiana Mining Company n\u2019El Franco (d\u00eda 9 a les 21h); la\u00a0<strong>Banda Gaites El Trasno<\/strong>\u00a0en Grandas de Salime (domingu 10 a les 11.30h) y\u00a0<strong>Felpeyu\u00a0<\/strong>nes fiestes de La Corrada de Sotu\u2019l Barcu (d\u00eda 10 a les 21h).<\/p>\n<p>Tami\u00e9n destaca la folixa que pon el ramu al proyectu\u00a0<em><strong>Tocando Ra\u00edces<\/strong>.<\/em>\u00a0N\u00e9l va haber una amuesa de les artistes residentes Ana Pereda, Eva Outeiro y Manon Siv Duquesnay qu\u2019esperimentaron col patrimoniu musical asturianu. Am\u00e1s va haber espicha, conciertu y pinchada de\u00a0<strong>Ferla Meg\u00eda<\/strong>\u00a0y espaciu abiertu pa que quien quiera pueda tocar.<\/p>\n<p>Tola programaci\u00f3n detallada d\u2019equ\u00ed a los pr\u00f3ximos meses pue vese na\u00a0<a href=\"https:\/\/musicasturiana.com\/axenda\/lista\/\" target=\"_blank\" rel=\"noreferrer noopener\" data-type=\"link\" data-id=\"https:\/\/musicasturiana.com\/axenda\/lista\/\">Axenda de Musicasturiana.com<\/a>.<\/p>\n<\/div>\n<p>&nbsp;<\/p>\n","protected":false},"excerpt":{"rendered":"<p>M\u00fasicasturiana.com \/ Hai nueve cites repart\u00edes pel centru y occidente d&#8217;Asturies qu&#8217;axunten una montonera de conciertos y actividaes. Dende g\u00fcei y hasta\u2019l domingu hai nueve cites cola m\u00fasica n\u2019asturianu repart\u00edes pel centru y l\u2019occidente del pa\u00eds. Ente elles alcu\u00e9ntrase la continuaci\u00f3n d\u2019eventos qu\u2019axunten una montonera actuaciones como\u2019l\u00a0XXVIII Festival Interc\u00e9ltico d\u2019Occidente\u00a0y el\u00a0XXV Festival Internacional de Bandes [&hellip;]<\/p>\n","protected":false},"author":117,"featured_media":0,"comment_status":"closed","ping_status":"open","sticky":false,"template":"","format":"standard","meta":{"footnotes":""},"categories":[35,125],"tags":[],"class_list":["post-55201","post","type-post","status-publish","format-standard","hentry","category-musica","category-musicasturiana-com"],"_links":{"self":[{"href":"https:\/\/edublog.educastur.es\/ixuxu\/wp-json\/wp\/v2\/posts\/55201","targetHints":{"allow":["GET"]}}],"collection":[{"href":"https:\/\/edublog.educastur.es\/ixuxu\/wp-json\/wp\/v2\/posts"}],"about":[{"href":"https:\/\/edublog.educastur.es\/ixuxu\/wp-json\/wp\/v2\/types\/post"}],"author":[{"embeddable":true,"href":"https:\/\/edublog.educastur.es\/ixuxu\/wp-json\/wp\/v2\/users\/117"}],"replies":[{"embeddable":true,"href":"https:\/\/edublog.educastur.es\/ixuxu\/wp-json\/wp\/v2\/comments?post=55201"}],"version-history":[{"count":3,"href":"https:\/\/edublog.educastur.es\/ixuxu\/wp-json\/wp\/v2\/posts\/55201\/revisions"}],"predecessor-version":[{"id":55204,"href":"https:\/\/edublog.educastur.es\/ixuxu\/wp-json\/wp\/v2\/posts\/55201\/revisions\/55204"}],"wp:attachment":[{"href":"https:\/\/edublog.educastur.es\/ixuxu\/wp-json\/wp\/v2\/media?parent=55201"}],"wp:term":[{"taxonomy":"category","embeddable":true,"href":"https:\/\/edublog.educastur.es\/ixuxu\/wp-json\/wp\/v2\/categories?post=55201"},{"taxonomy":"post_tag","embeddable":true,"href":"https:\/\/edublog.educastur.es\/ixuxu\/wp-json\/wp\/v2\/tags?post=55201"}],"curies":[{"name":"wp","href":"https:\/\/api.w.org\/{rel}","templated":true}]}}