{"id":55210,"date":"2025-08-08T18:43:40","date_gmt":"2025-08-08T16:43:40","guid":{"rendered":"https:\/\/edublog.educastur.es\/ixuxu\/?p=55210"},"modified":"2025-08-08T18:44:08","modified_gmt":"2025-08-08T16:44:08","slug":"en-xixon-folk-vimos-trabayos-tradicionales-asturianos","status":"publish","type":"post","link":"https:\/\/edublog.educastur.es\/ixuxu\/2025\/08\/en-xixon-folk-vimos-trabayos-tradicionales-asturianos\/","title":{"rendered":"En Xix\u00f3n Folk vimos trabayos tradicionales asturianos"},"content":{"rendered":"<p style=\"text-align: center\"><span class=\"x193iq5w xeuugli x13faqbe x1vvkbs xt0psk2 x1i0vuye xvs91rp xo1l8bm x5n08af x10wh9bi xpm28yp x8viiok x1o7cslx x126k92a\"><span class=\"html-span xexx8yu x4uap5 x18d9i69 xkhd6sd x1hl2dhg x16tdsg8 x1vvkbs x3nfvp2 x1j61x8r x1fcty0u xdj266r xat24cr xgzva0m xhhsvwb xxymvpz xlup9mm x1kky2od\">\n<!-- iframe plugin v.6.0 wordpress.org\/plugins\/iframe\/ -->\n<iframe loading=\"lazy\" src=\"https:\/\/www.instagram.com\/reel\/DNEKaiBIv89\/embed\" width=\"460\" height=\"620\" 0=\"\/iframe\" scrolling=\"yes\" class=\"iframe-class\" frameborder=\"0\"><\/iframe>\n<\/span><\/span><\/p>\n<p><span class=\"x193iq5w xeuugli x13faqbe x1vvkbs xt0psk2 x1i0vuye xvs91rp xo1l8bm x5n08af x10wh9bi xpm28yp x8viiok x1o7cslx x126k92a\">\ud83d\udfe1 <em>El fin de selmana de <a class=\"x1i10hfl xjbqb8w x1ejq31n x18oe1m7 x1sy0etr xstzfhl x972fbf x10w94by x1qhh985 x14e42zd x9f619 x1ypdohk xt0psk2 xe8uvvx xdj266r x14z9mp xat24cr x1lziwak xexx8yu xyri2b x18d9i69 x1c1uobl x16tdsg8 x1hl2dhg xggy1nq x1a2a7pz _aa9_ _a6hd\" role=\"link\" href=\"https:\/\/www.instagram.com\/explore\/tags\/xix%C3%B3nfolk2025\/\">#Xix\u00f3nFolk2025<\/a> tami\u00e9n hubo oportunid\u00e1 de ver de cerca<strong> trabayos tradicionales asturianos<\/strong> de la mano de grandes profesionales. Les exhibiciones d&#8217;oficios artesanales averaron al p\u00fablicu otra parte bien importante de nuesa hestoria, cultura y forma de vida. Gracies a toles persones que compartisteis el vuesu conocimientu y experiencia durante la segunda edici\u00f3n de Xix\u00f3n Folk, entam\u00e1u pola<\/em> <a class=\"x1i10hfl xjbqb8w x1ejq31n x18oe1m7 x1sy0etr xstzfhl x972fbf x10w94by x1qhh985 x14e42zd x9f619 x1ypdohk xt0psk2 xe8uvvx xdj266r x14z9mp xat24cr x1lziwak xexx8yu xyri2b x18d9i69 x1c1uobl x16tdsg8 x1hl2dhg xggy1nq x1a2a7pz notranslate _a6hd\" role=\"link\" href=\"https:\/\/www.instagram.com\/bgsaxum\/\">@bgsaxum<\/a>. \ud83d\udc9b<\/span><\/p>\n","protected":false},"excerpt":{"rendered":"<p>\ud83d\udfe1 El fin de selmana de #Xix\u00f3nFolk2025 tami\u00e9n hubo oportunid\u00e1 de ver de cerca trabayos tradicionales asturianos de la mano de grandes profesionales. Les exhibiciones d&#8217;oficios artesanales averaron al p\u00fablicu otra parte bien importante de nuesa hestoria, cultura y forma de vida. Gracies a toles persones que compartisteis el vuesu conocimientu y experiencia durante la [&hellip;]<\/p>\n","protected":false},"author":117,"featured_media":0,"comment_status":"closed","ping_status":"open","sticky":false,"template":"","format":"standard","meta":{"footnotes":""},"categories":[87],"tags":[],"class_list":["post-55210","post","type-post","status-publish","format-standard","hentry","category-oficios-tradicionales"],"_links":{"self":[{"href":"https:\/\/edublog.educastur.es\/ixuxu\/wp-json\/wp\/v2\/posts\/55210","targetHints":{"allow":["GET"]}}],"collection":[{"href":"https:\/\/edublog.educastur.es\/ixuxu\/wp-json\/wp\/v2\/posts"}],"about":[{"href":"https:\/\/edublog.educastur.es\/ixuxu\/wp-json\/wp\/v2\/types\/post"}],"author":[{"embeddable":true,"href":"https:\/\/edublog.educastur.es\/ixuxu\/wp-json\/wp\/v2\/users\/117"}],"replies":[{"embeddable":true,"href":"https:\/\/edublog.educastur.es\/ixuxu\/wp-json\/wp\/v2\/comments?post=55210"}],"version-history":[{"count":2,"href":"https:\/\/edublog.educastur.es\/ixuxu\/wp-json\/wp\/v2\/posts\/55210\/revisions"}],"predecessor-version":[{"id":55212,"href":"https:\/\/edublog.educastur.es\/ixuxu\/wp-json\/wp\/v2\/posts\/55210\/revisions\/55212"}],"wp:attachment":[{"href":"https:\/\/edublog.educastur.es\/ixuxu\/wp-json\/wp\/v2\/media?parent=55210"}],"wp:term":[{"taxonomy":"category","embeddable":true,"href":"https:\/\/edublog.educastur.es\/ixuxu\/wp-json\/wp\/v2\/categories?post=55210"},{"taxonomy":"post_tag","embeddable":true,"href":"https:\/\/edublog.educastur.es\/ixuxu\/wp-json\/wp\/v2\/tags?post=55210"}],"curies":[{"name":"wp","href":"https:\/\/api.w.org\/{rel}","templated":true}]}}