{"id":55234,"date":"2025-08-08T19:34:07","date_gmt":"2025-08-08T17:34:07","guid":{"rendered":"https:\/\/edublog.educastur.es\/ixuxu\/?p=55234"},"modified":"2025-08-08T21:01:21","modified_gmt":"2025-08-08T19:01:21","slug":"el-descensu-del-sella-en-les-arriondes","status":"publish","type":"post","link":"https:\/\/edublog.educastur.es\/ixuxu\/2025\/08\/el-descensu-del-sella-en-les-arriondes\/","title":{"rendered":"El dispositivu de segurid\u00e1 nel Descensu del Sella"},"content":{"rendered":"<p>M\u00e1s de 330 axentes y 179 veh\u00edculos: asina va ser <strong><span style=\"color: #008080\">el dispositivu de segurid\u00e1 del Descensu del Sella.<\/span><\/strong> La delegada del Gobiernu n&#8217;Asturies, Adriana Lastra, afirma que ye \u00abun dispositivu que nun tien old\u00e9u en toa Espa\u00f1a\u00bb, destacando&#8217;l calter deportivo y festivo\u00bb del eventu. <a href=\"https:\/\/www.lavozdeasturias.es\/noticia\/asturias\/2025\/08\/08\/330-agentes-179-vehiculos-sera-dispositivo-seguridad-descenso-sella\/00031754650472420481798.htm\">La Voz<\/a><\/p>\n<p style=\"text-align: center\">\n<!-- iframe plugin v.6.0 wordpress.org\/plugins\/iframe\/ -->\n<iframe loading=\"lazy\" src=\"https:\/\/www.facebook.com\/plugins\/video.php?height=314&#038;href=https%3A%2F%2Fwww.facebook.com%2FRTPAoficial%2Fvideos%2F737688939161870%2F&#038;show_text=false&#038;width=560&#038;t=0\" width=\"560\" height=\"314\" style=\"border:none;overflow:hidden\" scrolling=\"no\" frameborder=\"0\" allowfullscreen=\"true\" allow=\"autoplay; clipboard-write; encrypted-media; picture-in-picture; web-share\" 0=\"\/iframe\" class=\"iframe-class\"><\/iframe>\n<\/p>\n<p><!--more--><\/p>\n<p style=\"text-align: center\"><span class=\"x193iq5w xeuugli x13faqbe x1vvkbs xt0psk2 x1i0vuye xvs91rp xo1l8bm x5n08af x10wh9bi xpm28yp x8viiok x1o7cslx x126k92a\"><span class=\"html-span xexx8yu x4uap5 x18d9i69 xkhd6sd x1hl2dhg x16tdsg8 x1vvkbs x3nfvp2 x1j61x8r x1fcty0u xdj266r xat24cr xgzva0m xhhsvwb xxymvpz xlup9mm x1kky2od\">\n<!-- iframe plugin v.6.0 wordpress.org\/plugins\/iframe\/ -->\n<iframe loading=\"lazy\" src=\"https:\/\/www.instagram.com\/reel\/DNGVFOUuyLt\/embed\" width=\"640\" height=\"420\" 0=\"\/iframe\" scrolling=\"yes\" class=\"iframe-class\" frameborder=\"0\"><\/iframe>\n<\/span><\/span><\/p>\n<p>&nbsp;<\/p>\n<p style=\"text-align: center\"><a href=\"https:\/\/img.lavdg.com\/sc\/FvCrdmHzdBCf2R4TGNVlj8Pb7Ug=\/768x\/2024\/08\/03\/00121722698042320862549\/Foto\/eup_20240803_120653980.jpg\"><img loading=\"lazy\" decoding=\"async\" class=\"aligncenter size-large\" src=\"https:\/\/img.lavdg.com\/sc\/FvCrdmHzdBCf2R4TGNVlj8Pb7Ug=\/768x\/2024\/08\/03\/00121722698042320862549\/Foto\/eup_20240803_120653980.jpg\" width=\"768\" height=\"432\" \/><\/a><\/p>\n<p style=\"text-align: center\">Los axentes van xixilar per tierra, mar y aire que tou se desenvuelva con normalid\u00e1.<\/p>\n<p>&nbsp;<\/p>\n<p>Dende la Benem\u00e9rita espliquen qu&#8217;esta tradicional competici\u00f3n na que lleguen a participar hasta 1.300 palistes de too el mundu, rique un enorme esfuerzu tantu d&#8217;organizaci\u00f3n como de segurid\u00e1.<\/p>\n<p>A esti eventu deportivu s\u00famense actividaes l\u00fadiques, atrayendo a numberosos asistentes tantu na competici\u00f3n como d&#8217;asistencia a estos eventos. En dalg\u00fan a\u00f1u&#8217;l n\u00famberu de persones xubi\u00f3 a m\u00e1s de 200.000.<\/p>\n<p><strong>Angua\u00f1o, l&#8217;eventu deportivu cuenta cola participaci\u00f3n de m\u00e1s de 1.300 palistes en 900 pirag\u00fces, de 25 pa\u00edses de los 5 continentes.<\/strong> Como responsables de caltener l&#8217;orde p\u00fablicu y garantizar la segurid\u00e1 ciudadana, la Guardia Civil, al igual que n&#8217;a\u00f1os anteriores, estableci\u00f3 un complexu dispositivu de segurid\u00e1 nel que participen un total de 20 especialidaes distintes para tomar tolos \u00e1mbitos d&#8217;actuaci\u00f3n. El dispositivu de segurid\u00e1 toma les localidaes de Les Arriondes y Ribesella, el mesmu r\u00edu Sella y les sos proximidaes, tantu per tierra como mar y aire.<\/p>\n<p><span style=\"color: #008080\">Les unidaes qu&#8217;intervienen son Patrulles de Segurid\u00e1 Ciudadana; Serviciu de Protecci\u00f3n a la Naturaleza (Seprona); Patrulles Fiscales Territoriales (PAFIF); Intervenci\u00f3n d&#8217;Armes; Grupu Acuta y Segurid\u00e1 (GRS) con base en Lli\u00f3n colos sos equipos RP\u00c1s, detector y anti-RP\u00c1s; Escuadr\u00f3n de Caballer\u00eda con see en Valdemoro (Madrid); Unid\u00e1 de Segurid\u00e1 Ciudadana de la Comandancia (USECIC) d&#8217;Asturies; Grupu Especial de Desactivaci\u00f3n d&#8217;Esplosivos (GEDEX); Grupu de Sofitu a les Telecomunicaciones (GATI); Serviciu Cinol\u00f3gico; Unid\u00e1 d&#8217;Helic\u00f3pteros de la Guardia Civil (UHEL) con base en La Morgal y Serviciu A\u00e9reu con base en Torrux\u00f3n con equipos dron, detector y anti-dron; Sector de Tr\u00e1ficu d&#8217;Asturies; Grupu Especial Actividaes Subacu\u00e1tiques (GEAS); Serviciu Mar\u00edtimu Provincial; Serviciu d&#8217;Informaci\u00f3n; Centru Operativu de Servicios (COS); Polic\u00eda Xudicial; Grupu de Rescate ya Intervenci\u00f3n en Monte (Greim); y equipos de Polic\u00eda Especialista en Xesti\u00f3n Aeron\u00e1utica y Segurid\u00e1 Operacional (Forno PEGASU) d&#8217;Asturies, Teruel y Serviciu Central.<\/span><\/p>\n<p>Van Intervenir m\u00e1s de 330 axentes qu&#8217;empresten serviciu ente Les Arriondes y Ribesella dende la tarde del mi\u00e9rcoles hasta la ma\u00f1ana del domingu 10 d&#8217;agostu. Mientres el dispositivu, van emplegase un total de 179 medios de tresporte, ente camiones, furgonetes, turismos, touterr\u00e9ns, motocicletes, aeronaves, embarcaciones y el Puestu de Mandu.<\/p>\n<p>Dende l&#8217;a\u00f1u 2004, la Guardia Civil cuenta con un sistema de captaci\u00f3n y tresmisi\u00f3n d&#8217;imaxes tomaes dende l&#8217;helic\u00f3pteru. Angua\u00f1o, esti equipu tresmite por 4G a un servidor de la Guardia Civil, les imaxes que capta la c\u00e1mara de l&#8217;aeronave, pudiendo ser visionaes por cualesquier dispositivu habilit\u00e1u como tableta, m\u00f3vil o televisi\u00f3n.<\/p>\n<p>Esto va dexar que la Central Operativa de Servicios (COS) n&#8217;Uvi\u00e9u y al CECOP asiti\u00e1u en Ribesella, poder siguir el dispositivu nel momentu de mayor intensid\u00e1, faciendo posible l&#8217;adopci\u00f3n de la respuesta m\u00e1s aparente a cualquier incidencia.<\/p>\n<p>A diferencia d&#8217;a\u00f1os anteriores nos que se fa\u00eda necesaria la movilizaci\u00f3n d&#8217;un helic\u00f3pteru del Serviciu Central de Madrid pa poder llevar a cabu esti comet\u00edu, la reci\u00e9n incorporaci\u00f3n d&#8217;una aeronave al Serviciu A\u00e9reu d&#8217;Asturies con capacid\u00e1 p&#8217;acoplar esti sistema de captaci\u00f3n d&#8217;imaxe, dexa qu&#8217;esti comet\u00edu s\u00eda realiz\u00e1u pol helic\u00f3pteru de la Zona\/Comandancia de la Guardia Civil d&#8217;Asturies.<\/p>\n<p>Les capacidaes qu&#8217;ufierten los helic\u00f3pteros dexen tener una visi\u00f3n en directu de lo qu&#8217;asocede nel momentu del descensu tantu nel r\u00edu, na v\u00eda ferrial, como na N-634, pudiendo emprestar un sofitu inmediatu sacupando a persones o llevando efectivos a dalg\u00fan puntu que s\u00eda necesariu.<\/p>\n<p>La vixilancia de la redolada a\u00e9rea vese reforzada angua\u00f1o am\u00e1s con dellos equipos de personal especializ\u00e1u en materia de Xesti\u00f3n Aeron\u00e1utica y Segurid\u00e1 Operacional, qu&#8217;apurren un total de 12 drones, 3 equipos de detecci\u00f3n de drones y 4 inhibidores de los mesmos, tollo pa reforzar la segurid\u00e1 a\u00e9rea nes zones d&#8217;inter\u00e9s.<\/p>\n<p>Por ello la Guardia Civil recuerda la prohibici\u00f3n de volar drones particulares na zona de cobertoria del dispositivu mientres los d\u00edes que se lleva a cabu&#8217;l mesmu.<\/p>\n<p>Fora d&#8217;esta prohibici\u00f3n atopen la Radio Televisi\u00f3n del Princip\u00e1u d&#8217;Asturies, que se va encargar de tresmitir la prueba deportiva, y el Serviciu d&#8217;Emerxencies del Princip\u00e1u d&#8217;Asturies, que cunten con autorizaci\u00f3n.<\/p>\n<p>Igualmente, establ\u00e9cense controles nos accesos a les localidaes de Les Arriondes y Ribesella, seg\u00fan nes v\u00edes de comunicaci\u00f3n tanto en materia de tr\u00e1ficu como de segurid\u00e1 ciudadana.<\/p>\n<p>Nos primeres tr\u00e1tase d&#8217;evitar la circulaci\u00f3n de veh\u00edculos que&#8217;l so conductor atopse so influencia de b\u00e9bores alcoh\u00f3liques o drogues t\u00f3xiques, y nos de segurid\u00e1 ciudadana al env\u00eds de prindar armes prohib\u00edes y drogues t\u00f3xiques.<\/p>\n<p>Como n&#8217;a\u00f1os anteriores, va haber efectivos de Guardia Civil especializaos en delitos contra la muyer que se van atopar na zona pa prevenci\u00f3n y, nel so casu, atenci\u00f3n, am\u00e1s de llevar a cabu les investigaciones que fueren necesaries.<\/p>\n<p>La delegada del Gobiernu n&#8217;Asturies, Adriana Lastra, particip\u00f3 na presentaci\u00f3n y dixo que ye \u00abun dispositivu que nun tien old\u00e9u en toa Espa\u00f1a\u00bb, destacando&#8217;l so calter deportivo y festivo\u00bb.<\/p>\n<p>Lastra esplic\u00f3 que nel operativu van participar \u00abhasta 20 especialidaes de la Guardia Civil\u00bb y van esplegase \u00abmediu millar d&#8217;efectivos\u00bb, incluyendo polic\u00edas locales de Cangas, Les Arriondes, Parres, Cangues d&#8217;On\u00eds y Uvi\u00e9u. \u00abEl descensu angua\u00f1o va ser bien seguro y la fiesta tami\u00e9n\u00bb, asegur\u00f3 la delegada, sorrayando la importancia del dispositivu.<\/p>\n<p>La representante gubernamental aprovech\u00f3 pa estimar \u00abl&#8217;estraordinariu llabor\u00bb de la Guardia Civil y la polic\u00eda local, antemanando que nel eventu, am\u00e1s d&#8217;un \u00e9situ deportivu, \u00abva acompa\u00f1ar tami\u00e9n el tiempu\u00bb, lo que va contribuyir al so desenvolvimientu seguro y multitudinario mientres los d\u00edes que va durar la celebraci\u00f3n.<\/p>\n","protected":false},"excerpt":{"rendered":"<p>M\u00e1s de 330 axentes y 179 veh\u00edculos: asina va ser el dispositivu de segurid\u00e1 del Descensu del Sella. La delegada del Gobiernu n&#8217;Asturies, Adriana Lastra, afirma que ye \u00abun dispositivu que nun tien old\u00e9u en toa Espa\u00f1a\u00bb, destacando&#8217;l calter deportivo y festivo\u00bb del eventu. La Voz<\/p>\n","protected":false},"author":117,"featured_media":0,"comment_status":"closed","ping_status":"open","sticky":false,"template":"","format":"standard","meta":{"footnotes":""},"categories":[133],"tags":[],"class_list":["post-55234","post","type-post","status-publish","format-standard","hentry","category-deportes"],"_links":{"self":[{"href":"https:\/\/edublog.educastur.es\/ixuxu\/wp-json\/wp\/v2\/posts\/55234","targetHints":{"allow":["GET"]}}],"collection":[{"href":"https:\/\/edublog.educastur.es\/ixuxu\/wp-json\/wp\/v2\/posts"}],"about":[{"href":"https:\/\/edublog.educastur.es\/ixuxu\/wp-json\/wp\/v2\/types\/post"}],"author":[{"embeddable":true,"href":"https:\/\/edublog.educastur.es\/ixuxu\/wp-json\/wp\/v2\/users\/117"}],"replies":[{"embeddable":true,"href":"https:\/\/edublog.educastur.es\/ixuxu\/wp-json\/wp\/v2\/comments?post=55234"}],"version-history":[{"count":7,"href":"https:\/\/edublog.educastur.es\/ixuxu\/wp-json\/wp\/v2\/posts\/55234\/revisions"}],"predecessor-version":[{"id":55281,"href":"https:\/\/edublog.educastur.es\/ixuxu\/wp-json\/wp\/v2\/posts\/55234\/revisions\/55281"}],"wp:attachment":[{"href":"https:\/\/edublog.educastur.es\/ixuxu\/wp-json\/wp\/v2\/media?parent=55234"}],"wp:term":[{"taxonomy":"category","embeddable":true,"href":"https:\/\/edublog.educastur.es\/ixuxu\/wp-json\/wp\/v2\/categories?post=55234"},{"taxonomy":"post_tag","embeddable":true,"href":"https:\/\/edublog.educastur.es\/ixuxu\/wp-json\/wp\/v2\/tags?post=55234"}],"curies":[{"name":"wp","href":"https:\/\/api.w.org\/{rel}","templated":true}]}}