{"id":55242,"date":"2025-08-08T15:00:07","date_gmt":"2025-08-08T13:00:07","guid":{"rendered":"https:\/\/edublog.educastur.es\/ixuxu\/?p=55242"},"modified":"2025-08-08T20:00:36","modified_gmt":"2025-08-08T18:00:36","slug":"finol-ilustrador-de-la-tenrura-juan-chavetta","status":"publish","type":"post","link":"https:\/\/edublog.educastur.es\/ixuxu\/2025\/08\/finol-ilustrador-de-la-tenrura-juan-chavetta\/","title":{"rendered":"Fin\u00f3&#8217;l ilustrador arxent\u00edn de la tenrura, Juan Chavetta, creador de \u201cPuru Pelo\u201d"},"content":{"rendered":"<div class=\"xdj266r x14z9mp xat24cr x1lziwak x1vvkbs x126k92a\">\n<ul>\n<li dir=\"auto\">Juan Chavetta: <a href=\"https:\/\/www.instagram.com\/puropelookoficial\">@puropelookoficial<\/a> \/<\/li>\n<\/ul>\n<p style=\"text-align: center\"><span class=\"x193iq5w xeuugli x13faqbe x1vvkbs xt0psk2 x1i0vuye xvs91rp xo1l8bm x5n08af x10wh9bi xpm28yp x8viiok x1o7cslx x126k92a\"><span class=\"html-span xexx8yu x4uap5 x18d9i69 xkhd6sd x1hl2dhg x16tdsg8 x1vvkbs x3nfvp2 x1j61x8r x1fcty0u xdj266r xat24cr xgzva0m xhhsvwb xxymvpz xlup9mm x1kky2od\">\n<!-- iframe plugin v.6.0 wordpress.org\/plugins\/iframe\/ -->\n<iframe loading=\"lazy\" src=\"https:\/\/www.instagram.com\/reel\/DNDxKC8MFhf\/embed\" width=\"460\" height=\"620\" 0=\"\/iframe\" scrolling=\"yes\" class=\"iframe-class\" frameborder=\"0\"><\/iframe>\n<\/span><\/span><\/p>\n<div dir=\"auto\"><\/div>\n<div dir=\"auto\"><strong>Fin\u00f3 a los 54 a\u00f1os l&#8217;ilustrador de \u201cPuru pelo\u201d, dempu\u00e9s de lluchar contra una dura enfermed\u00e1<\/strong>. Nel a\u00f1u 2009 foi qu&#8217;apaeci\u00f3<span style=\"color: #008080\"> \u201cPuru pelo\u201d<\/span>, y en 2014 esplot\u00f3 en redes sociales, con una ne\u00f1a llue\u00f1e de la tecnolox\u00eda, con una sensibilid\u00e1 enorme, la tenrura, lo formoso de lo cotidiano, de les coses simples, y la trinchera dende la ilustraci\u00f3n por que nunca escaezamos de que \u201clo pequeno ye demasi\u00e1u significativu\u201d.<\/div>\n<div dir=\"auto\"><!--more--><\/div>\n<div dir=\"auto\"><\/div>\n<div dir=\"auto\"><em>Despidimos a Chavetta, con un dolor bien grande, y con Puru Pelo que sigue andando pelos caminos para semar tenrura y sacanos del trax\u00edn para namoranos de la cotidianeidad tan importante. Hasta siempres, compa\u00f1eru! Qu&#8217;allume esa estrella, y que&#8217;l to arte viva, siempres. <a class=\"x1i10hfl xjbqb8w x1ejq31n x18oe1m7 x1sy0etr xstzfhl x972fbf x10w94by x1qhh985 x14e42zd x9f619 x1ypdohk xt0psk2 xe8uvvx xdj266r x14z9mp xat24cr x1lziwak xexx8yu xyri2b x18d9i69 x1c1uobl x16tdsg8 x1hl2dhg xggy1nq x1a2a7pz xkrqix3 x1sur9pj x1fey0fg x1s688f\" role=\"link\" href=\"https:\/\/www.facebook.com\/hashtag\/revistasudestada?__eep__=6&amp;__cft__[0]=AZWLJkyRyW-j9gNLioZJh32rn4G5bvN2wM7nmNyb_9LUbondR0gNFm97XWdXtv3VACKdF3CmS-1CcTu6wZvfvcmlkpXyFwS98ZrPPtPFsNNFhyuYITzPfMzekaxAYcrDi2qRb-rZNpaumB1yvm_GmfD0kJHojwRefiJZDbPyAqbzWw&amp;__tn__=*NK-R\">#RevistaSudestada<\/a><\/em><\/div>\n<div dir=\"auto\"><\/div>\n<\/div>\n<p>&nbsp;<\/p>\n<div dir=\"auto\" style=\"text-align: center\"><span class=\"x193iq5w xeuugli x13faqbe x1vvkbs xt0psk2 x1i0vuye xvs91rp xo1l8bm x5n08af x10wh9bi xpm28yp x8viiok x1o7cslx x126k92a\"><span class=\"html-span xexx8yu x4uap5 x18d9i69 xkhd6sd x1hl2dhg x16tdsg8 x1vvkbs x3nfvp2 x1j61x8r x1fcty0u xdj266r xat24cr xgzva0m xhhsvwb xxymvpz xlup9mm x1kky2od\">\n<!-- iframe plugin v.6.0 wordpress.org\/plugins\/iframe\/ -->\n<iframe loading=\"lazy\" src=\"https:\/\/www.instagram.com\/reel\/DM3LrzVxIyw\/embed\" width=\"460\" height=\"620\" 0=\"\/iframe\" scrolling=\"yes\" class=\"iframe-class\" frameborder=\"0\"><\/iframe>\n<\/span><\/span><\/div>\n<div dir=\"auto\"><\/div>\n<div dir=\"auto\">Fin\u00f3 Juan Chavetta l&#8217;ilustrador de la tenrura, creador de \u201cPuru Pelo\u201d. El so f\u00edu foi l&#8217;encarg\u00e1u de dar la noticia <em><strong>\u00abG\u00fcei el mio p\u00e1 convertiose n&#8217;estrella\u00bb.<\/strong><\/em><\/div>\n<div dir=\"auto\"><\/div>\n<div dir=\"auto\" style=\"text-align: center\"><span class=\"x193iq5w xeuugli x13faqbe x1vvkbs xt0psk2 x1i0vuye xvs91rp xo1l8bm x5n08af x10wh9bi xpm28yp x8viiok x1o7cslx x126k92a\"><span class=\"html-span xexx8yu x4uap5 x18d9i69 xkhd6sd x1hl2dhg x16tdsg8 x1vvkbs x3nfvp2 x1j61x8r x1fcty0u xdj266r xat24cr xgzva0m xhhsvwb xxymvpz xlup9mm x1kky2od\">\n<!-- iframe plugin v.6.0 wordpress.org\/plugins\/iframe\/ -->\n<iframe loading=\"lazy\" src=\"https:\/\/www.instagram.com\/reel\/DMbmVHdsu44\/embed\" width=\"460\" height=\"620\" 0=\"\/iframe\" scrolling=\"yes\" class=\"iframe-class\" frameborder=\"0\"><\/iframe>\n<\/span><\/span><\/div>\n<div dir=\"auto\">\n<p>Chavetta foi&#8217;l ceador de Puru Pelo, una ne\u00f1a con melena de colores, llue\u00f1e de la tecnolox\u00eda, fondamente sensible y entra\u00f1able. El so universu de dibuxos flori\u00f3 a partir de 2009, pero foi en 2014 cuando conquist\u00f3 les redes sociales y el coraz\u00f3n de miles de persones col so mensaxe claru: lo pequeno tami\u00e9n importa, y enforma. La tenrura como forma de resistencia.<\/p>\n<p>N&#8217;ochobre del 2024 particip\u00f3 del alcuentru educativu con estudiantes de Puertu Madryn y cunt\u00f3 a Canal 12 c\u00f3mo naci\u00f3 \u201cPuru Pelo\u201d, casi ensin buscalo, \u00abEmpec\u00e9 a dibuxar como tou chicu, a los 5 a\u00f1os, faciendo garabatos. Siempres me gust\u00f3&#8217;l dibuxu. A los 17 mand\u00e1ronme a estudiar dibuxu a Bonos Aires, pero la caricatura aburr\u00edame. Sigu\u00eda dibuxando y nun s\u00e9 c\u00f3mo, pero sali\u00f3 Puru Pelo. Empec\u00e9 a dibuxar a partir d&#8217;unes mu\u00f1eques xaponeses, les Kokei, y ende apaeci\u00f3\u201d, rellat\u00f3 n&#8217;ochobre de 2024 mientres un alcuentru con estudiantes en Puertu Madryn.<\/p>\n<p style=\"text-align: center\"><a href=\"https:\/\/www.delnaranjo.com\/wp-content\/uploads\/2018\/03\/Juan-Chavetta.jpg\"><img loading=\"lazy\" decoding=\"async\" class=\"aligncenter size-large\" src=\"https:\/\/www.delnaranjo.com\/wp-content\/uploads\/2018\/03\/Juan-Chavetta.jpg\" width=\"419\" height=\"398\" \/><\/a><\/p>\n<p>De magar, el so personaxe camin\u00f3 por escueles, feries, llibros y redes, llevando&#8217;l so mensaxe de sensibilid\u00e1, respetu, xuegu, y guapura no cotidiano. <strong>Chavetta fixo de la ilustraci\u00f3n un abelugu y una trinchera, dende onde s&#8217;anim\u00f3 a recordar que la infancia, l&#8217;amor, la familia y los xestos simples ent\u00e1 tienen un llugar.<\/strong><\/p>\n<p>G\u00fcei despid\u00edmoste con gratit\u00fa infinita. Vase l&#8217;artista, queda la so obra. Y con ella va siguir percorriendo caminos, semando tenrura, abrazando con colores y ense\u00f1\u00e1ndonos \u2014como \u00e9l\u2014 que nunca ye tarde para mirar el mundu con g\u00fceyos de ne\u00f1u.<\/p>\n<p>&nbsp;<\/p>\n<\/div>\n<div dir=\"auto\" style=\"text-align: center\"><span class=\"x193iq5w xeuugli x13faqbe x1vvkbs xt0psk2 x1i0vuye xvs91rp xo1l8bm x5n08af x10wh9bi xpm28yp x8viiok x1o7cslx x126k92a\"><span class=\"html-span xexx8yu x4uap5 x18d9i69 xkhd6sd x1hl2dhg x16tdsg8 x1vvkbs x3nfvp2 x1j61x8r x1fcty0u xdj266r xat24cr xgzva0m xhhsvwb xxymvpz xlup9mm x1kky2od\">\n<!-- iframe plugin v.6.0 wordpress.org\/plugins\/iframe\/ -->\n<iframe loading=\"lazy\" src=\"https:\/\/www.instagram.com\/reel\/DL3jB8vMnzC\/embed\" width=\"460\" height=\"620\" 0=\"\/iframe\" scrolling=\"yes\" class=\"iframe-class\" frameborder=\"0\"><\/iframe>\n<\/span><\/span><\/div>\n<div dir=\"auto\"><\/div>\n<div dir=\"auto\" style=\"text-align: center\"><span class=\"x193iq5w xeuugli x13faqbe x1vvkbs xt0psk2 x1i0vuye xvs91rp xo1l8bm x5n08af x10wh9bi xpm28yp x8viiok x1o7cslx x126k92a\"><span class=\"html-span xexx8yu x4uap5 x18d9i69 xkhd6sd x1hl2dhg x16tdsg8 x1vvkbs x3nfvp2 x1j61x8r x1fcty0u xdj266r xat24cr xgzva0m xhhsvwb xxymvpz xlup9mm x1kky2od\">\n<!-- iframe plugin v.6.0 wordpress.org\/plugins\/iframe\/ -->\n<iframe loading=\"lazy\" src=\"https:\/\/www.instagram.com\/reel\/DLYq08ysWsn\/embed\" width=\"460\" height=\"620\" 0=\"\/iframe\" scrolling=\"yes\" class=\"iframe-class\" frameborder=\"0\"><\/iframe>\n<\/span><\/span><\/div>\n<div dir=\"auto\"><\/div>\n<div dir=\"auto\"><em><span style=\"color: #008080\"><strong>Juan Chavetta naci\u00f3 en Z\u00e1rate, Prov. De Buenos Aires<\/strong>, es Ilustrador y Dise\u00f1ador Gr\u00e1fico, ha publicado sus trabajos en revistas como El Gourmet, Bacanal, Caras y Caretas, PIN, formulado dise\u00f1os para marcas deportivas, entre otras, marquesinas y gr\u00e1fica para obras de teatro infantil y publica asiduamente en editoriales dedicadas a los m\u00e1s chicos.<\/span><\/em><\/div>\n<div dir=\"auto\"><em><span style=\"color: #008080\">Colabora con los diarios y publicaciones zonales, y participa activamente de los eventos culturales y educativos de la provincia.<\/span><\/em><\/div>\n<div dir=\"auto\"><em><span style=\"color: #008080\"><strong>Ilustr\u00f3 para:<\/strong><\/span><\/em><br \/>\n<em><span style=\"color: #008080\">Josefino Lafinur viaja en galera (Editorial Atl\u00e1ntida) 2018 (escrito por Silvia Schujer)<\/span><\/em><br \/>\n<em><span style=\"color: #008080\">Coco en blanco y negro (Editorial Planeta) 2018 (escrito por Fabi\u00e1n Sevilla)<\/span><\/em><br \/>\n<em><span style=\"color: #008080\">C\u00f3mo ser un monstruo y no Asustarse en el intento (Quipu) 2018 (escrito por Felicitas Arrieta)<\/span><\/em><br \/>\n<em><span style=\"color: #008080\">Miranda. (Quipu) 2018 (escrito por Fernando De Vedia)<\/span><\/em><br \/>\n<em><span style=\"color: #008080\">Puro Pelo 2018 Agenda. (Quipu)<\/span><\/em><br \/>\n<em><span style=\"color: #008080\">As coisas simples da vida (Saber e ler, Brasil) 2017<\/span><\/em><br \/>\n<em><span style=\"color: #008080\">Vovo e um puper-heroi (Saber e ler, Brasil) 2017<\/span><\/em><br \/>\n<em><span style=\"color: #008080\">Alice e Dino (Saber e ler, Brasil) 2017<\/span><\/em><br \/>\n<em><span style=\"color: #008080\">Era uma vez um lobo mingau (Saber e ler, Brasil) 2017<\/span><\/em><br \/>\n<em><span style=\"color: #008080\">Puro Pelo 2017<\/span><\/em><br \/>\n<em><span style=\"color: #008080\">Ni pr\u00edncipes ni princesas (Quipu)<\/span><\/em><br \/>\n<em><span style=\"color: #008080\">Familia de todos los colores (Quipu)<\/span><\/em><br \/>\n<em><span style=\"color: #008080\">M\u00e1s conectados menos comunicados (Quipu)<\/span><\/em><br \/>\n<em><span style=\"color: #008080\">Las gemelas Lola y Lila (Quipu) (escritos por Fabi\u00e1n Sevilla)<\/span><\/em><br \/>\n<em><span style=\"color: #008080\">Puro Pelo 2017<\/span><\/em><br \/>\n<em><span style=\"color: #008080\">Agenda. (Quipu)<\/span><\/em><br \/>\n<em><span style=\"color: #008080\">Puro Pelo<\/span><\/em><br \/>\n<em><span style=\"color: #008080\">Mi mundo en colores 1, 2 y 3 para colorar. (Quipu)<\/span><\/em><br \/>\n<em><span style=\"color: #008080\">Puro Pelo 2016<\/span><\/em><br \/>\n<em><span style=\"color: #008080\">El gato y la margarita (Quipu)<\/span><\/em><br \/>\n<em><span style=\"color: #008080\">El viejo de la bolsa (Quipu)<\/span><\/em><br \/>\n<em><span style=\"color: #008080\">Todos somos montruitos (Quipu)<\/span><\/em><br \/>\n<em><span style=\"color: #008080\">Pintora de sue\u00f1os (Quipu) (escritos por Fabi\u00e1n Sevilla)<\/span><\/em><br \/>\n<em><span style=\"color: #008080\">Manu 2015 (Editora Saber e Ler)<\/span><\/em><br \/>\n<em><span style=\"color: #008080\">(Brasil, Juan Chavetta)<\/span><\/em><br \/>\n<em><span style=\"color: #008080\">La Maestra 2015 Barco de Vapor (escrito por Victoria Bayona)<\/span><\/em><br \/>\n<em><span style=\"color: #008080\">Con Francisco a mi lado 2015 (Sol 90 editorial)<\/span><\/em><br \/>\n<em><span style=\"color: #008080\">El Robo del Siglo 2015 Salim Ediciones (escrito por Mateo Niro)<\/span><\/em><br \/>\n<em><span style=\"color: #008080\">Puro Pelo 2 (Quipu) edici\u00f3n de autor<\/span><\/em><br \/>\n<em><span style=\"color: #008080\">Puro Pelo 2014 (edici\u00f3n de autor).<\/span><\/em><br \/>\n<em><span style=\"color: #008080\">Quipu 2014<\/span><\/em><br \/>\n<em><span style=\"color: #008080\">El resfr\u00edo del Yeti (escrito por Fabi\u00e1n Sevilla)<\/span><\/em><br \/>\n<em><span style=\"color: #008080\">Alfaguara 2014:<\/span><\/em><br \/>\n<em><span style=\"color: #008080\">Cinthia Scoch 3 y 4 (escrito por Ricardo Mari\u00f1o)<\/span><\/em><br \/>\n<em><span style=\"color: #008080\">Galerna 2013<\/span><\/em><br \/>\n<em><span style=\"color: #008080\">La escalera del miedo (escrita por Mar\u00eda Laura Dede)<\/span><\/em><br \/>\n<em><span style=\"color: #008080\">Jujuba (Brasil) 2013<\/span><\/em><br \/>\n<em><span style=\"color: #008080\">Horrible<\/span><\/em><br \/>\n<em><span style=\"color: #008080\">Muchas gracias a tuttis!!! 2013<\/span><\/em><br \/>\n<em><span style=\"color: #008080\">Chavetta Lepipe (edici\u00f3n de autor).<\/span><\/em><br \/>\n<em><span style=\"color: #008080\">Uranito 2013:<\/span><\/em><br \/>\n<em><span style=\"color: #008080\">Nunca vayas a Bah\u00eda Macabra (escrito por Fabi\u00e1n Sevilla)<\/span><\/em><br \/>\n<em><span style=\"color: #008080\">Del Naranjo 2013:<\/span><\/em><br \/>\n<em><span style=\"color: #008080\">Primer Susto (escrita por Cecilia Pisos)<\/span><\/em><br \/>\n<em><span style=\"color: #008080\">Alfaguara 2012:<\/span><\/em><br \/>\n<em><span style=\"color: #008080\">Cinthia Scoch 1 y 2 (escrito por Ricardo Mari\u00f1o)<\/span><\/em><br \/>\n<em><span style=\"color: #008080\">La venganza del muerto 2011 (escrito por Fernando Sorrentino)<\/span><\/em><br \/>\n<em><span style=\"color: #008080\">Garfios 2010 (escrito por Marcelo Birmajer)<\/span><\/em><br \/>\n<em><span style=\"color: #008080\">Recuerdo de Locosmos 2009 (escrito por Ricardo Mari\u00f1o).<\/span><\/em><br \/>\n<em><span style=\"color: #008080\">Grupo Macmillan:<\/span><\/em><br \/>\n<em><span style=\"color: #008080\">GPS 2011\/2012\/2013<\/span><\/em><br \/>\n<em><span style=\"color: #008080\">Kiko de la selva<\/span><\/em><br \/>\n<em><span style=\"color: #008080\">En el 2009 se edit\u00f3 Chavetta Lepip\u00e9, Ilustraciones, Volumen I (edici\u00f3n de autor).<\/span><\/em><\/div>\n","protected":false},"excerpt":{"rendered":"<p>Juan Chavetta: @puropelookoficial \/ Fin\u00f3 a los 54 a\u00f1os l&#8217;ilustrador de \u201cPuru pelo\u201d, dempu\u00e9s de lluchar contra una dura enfermed\u00e1. Nel a\u00f1u 2009 foi qu&#8217;apaeci\u00f3 \u201cPuru pelo\u201d, y en 2014 esplot\u00f3 en redes sociales, con una ne\u00f1a llue\u00f1e de la tecnolox\u00eda, con una sensibilid\u00e1 enorme, la tenrura, lo formoso de lo cotidiano, de les coses [&hellip;]<\/p>\n","protected":false},"author":117,"featured_media":0,"comment_status":"closed","ping_status":"open","sticky":false,"template":"","format":"standard","meta":{"footnotes":""},"categories":[89,63,139],"tags":[],"class_list":["post-55242","post","type-post","status-publish","format-standard","hentry","category-arte","category-dexonos","category-dibuxos"],"_links":{"self":[{"href":"https:\/\/edublog.educastur.es\/ixuxu\/wp-json\/wp\/v2\/posts\/55242","targetHints":{"allow":["GET"]}}],"collection":[{"href":"https:\/\/edublog.educastur.es\/ixuxu\/wp-json\/wp\/v2\/posts"}],"about":[{"href":"https:\/\/edublog.educastur.es\/ixuxu\/wp-json\/wp\/v2\/types\/post"}],"author":[{"embeddable":true,"href":"https:\/\/edublog.educastur.es\/ixuxu\/wp-json\/wp\/v2\/users\/117"}],"replies":[{"embeddable":true,"href":"https:\/\/edublog.educastur.es\/ixuxu\/wp-json\/wp\/v2\/comments?post=55242"}],"version-history":[{"count":13,"href":"https:\/\/edublog.educastur.es\/ixuxu\/wp-json\/wp\/v2\/posts\/55242\/revisions"}],"predecessor-version":[{"id":55255,"href":"https:\/\/edublog.educastur.es\/ixuxu\/wp-json\/wp\/v2\/posts\/55242\/revisions\/55255"}],"wp:attachment":[{"href":"https:\/\/edublog.educastur.es\/ixuxu\/wp-json\/wp\/v2\/media?parent=55242"}],"wp:term":[{"taxonomy":"category","embeddable":true,"href":"https:\/\/edublog.educastur.es\/ixuxu\/wp-json\/wp\/v2\/categories?post=55242"},{"taxonomy":"post_tag","embeddable":true,"href":"https:\/\/edublog.educastur.es\/ixuxu\/wp-json\/wp\/v2\/tags?post=55242"}],"curies":[{"name":"wp","href":"https:\/\/api.w.org\/{rel}","templated":true}]}}