{"id":55258,"date":"2025-07-01T14:00:29","date_gmt":"2025-07-01T12:00:29","guid":{"rendered":"https:\/\/edublog.educastur.es\/ixuxu\/?p=55258"},"modified":"2025-08-08T20:07:09","modified_gmt":"2025-08-08T18:07:09","slug":"esti-branu-esfruta-de-la-rede-natural-dasturies","status":"publish","type":"post","link":"https:\/\/edublog.educastur.es\/ixuxu\/2025\/07\/esti-branu-esfruta-de-la-rede-natural-dasturies\/","title":{"rendered":"Esti branu, esfruta de la Rede Natural d&#8217;Asturies"},"content":{"rendered":"<p style=\"text-align: center\"><span class=\"x193iq5w xeuugli x13faqbe x1vvkbs xt0psk2 x1i0vuye xvs91rp xo1l8bm x5n08af x10wh9bi xpm28yp x8viiok x1o7cslx x126k92a\"><span class=\"html-span xexx8yu x4uap5 x18d9i69 xkhd6sd x1hl2dhg x16tdsg8 x1vvkbs x3nfvp2 x1j61x8r x1fcty0u xdj266r xat24cr xgzva0m xhhsvwb xxymvpz xlup9mm x1kky2od\">\n<!-- iframe plugin v.6.0 wordpress.org\/plugins\/iframe\/ -->\n<iframe loading=\"lazy\" src=\"https:\/\/www.instagram.com\/reel\/DM9onWrsG6d\/embed\" width=\"460\" height=\"620\" 0=\"\/iframe\" scrolling=\"yes\" class=\"iframe-class\" frameborder=\"0\"><\/iframe>\n<\/span><\/span><\/p>\n<ul>\n<li>\u2600\ufe0fMientres el branu, l&#8217;arribaci\u00f3n nos espacios naturales protex\u00edos aumenta de forma significativa,\ud83d\udc65\ufe0f lo que plantega importantes retos en materia de caltenimientu. El turismu nun puede ser cualesquier: tien de ser consciente, respetuosu y compromet\u00edu.<\/li>\n<li>\ud83d\udeaf Cada visita tien un impactu, y el retu ye que s\u00eda positivu para la naturaleza y para les comunidaes locales.\ud83c\udfd8<\/li>\n<li>\u2705\ufe0fPor ello, si vas visitar dalgunu d&#8217;estos espacios naturales, ye fundamental que lo faigas dende&#8217;l respetu, la conciencia ambiental y el cumplimientu d&#8217;unes m\u00ednimes normes de comportamientu. \ud83d\udcc3<\/li>\n<li>\ud83d\ude0e\ud83e\udd7e Esti branu, esfruta de la Rede Natural d&#8217;Asturies, con responsabilid\u00e1 siguiendo esti dec\u00e1logu de bones pr\u00e1ctiques.<\/li>\n<li>\ud83d\udcabEl caltenimientu de la RENA depende tami\u00e9n de toos n\u00f3s.<\/li>\n<\/ul>\n<p style=\"text-align: center\"><a href=\"https:\/\/www.instagram.com\/rednaturaldeasturias\">https:\/\/www.instagram.com\/rednaturaldeasturias<\/a><\/p>\n<p>&nbsp;<\/p>\n","protected":false},"excerpt":{"rendered":"<p>\u2600\ufe0fMientres el branu, l&#8217;arribaci\u00f3n nos espacios naturales protex\u00edos aumenta de forma significativa,\ud83d\udc65\ufe0f lo que plantega importantes retos en materia de caltenimientu. El turismu nun puede ser cualesquier: tien de ser consciente, respetuosu y compromet\u00edu. \ud83d\udeaf Cada visita tien un impactu, y el retu ye que s\u00eda positivu para la naturaleza y para les comunidaes locales.\ud83c\udfd8 [&hellip;]<\/p>\n","protected":false},"author":117,"featured_media":0,"comment_status":"closed","ping_status":"open","sticky":false,"template":"","format":"standard","meta":{"footnotes":""},"categories":[314],"tags":[],"class_list":["post-55258","post","type-post","status-publish","format-standard","hentry","category-rede-natura-dasturies"],"_links":{"self":[{"href":"https:\/\/edublog.educastur.es\/ixuxu\/wp-json\/wp\/v2\/posts\/55258","targetHints":{"allow":["GET"]}}],"collection":[{"href":"https:\/\/edublog.educastur.es\/ixuxu\/wp-json\/wp\/v2\/posts"}],"about":[{"href":"https:\/\/edublog.educastur.es\/ixuxu\/wp-json\/wp\/v2\/types\/post"}],"author":[{"embeddable":true,"href":"https:\/\/edublog.educastur.es\/ixuxu\/wp-json\/wp\/v2\/users\/117"}],"replies":[{"embeddable":true,"href":"https:\/\/edublog.educastur.es\/ixuxu\/wp-json\/wp\/v2\/comments?post=55258"}],"version-history":[{"count":2,"href":"https:\/\/edublog.educastur.es\/ixuxu\/wp-json\/wp\/v2\/posts\/55258\/revisions"}],"predecessor-version":[{"id":55260,"href":"https:\/\/edublog.educastur.es\/ixuxu\/wp-json\/wp\/v2\/posts\/55258\/revisions\/55260"}],"wp:attachment":[{"href":"https:\/\/edublog.educastur.es\/ixuxu\/wp-json\/wp\/v2\/media?parent=55258"}],"wp:term":[{"taxonomy":"category","embeddable":true,"href":"https:\/\/edublog.educastur.es\/ixuxu\/wp-json\/wp\/v2\/categories?post=55258"},{"taxonomy":"post_tag","embeddable":true,"href":"https:\/\/edublog.educastur.es\/ixuxu\/wp-json\/wp\/v2\/tags?post=55258"}],"curies":[{"name":"wp","href":"https:\/\/api.w.org\/{rel}","templated":true}]}}