{"id":55287,"date":"2025-08-03T14:15:49","date_gmt":"2025-08-03T12:15:49","guid":{"rendered":"https:\/\/edublog.educastur.es\/ixuxu\/?p=55287"},"modified":"2025-08-08T21:17:19","modified_gmt":"2025-08-08T19:17:19","slug":"el-mesies-de-les-plantes-fai-de-guia-na-fonte-baxa-de-l-luarca-valdes","status":"publish","type":"post","link":"https:\/\/edublog.educastur.es\/ixuxu\/2025\/08\/el-mesies-de-les-plantes-fai-de-guia-na-fonte-baxa-de-l-luarca-valdes\/","title":{"rendered":"El mes\u00edes de les plantes fai de gu\u00eda na Fonte Baxa de L.luarca (Vald\u00e9s)"},"content":{"rendered":"<p style=\"text-align: center\"><span class=\"x193iq5w xeuugli x13faqbe x1vvkbs xt0psk2 x1i0vuye xvs91rp xo1l8bm x5n08af x10wh9bi xpm28yp x8viiok x1o7cslx x126k92a\"><span class=\"html-span xexx8yu x4uap5 x18d9i69 xkhd6sd x1hl2dhg x16tdsg8 x1vvkbs x3nfvp2 x1j61x8r x1fcty0u xdj266r xat24cr xgzva0m xhhsvwb xxymvpz xlup9mm x1kky2od\">\n<!-- iframe plugin v.6.0 wordpress.org\/plugins\/iframe\/ -->\n<iframe loading=\"lazy\" src=\"https:\/\/www.instagram.com\/reel\/DM3pWqBofRJ\/embed\" width=\"460\" height=\"620\" 0=\"\/iframe\" scrolling=\"yes\" class=\"iframe-class\" frameborder=\"0\"><\/iframe>\n<\/span><\/span><\/p>\n<p>El \u00abmes\u00edes de les plantes\u00bb fai de gu\u00eda na Fonte Baxa de L.luarca y ve n&#8217;Asturies potencial para m\u00e1s xard\u00edn. <a href=\"https:\/\/www.instagram.com\/carlos.magdalena.kew\/?hl=es\"><strong>Carlos Madalena<\/strong><\/a> comparte conocencies con mediu centenar de curiosos: <span style=\"color: #008080\"><em>\u00abCuanto m\u00e1s sabes, m\u00e1s t&#8217;interesa la flora\u00bb<\/em><\/span>. <a href=\"https:\/\/www.lne.es\/asturias\/2025\/08\/03\/mesias-plantas-guia-fonte-baxa-120304627.html\">LNE<\/a><br \/>\n<!--more--><br \/>\nMediu centenar de persones, delles llegaes espresamente de Madrid, Barcelona o Alicante, fueron les afortunaes que vivieron una visita \u00fanica al monte-xard\u00edn de la Fonte Baxa de L.luarca (Vald\u00e9s). Al gu\u00eda habitual, Nike Garc\u00eda, sum\u00e1ronse les esplicaciones del prestixosu conservador y divulgador Carlos Madalena, conoc\u00edu como&#8217;l mes\u00edes de les plantes\u00bb, encarg\u00e1u de velar poles especies tropicales de los Xardinos Reales (Royal Botanic Gardens) de Kew, en Londres, y que foi reconoc\u00edu va unos d\u00edes poLA NUEVA ESPA\u00d1A col premiu Asturianu del Mes\u00bb.<\/p>\n<p>Nuna visita que s&#8217;enllarg\u00f3 mientres dos hores, los bot\u00e1nicos llevaron a los asistentes a conocer delles de les especies m\u00e1s singulares que pueden vese nel xard\u00edn, ensin dexar de mentar otres comunes. Les esplicaciones fueron entemeciendo datos t\u00e9cnicos de les plantes, les sos propiedaes, pero tami\u00e9n partes d&#8217;hestoria ya intereses. Demostrando \u00abtoos esos universos espand\u00edos\u00bb que tienen les plantes, espunxo Carlos Madalena.<\/p>\n<p>A la so llegada al monte-xard\u00edn, que visitara nam\u00e1 y per primer vegada en 2021, sosprendiose col so \u00abterrible verdor\u00bb a pesar de tar n&#8217;agostu. <em>\u00abEl xard\u00edn ta como un verxel, ta empobin\u00e1u al norte y col mar casi nun hai xelaes, asina que la cantid\u00e1 de plantes que pueden cultivase equ\u00ed ye impresionante\u00bb<\/em>, destac\u00f3 l&#8217;espertu, qu&#8217;asegur\u00f3 que \u00abAsturies tien potencial pa tener m\u00e1s xardinos como este\u00bb.<\/p>\n<p>&nbsp;<\/p>\n<p style=\"text-align: center\"><a href=\"https:\/\/estaticos-cdn.prensaiberica.es\/clip\/7a2ea96b-4bf3-4046-973c-f8f9f51488db_16-9-aspect-ratio_default_0.webp\"><img loading=\"lazy\" decoding=\"async\" class=\"aligncenter size-large\" src=\"https:\/\/estaticos-cdn.prensaiberica.es\/clip\/7a2ea96b-4bf3-4046-973c-f8f9f51488db_16-9-aspect-ratio_default_0.webp\" width=\"880\" height=\"495\" \/><\/a>Los asistentes a la visita empuesta | D. \u00c1LVAREZ<\/p>\n<p>Lo que tami\u00e9n-y abluc\u00f3 foi la cantid\u00e1 de xente #sumar a la propuesta de realizar con \u00e9l la visita empuesta. Nuna selmana vendieron les 50 entraes reservaes pa la cita y el tel\u00e9fonu nun par\u00f3 de sonar recibiendo otres tantes llamaes que tuvieron que ser refugaes.<\/p>\n<p><em>\u00abAntes les plantes yeren cosa de g\u00fceles, pero fixeron un bon trabayu de base y agora a los nietos empi\u00e9cennos a interesar\u00bb<\/em>, apunt\u00f3 Madalena, que, al travi\u00e9s de la so esperiencia, se\u00f1al\u00f3 c\u00f3mo&#8217;l mundu de les plantes ye adictivu y conv\u00eddate a querer aprender m\u00e1s: <em>\u00abCuando nun conoces nada, ye tou igual, verde, pero cuando empieces a aprender, cuanto m\u00e1s sabes, m\u00e1s coses ves y m\u00e1s t&#8217;interesa\u00bb.<\/em><\/p>\n<p>A\u00f1edi\u00f3 am\u00e1s que nunca se puede saber nin la cent\u00e9sima parte de la conocencia xeneral qu&#8217;hai, nunca aburres porque siempres hai daqu\u00e9 qu&#8217;aprender o afayar\u00bb. Nesti sent\u00edu, record\u00f3 como va dos a\u00f1os public\u00f3 sobre la planta coles fueyes m\u00e1s grandes del mundu y taba \u00abal llau d&#8217;una carretera y naide di\u00e9rase cuenta de que yera una cosa distinta\u00bb.<\/p>\n<p style=\"text-align: center\"><span class=\"x193iq5w xeuugli x13faqbe x1vvkbs xt0psk2 x1i0vuye xvs91rp xo1l8bm x5n08af x10wh9bi xpm28yp x8viiok x1o7cslx x126k92a\"><span class=\"html-span xexx8yu x4uap5 x18d9i69 xkhd6sd x1hl2dhg x16tdsg8 x1vvkbs x3nfvp2 x1j61x8r x1fcty0u xdj266r xat24cr xgzva0m xhhsvwb xxymvpz xlup9mm x1kky2od\">\n<!-- iframe plugin v.6.0 wordpress.org\/plugins\/iframe\/ -->\n<iframe loading=\"lazy\" src=\"https:\/\/www.instagram.com\/reel\/DMdjyGyomyR\/embed\" width=\"460\" height=\"620\" 0=\"\/iframe\" scrolling=\"yes\" class=\"iframe-class\" frameborder=\"0\"><\/iframe>\n<\/span><\/span><\/p>\n<p>Dalgunes de les paraes de la visita llevaron a afayar intereses de la pasiflora, que cunta con m\u00e1s de 600 especies,<em> \u00abmunches t\u00e1n amenaciaes por estinci\u00f3n y equ\u00ed hai munches que podr\u00eden cultivase\u00bb<\/em>, sorray\u00f3 l&#8217;espertu.<\/p>\n<p>Los nen\u00fafares tami\u00e9n fueron una parada obligatoria, por ser xuna de les plantes favorites de Carlos Madalena:<em> \u00abCreo qu&#8217;a toos nos gusten los nen\u00fafares, ye una flor que sale na agua, ye de les m\u00e1s antig\u00fces qu&#8217;hai y bien diverses nel n\u00famberu d&#8217;especies\u00bb.<\/em><\/p>\n<p>La visita remat\u00f3 con una ponencia de Madalena na qu&#8217;espunxo una curtia hestoria de la evoluci\u00f3n de les plantes.<\/p>\n","protected":false},"excerpt":{"rendered":"<p>El \u00abmes\u00edes de les plantes\u00bb fai de gu\u00eda na Fonte Baxa de L.luarca y ve n&#8217;Asturies potencial para m\u00e1s xard\u00edn. Carlos Madalena comparte conocencies con mediu centenar de curiosos: \u00abCuanto m\u00e1s sabes, m\u00e1s t&#8217;interesa la flora\u00bb. LNE<\/p>\n","protected":false},"author":117,"featured_media":0,"comment_status":"closed","ping_status":"open","sticky":false,"template":"","format":"standard","meta":{"footnotes":""},"categories":[201],"tags":[],"class_list":["post-55287","post","type-post","status-publish","format-standard","hentry","category-flores"],"_links":{"self":[{"href":"https:\/\/edublog.educastur.es\/ixuxu\/wp-json\/wp\/v2\/posts\/55287","targetHints":{"allow":["GET"]}}],"collection":[{"href":"https:\/\/edublog.educastur.es\/ixuxu\/wp-json\/wp\/v2\/posts"}],"about":[{"href":"https:\/\/edublog.educastur.es\/ixuxu\/wp-json\/wp\/v2\/types\/post"}],"author":[{"embeddable":true,"href":"https:\/\/edublog.educastur.es\/ixuxu\/wp-json\/wp\/v2\/users\/117"}],"replies":[{"embeddable":true,"href":"https:\/\/edublog.educastur.es\/ixuxu\/wp-json\/wp\/v2\/comments?post=55287"}],"version-history":[{"count":4,"href":"https:\/\/edublog.educastur.es\/ixuxu\/wp-json\/wp\/v2\/posts\/55287\/revisions"}],"predecessor-version":[{"id":55289,"href":"https:\/\/edublog.educastur.es\/ixuxu\/wp-json\/wp\/v2\/posts\/55287\/revisions\/55289"}],"wp:attachment":[{"href":"https:\/\/edublog.educastur.es\/ixuxu\/wp-json\/wp\/v2\/media?parent=55287"}],"wp:term":[{"taxonomy":"category","embeddable":true,"href":"https:\/\/edublog.educastur.es\/ixuxu\/wp-json\/wp\/v2\/categories?post=55287"},{"taxonomy":"post_tag","embeddable":true,"href":"https:\/\/edublog.educastur.es\/ixuxu\/wp-json\/wp\/v2\/tags?post=55287"}],"curies":[{"name":"wp","href":"https:\/\/api.w.org\/{rel}","templated":true}]}}