{"id":55303,"date":"2025-08-08T14:10:09","date_gmt":"2025-08-08T12:10:09","guid":{"rendered":"https:\/\/edublog.educastur.es\/ixuxu\/?p=55303"},"modified":"2025-08-08T21:37:33","modified_gmt":"2025-08-08T19:37:33","slug":"atiendi-asturies-de-manuel-asur","status":"publish","type":"post","link":"https:\/\/edublog.educastur.es\/ixuxu\/2025\/08\/atiendi-asturies-de-manuel-asur\/","title":{"rendered":"\u00abAtiendi, Asturies\u00bb de Manuel Asur"},"content":{"rendered":"<div class=\"xdj266r x14z9mp xat24cr x1lziwak x1vvkbs x126k92a\">\n<div dir=\"auto\" style=\"text-align: center\"><span style=\"color: #ffff99\"><em><span style=\"font-size: 24px\"><strong>Atiendi, Asturies<\/strong>, de Manuel Asur<\/span><\/em><\/span><\/div>\n<div dir=\"auto\"><\/div>\n<\/div>\n<div class=\"x14z9mp xat24cr x1lziwak x1vvkbs xtlvy1s x126k92a\" style=\"text-align: center\">\n<div dir=\"auto\"><span style=\"color: #ffff99\"><em><span style=\"font-size: 24px\">Atiendi, Asturies, atiendi<\/span><\/em><\/span><\/div>\n<div dir=\"auto\"><span style=\"color: #ffff99\"><em><span style=\"font-size: 24px\">lo que falo na to fala<\/span><\/em><\/span><\/div>\n<div dir=\"auto\"><span style=\"color: #ffff99\"><em><span style=\"font-size: 24px\">anque nos oy\u00edos tengas<\/span><\/em><\/span><\/div>\n<div dir=\"auto\"><span style=\"color: #ffff99\"><em><span style=\"font-size: 24px\">muncha llingua castellana.<\/span><\/em><\/span><\/div>\n<div dir=\"auto\"><\/div>\n<\/div>\n<div class=\"x14z9mp xat24cr x1lziwak x1vvkbs xtlvy1s x126k92a\" style=\"text-align: center\">\n<div dir=\"auto\"><span style=\"color: #ffff99\"><em><span style=\"font-size: 24px\">S\u00e9 que sofristi abondu<\/span><\/em><\/span><\/div>\n<div dir=\"auto\"><span style=\"color: #ffff99\"><em><span style=\"font-size: 24px\">que fusti m\u00e1s nueche qu\u2019alba<\/span><\/em><\/span><\/div>\n<div dir=\"auto\"><span style=\"color: #ffff99\"><em><span style=\"font-size: 24px\">que fixisti too dafechu<\/span><\/em><\/span><\/div>\n<div dir=\"auto\"><span style=\"color: #ffff99\"><em><span style=\"font-size: 24px\">lo que sent\u00edes pel alma.<\/span><\/em><\/span><\/div>\n<div dir=\"auto\"><\/div>\n<\/div>\n<div class=\"x14z9mp xat24cr x1lziwak x1vvkbs xtlvy1s x126k92a\" style=\"text-align: center\">\n<div dir=\"auto\"><span style=\"color: #ffff99\"><em><span style=\"font-size: 24px\">S\u00e9lo bien, pero\u2019l dolor<\/span><\/em><\/span><\/div>\n<div dir=\"auto\"><span style=\"color: #ffff99\"><em><span style=\"font-size: 24px\">golvi\u00f3sete una mordaza<\/span><\/em><\/span><\/div>\n<div dir=\"auto\"><span style=\"color: #ffff99\"><em><span style=\"font-size: 24px\">dex\u00e1ndote a fuerza sombra<\/span><\/em><\/span><\/div>\n<div dir=\"auto\"><span style=\"color: #ffff99\"><em><span style=\"font-size: 24px\">una llaceria na fala.<\/span><\/em><\/span><\/div>\n<div dir=\"auto\"><\/div>\n<\/div>\n<div class=\"x14z9mp xat24cr x1lziwak x1vvkbs xtlvy1s x126k92a\" style=\"text-align: center\">\n<div dir=\"auto\"><span style=\"color: #ffff99\"><em><span style=\"font-size: 24px\">Esa llaceria espardi\u00f3se<\/span><\/em><\/span><\/div>\n<div dir=\"auto\"><span style=\"color: #ffff99\"><em><span style=\"font-size: 24px\">como una postiella gafa<\/span><\/em><\/span><\/div>\n<div dir=\"auto\"><span style=\"color: #ffff99\"><em><span style=\"font-size: 24px\">fendi\u00f3 to llingua llariega<\/span><\/em><\/span><\/div>\n<div dir=\"auto\"><span style=\"color: #ffff99\"><em><span style=\"font-size: 24px\">fasta torgate falala.<\/span><\/em><\/span><\/div>\n<div dir=\"auto\"><\/div>\n<\/div>\n<div class=\"x14z9mp xat24cr x1lziwak x1vvkbs xtlvy1s x126k92a\" style=\"text-align: center\">\n<div dir=\"auto\"><span style=\"color: #ffff99\"><em><span style=\"font-size: 24px\">Y la hestoria que pulsiasti<\/span><\/em><\/span><\/div>\n<div dir=\"auto\"><span style=\"color: #ffff99\"><em><span style=\"font-size: 24px\">cola pallabra bien alta<\/span><\/em><\/span><\/div>\n<div dir=\"auto\"><span style=\"color: #ffff99\"><em><span style=\"font-size: 24px\">quedando fo callandina<\/span><\/em><\/span><\/div>\n<div dir=\"auto\"><span style=\"color: #ffff99\"><em><span style=\"font-size: 24px\">como ensin acordanza.<\/span><\/em><\/span><\/div>\n<\/div>\n<div class=\"x14z9mp xat24cr x1lziwak x1vvkbs xtlvy1s x126k92a\" style=\"text-align: center\">\n<div dir=\"auto\"><span style=\"color: #ffff99\"><em><span style=\"font-size: 24px\">Y ensin acordanza un pueblu<\/span><\/em><\/span><\/div>\n<div dir=\"auto\"><span style=\"color: #ffff99\"><em><span style=\"font-size: 24px\">nun tien futuru a la llarga.<\/span><\/em><\/span><\/div>\n<div dir=\"auto\"><\/div>\n<\/div>\n<div class=\"x14z9mp xat24cr x1lziwak x1vvkbs xtlvy1s x126k92a\">\n<div dir=\"auto\" style=\"text-align: center\"><span style=\"color: #ffff99\"><em><span style=\"font-size: 24px\">Atiendi, Asturies, atiendi<\/span><\/em><\/span><\/div>\n<div dir=\"auto\" style=\"text-align: center\"><span style=\"color: #ffff99\"><em><span style=\"font-size: 24px\">lo que falo na to fala.<\/span><\/em><\/span><\/div>\n<\/div>\n","protected":false},"excerpt":{"rendered":"<p>Atiendi, Asturies, de Manuel Asur Atiendi, Asturies, atiendi lo que falo na to fala anque nos oy\u00edos tengas muncha llingua castellana. S\u00e9 que sofristi abondu que fusti m\u00e1s nueche qu\u2019alba que fixisti too dafechu lo que sent\u00edes pel alma. S\u00e9lo bien, pero\u2019l dolor golvi\u00f3sete una mordaza dex\u00e1ndote a fuerza sombra una llaceria na fala. Esa [&hellip;]<\/p>\n","protected":false},"author":117,"featured_media":0,"comment_status":"closed","ping_status":"open","sticky":false,"template":"","format":"aside","meta":{"footnotes":""},"categories":[39],"tags":[],"class_list":["post-55303","post","type-post","status-publish","format-aside","hentry","category-poesia","post_format-post-format-aside"],"_links":{"self":[{"href":"https:\/\/edublog.educastur.es\/ixuxu\/wp-json\/wp\/v2\/posts\/55303","targetHints":{"allow":["GET"]}}],"collection":[{"href":"https:\/\/edublog.educastur.es\/ixuxu\/wp-json\/wp\/v2\/posts"}],"about":[{"href":"https:\/\/edublog.educastur.es\/ixuxu\/wp-json\/wp\/v2\/types\/post"}],"author":[{"embeddable":true,"href":"https:\/\/edublog.educastur.es\/ixuxu\/wp-json\/wp\/v2\/users\/117"}],"replies":[{"embeddable":true,"href":"https:\/\/edublog.educastur.es\/ixuxu\/wp-json\/wp\/v2\/comments?post=55303"}],"version-history":[{"count":1,"href":"https:\/\/edublog.educastur.es\/ixuxu\/wp-json\/wp\/v2\/posts\/55303\/revisions"}],"predecessor-version":[{"id":55304,"href":"https:\/\/edublog.educastur.es\/ixuxu\/wp-json\/wp\/v2\/posts\/55303\/revisions\/55304"}],"wp:attachment":[{"href":"https:\/\/edublog.educastur.es\/ixuxu\/wp-json\/wp\/v2\/media?parent=55303"}],"wp:term":[{"taxonomy":"category","embeddable":true,"href":"https:\/\/edublog.educastur.es\/ixuxu\/wp-json\/wp\/v2\/categories?post=55303"},{"taxonomy":"post_tag","embeddable":true,"href":"https:\/\/edublog.educastur.es\/ixuxu\/wp-json\/wp\/v2\/tags?post=55303"}],"curies":[{"name":"wp","href":"https:\/\/api.w.org\/{rel}","templated":true}]}}