{"id":55312,"date":"2025-08-09T08:30:42","date_gmt":"2025-08-09T06:30:42","guid":{"rendered":"https:\/\/edublog.educastur.es\/ixuxu\/?p=55312"},"modified":"2025-08-09T10:07:37","modified_gmt":"2025-08-09T08:07:37","slug":"el-tiempu-el-comercio-113","status":"publish","type":"post","link":"https:\/\/edublog.educastur.es\/ixuxu\/2025\/08\/el-tiempu-el-comercio-113\/","title":{"rendered":"El tiempu (El Comercio)"},"content":{"rendered":"<p style=\"text-align: center\"><a href=\"https:\/\/s1.ppllstatics.com\/elcomercio\/www\/multimedia\/2025\/08\/08\/prevision-tiempo-asturias-kirG-U2302588077118HVD-1200x840@El%20Comercio.jpg\"><img loading=\"lazy\" decoding=\"async\" class=\"aligncenter size-large\" src=\"https:\/\/s1.ppllstatics.com\/elcomercio\/www\/multimedia\/2025\/08\/08\/prevision-tiempo-asturias-kirG-U2302588077118HVD-1200x840@El%20Comercio.jpg\" width=\"1200\" height=\"840\" \/><\/a><\/p>\n<p>Esperamos, en ll\u00ednees xenerales, un d\u00eda veraniegu. <strong>Los cielos<\/strong> van tar pocu nublos anque, si hai una zona na qu&#8217;haya una probabilid\u00e1 daqu\u00e9 m\u00e1s alta de ver nubes, esta va ser la mari\u00f1a. En tol interior vamos tar falando de cielos pr\u00e1cticamente estenaos sobremanera nes hores centrales del d\u00eda. Pero na mari\u00f1a nun se refuguen dellos intervalos nublos que, comoquier, nun van dexar precipitaciones. <strong>Los vientos<\/strong> van predominar de nordeste fluexos con delles raches moderaes na mari\u00f1a.<strong> Les temperatures m\u00ednimes<\/strong> van xubir y les m\u00e1ximes van ser similares a les del vienres o, s\u00eda que non, llixeramente un pocu m\u00e1s baxes.<\/p>\n<p><!--more--><\/p>\n<p><strong>El domingu<\/strong> va ser el d\u00eda m\u00e1s calorosu de la selmana. Los cielos van tar estenaos en tol Princip\u00e1u d&#8217;Asturies (incluyida nesti casu la mari\u00f1a) y les temperatures van xubir de forma notable y xeneralizada. Concretamente, les m\u00e1ximes van xubir hasta 7 o 8 \u00baC m\u00e1s que&#8217;l s\u00e1badu (na mari\u00f1a l&#8217;ascensu va ser m\u00e1s moder\u00e1u). Poro, esp\u00e9rense m\u00e1ximes que van superar claramente los 30 \u00baC en tol interior y con posibilid\u00e1 de devasar los 35 \u00baC nes zones m\u00e1s templaes del Princip\u00e1u. Ello ye que l&#8217;<strong>Axencia Estatal de Meteorolox\u00eda tien previstu activar l&#8217;avisu mariellu nel suroccidente asturianu por altes temperatures que van superar los 34 \u00baC. <\/strong><\/p>\n<p><strong>El llunes y el martes<\/strong> van ser otres dos xornaes bien caloroses que podr\u00eden, anque s\u00eda por pocu, superar a la del domingu.<\/p>\n","protected":false},"excerpt":{"rendered":"<p>Esperamos, en ll\u00ednees xenerales, un d\u00eda veraniegu. Los cielos van tar pocu nublos anque, si hai una zona na qu&#8217;haya una probabilid\u00e1 daqu\u00e9 m\u00e1s alta de ver nubes, esta va ser la mari\u00f1a. En tol interior vamos tar falando de cielos pr\u00e1cticamente estenaos sobremanera nes hores centrales del d\u00eda. Pero na mari\u00f1a nun se refuguen [&hellip;]<\/p>\n","protected":false},"author":117,"featured_media":0,"comment_status":"closed","ping_status":"open","sticky":false,"template":"","format":"standard","meta":{"footnotes":""},"categories":[5],"tags":[],"class_list":["post-55312","post","type-post","status-publish","format-standard","hentry","category-tiempu"],"_links":{"self":[{"href":"https:\/\/edublog.educastur.es\/ixuxu\/wp-json\/wp\/v2\/posts\/55312","targetHints":{"allow":["GET"]}}],"collection":[{"href":"https:\/\/edublog.educastur.es\/ixuxu\/wp-json\/wp\/v2\/posts"}],"about":[{"href":"https:\/\/edublog.educastur.es\/ixuxu\/wp-json\/wp\/v2\/types\/post"}],"author":[{"embeddable":true,"href":"https:\/\/edublog.educastur.es\/ixuxu\/wp-json\/wp\/v2\/users\/117"}],"replies":[{"embeddable":true,"href":"https:\/\/edublog.educastur.es\/ixuxu\/wp-json\/wp\/v2\/comments?post=55312"}],"version-history":[{"count":1,"href":"https:\/\/edublog.educastur.es\/ixuxu\/wp-json\/wp\/v2\/posts\/55312\/revisions"}],"predecessor-version":[{"id":55313,"href":"https:\/\/edublog.educastur.es\/ixuxu\/wp-json\/wp\/v2\/posts\/55312\/revisions\/55313"}],"wp:attachment":[{"href":"https:\/\/edublog.educastur.es\/ixuxu\/wp-json\/wp\/v2\/media?parent=55312"}],"wp:term":[{"taxonomy":"category","embeddable":true,"href":"https:\/\/edublog.educastur.es\/ixuxu\/wp-json\/wp\/v2\/categories?post=55312"},{"taxonomy":"post_tag","embeddable":true,"href":"https:\/\/edublog.educastur.es\/ixuxu\/wp-json\/wp\/v2\/tags?post=55312"}],"curies":[{"name":"wp","href":"https:\/\/api.w.org\/{rel}","templated":true}]}}