{"id":55314,"date":"2025-08-09T08:55:52","date_gmt":"2025-08-09T06:55:52","guid":{"rendered":"https:\/\/edublog.educastur.es\/ixuxu\/?p=55314"},"modified":"2025-08-09T10:29:09","modified_gmt":"2025-08-09T08:29:09","slug":"alarma-por-aguamales-nasturies-vuelven-a-ondear-les-banderes-coloraes","status":"publish","type":"post","link":"https:\/\/edublog.educastur.es\/ixuxu\/2025\/08\/alarma-por-aguamales-nasturies-vuelven-a-ondear-les-banderes-coloraes\/","title":{"rendered":"Alarma por aguamales n&#8217;Asturies: vuelven a ondear les banderes coloraes."},"content":{"rendered":"<p>Alarma por aguamales n&#8217;Asturies: vuelven a ondear les banderes coloraes.<a href=\"https:\/\/www.elcomercio.es\/asturias\/alarma-medusas-asturias-playas-carabelas-portuguesas-20250808181344-nt.html\"> El Comercio<\/a> La sablera xixonesa de San Llorienzo t\u00favose que cerrar esta tarde parcialmente al ba\u00f1u con marea alta y cientos de ba\u00f1istes na agua.<\/p>\n<p style=\"text-align: center\">\n<!-- iframe plugin v.6.0 wordpress.org\/plugins\/iframe\/ -->\n<iframe loading=\"lazy\" src=\"https:\/\/www.facebook.com\/plugins\/post.php?href=https%3A%2F%2Fwww.facebook.com%2Fpermalink.php%3Fstory_fbid%3Dpfbid02YWuwNvMReTNS3CYJp3mpav3fDaXrRe9EqwcSyJNCQpYjpiJx9s8byYDYKJrRwRsZl%26id%3D100091489147892&#038;show_text=false&#038;width=500\" width=\"500\" height=\"498\" style=\"border:none;overflow:hidden\" scrolling=\"no\" frameborder=\"0\" allowfullscreen=\"true\" allow=\"autoplay; clipboard-write; encrypted-media; picture-in-picture; web-share\" 0=\"\/iframe\" class=\"iframe-class\"><\/iframe>\n<\/p>\n<p>Esta tarde, a les 16.30, los responsables del serviciu de Salvamentu dieron orde de cerrar al ba\u00f1u la sablera de San Llorienzo de Xix\u00f3n. Al pie de la preceptiva bandera colorada ondeaba tami\u00e9n la tarrecida &#8216;bandera aguamala&#8217;, salvo na zona del Piles, onde hai bandera mariella. Ye la \u00fanica zona del arenal abierta al ba\u00f1u esta tarde nel arenal xixon\u00e9s, y al tar la marea alta, el llugar onde s&#8217;atropen m\u00e1s ba\u00f1istes. El restu tuvo que salir de l&#8217;agua apremi\u00e1u con xiblatos polos socorristes.<\/p>\n<p><!--more--><\/p>\n<p>Sollertes aguamala sigue presente n&#8217;otres zones de la mari\u00f1a asturiana. Seg\u00fan los datos compart\u00edos polos ba\u00f1istes al travi\u00e9s del <strong>portal medusapp<\/strong>, onde alverten d&#8217;avistamientos d&#8217;estos organismos y tami\u00e9n de carabeles portugueses, esti vienres dieren la voz de la so presencia en sableres de tola mari\u00f1a de la rex\u00f3n, d&#8217;oriente a occidente: Puertu Chicu, les C\u00e1mares, Borizu, Toranda (en Llanes), Santa Marina (Ribesella), La Beciella (Caravia), La Griega (Colunga), La \u00d1ora (Villaviciosa), San Llorienzo, Poniente, l&#8217;Arbeyal (Xix\u00f3n), Carranques (Carre\u00f1o), la sablera de Los Cristales (Goz\u00f3n), l&#8217;Aguilar (Muros de Nal\u00f3n), Castello (El Franco), El Murall\u00f3n, Los Campos (Tapia de Casariego) y en Pe\u00f1arronda (ente Castropol y Tapia). Sicas\u00ed, la presencia de les aguamales nun torga&#8217;l ba\u00f1u en munches d&#8217;estes sableres.<\/p>\n<p>&nbsp;<\/p>\n<div class=\"html-div xdj266r x14z9mp xat24cr x1lziwak xexx8yu x1a8lsjc xf7dkkf xv54qhq\">\n<div class=\"html-div xdj266r x14z9mp xat24cr x1lziwak xexx8yu xyri2b x18d9i69 x1c1uobl x1jx94hy x78zum5 x1q0g3np\">\n<div class=\"x78zum5 xdt5ytf xz62fqu x16ldp7u\">\n<div class=\"xu06os2 x1ok221b\">\n<div class=\"html-div xdj266r x14z9mp xat24cr x1lziwak xexx8yu xyri2b x18d9i69 x1c1uobl\" data-ad-rendering-role=\"profile_name\">\n<ul>\n<li class=\"html-h3 x14z9mp xat24cr x1lziwak xexx8yu xyri2b x18d9i69 x1c1uobl x1vvkbs x1heor9g x1qlqyl8 x1pd3egz x1a2a7pz x1gslohp x1yc453h\"><span class=\"x1lliihq x6ikm8r x10wlt62 x1n2onr6\"><span class=\"xt0psk2\"><a class=\"x1i10hfl xjbqb8w x1ejq31n x18oe1m7 x1sy0etr xstzfhl x972fbf x10w94by x1qhh985 x14e42zd x9f619 x1ypdohk xt0psk2 x3ct3a4 xdj266r x14z9mp xat24cr x1lziwak xexx8yu xyri2b x18d9i69 x1c1uobl x16tdsg8 x1hl2dhg xggy1nq x1a2a7pz xkrqix3 x1sur9pj xzsf02u x1s688f\" role=\"link\" href=\"https:\/\/www.facebook.com\/pinceladasdeasturias?__cft__[0]=AZUei8G-493Xnq_GykXjle9e5d46cmW0boETQ5ecUHPBvZXFgXcu6H4Dl_IrOqvHna4SdXsY6OdQzpbcWIqkOyHoB6lB8pPFnHZyrObGNVwm08rIIhTm9ML2X4LieWGwb9eZt7Dl2XKRIBrTcqabaJ0kRAfGIKlrZj3MVuCahEH-6WXuCuSvXY6HgaNcizM7xJP9mLniSECFEUnnev6FHD2p&amp;__tn__=-UC%2CP-y-R\"><b class=\"html-b xdj266r x14z9mp xat24cr x1lziwak xexx8yu xyri2b x18d9i69 x1c1uobl x1hl2dhg x16tdsg8 x1vvkbs x1s688f\"><span class=\"html-span xdj266r x14z9mp xat24cr x1lziwak xexx8yu xyri2b x18d9i69 x1c1uobl x1hl2dhg x16tdsg8 x1vvkbs\">Pinceladas de Asturias<\/span><\/b><\/a><\/span><\/span><\/li>\n<\/ul>\n<\/div>\n<\/div>\n<div class=\"xu06os2 x1ok221b\">\n<div class=\"html-div xdj266r x14z9mp xat24cr x1lziwak xexx8yu xyri2b x18d9i69 x1c1uobl x6s0dn4 x17zd0t2 x78zum5 x1q0g3np x1a02dak\"><\/div>\n<\/div>\n<\/div>\n<\/div>\n<\/div>\n<div class=\"html-div xdj266r x14z9mp xat24cr x1lziwak xexx8yu xyri2b x18d9i69 x1c1uobl\" dir=\"auto\">\n<div class=\"html-div xdj266r x14z9mp xat24cr x1lziwak xexx8yu xyri2b x18d9i69 x1c1uobl\" dir=\"auto\">\n<div class=\"html-div xdj266r x14z9mp xat24cr x1lziwak xexx8yu xyri2b x18d9i69 x1c1uobl\" data-ad-rendering-role=\"story_message\">\n<div class=\"x1l90r2v x1iorvi4 x1g0dm76 xpdmqnj\" data-ad-comet-preview=\"message\" data-ad-preview=\"message\">\n<div class=\"x78zum5 xdt5ytf xz62fqu x16ldp7u\">\n<div class=\"xu06os2 x1ok221b\">\n<div class=\"html-div xdj266r x14z9mp xat24cr x1lziwak xexx8yu xyri2b x18d9i69 x1c1uobl\">\n<div class=\"xdj266r x14z9mp xat24cr x1lziwak x1vvkbs x126k92a\">\n<div dir=\"auto\">Ante el avistamiento de ejemplares de medusas y carabelas portuguesas en distintas playas de la costa asturiana, desde el Servicio de Emergencias del Principado de Asturias (SEPA) se recomienda a los ba\u00f1istas no subestimar la situaci\u00f3n. Si observan la presencia de medusas o sufren alguna reacci\u00f3n adversa o picadura deben avisar al servicio de salvamento de la playa o en su defecto llamar al 1-1-2. Mantengan siempre precauci\u00f3n a la hora del ba\u00f1o.<\/div>\n<div dir=\"auto\"><\/div>\n<\/div>\n<div class=\"x14z9mp xat24cr x1lziwak x1vvkbs xtlvy1s x126k92a\">\n<div dir=\"auto\"><strong>RECOMENDACIONES A BA\u00d1ISTAS<\/strong><\/div>\n<div dir=\"auto\">No subestimes la situaci\u00f3n. Ante una proliferaci\u00f3n de medusas es mejor no meterse en el agua, ni siquiera en la orilla, ya que pueden existir fragmentos de tent\u00e1culos con la misma acci\u00f3n urticante. En caso de duda pregunta al servicio de vigilancia de la playa.<\/div>\n<div dir=\"auto\">No toques las medusas muertas o fragmentos de ellas: su poder urticante persiste hasta 24 horas en condiciones de sequedad.<\/div>\n<div dir=\"auto\">Si has visto medusas y no existe ning\u00fan aviso, informa al puesto m\u00e1s cercano de vigilancia o en su defecto llama al 1-1-2<\/div>\n<div dir=\"auto\">La zona de rompiente es una zona peligrosa en caso de existir medusas, ya que muchos fragmentos con acci\u00f3n urticante pueden concentrarse all\u00ed.<\/div>\n<div dir=\"auto\">Para minimizar el riesgo de picadura, puedes usar crema solar o protegerte con ropa ligera.<\/div>\n<div dir=\"auto\"><\/div>\n<\/div>\n<div class=\"x14z9mp xat24cr x1lziwak x1vvkbs xtlvy1s x126k92a\">\n<div dir=\"auto\"><strong>SI TE PICA UNA MEDUSA<\/strong><\/div>\n<div dir=\"auto\">No rasques o frotes la zona afectada, ni siquiera con una toalla o arena.<\/div>\n<div dir=\"auto\">Lava la zona con agua marina, nunca con agua dulce<\/div>\n<div dir=\"auto\">No apliques amoniaco, orines o vinagre.<\/div>\n<div dir=\"auto\">Quita los restos o trozos con pinzas y si lo haces con la mano, que est\u00e9 protegida.<\/div>\n<div dir=\"auto\">Para aliviar el dolor aplica fr\u00edo, durante 15 minutos, sin frotar. Si usas hielo evita el contacto directo con la piel.<\/div>\n<div dir=\"auto\">Los ni\u00f1os, personas mayores o aquellas con alergias que resulten afectados, pueden necesitar atenci\u00f3n especial.<\/div>\n<div dir=\"auto\">Si se observan s\u00edntomas como n\u00e1useas, v\u00f3mitos, mareos, calambres musculares, cefaleas o malestar generalizado, acude al hospital o centro de salud m\u00e1s pr\u00f3ximo e informa, si es posible, del tipo de medusa que produjo la picadura.<\/div>\n<div dir=\"auto\">Desinfecta la herida con alcohol yodado 2 o 3 veces al d\u00eda durante 48-72 horas.<\/div>\n<div dir=\"auto\">Se recomienda que aquellas personas que permanezcan un tiempo prolongado en el agua, utilicen prendas protectoras (gafas, trajes de neopreno, lycras, etc.).<\/div>\n<\/div>\n<\/div>\n<\/div>\n<\/div>\n<\/div>\n<\/div>\n<\/div>\n<\/div>\n","protected":false},"excerpt":{"rendered":"<p>Alarma por aguamales n&#8217;Asturies: vuelven a ondear les banderes coloraes. El Comercio La sablera xixonesa de San Llorienzo t\u00favose que cerrar esta tarde parcialmente al ba\u00f1u con marea alta y cientos de ba\u00f1istes na agua. Esta tarde, a les 16.30, los responsables del serviciu de Salvamentu dieron orde de cerrar al ba\u00f1u la sablera de [&hellip;]<\/p>\n","protected":false},"author":117,"featured_media":0,"comment_status":"closed","ping_status":"open","sticky":false,"template":"","format":"standard","meta":{"footnotes":""},"categories":[93,48,1],"tags":[],"class_list":["post-55314","post","type-post","status-publish","format-standard","hentry","category-sableres","category-salu","category-sin-categoria"],"_links":{"self":[{"href":"https:\/\/edublog.educastur.es\/ixuxu\/wp-json\/wp\/v2\/posts\/55314","targetHints":{"allow":["GET"]}}],"collection":[{"href":"https:\/\/edublog.educastur.es\/ixuxu\/wp-json\/wp\/v2\/posts"}],"about":[{"href":"https:\/\/edublog.educastur.es\/ixuxu\/wp-json\/wp\/v2\/types\/post"}],"author":[{"embeddable":true,"href":"https:\/\/edublog.educastur.es\/ixuxu\/wp-json\/wp\/v2\/users\/117"}],"replies":[{"embeddable":true,"href":"https:\/\/edublog.educastur.es\/ixuxu\/wp-json\/wp\/v2\/comments?post=55314"}],"version-history":[{"count":3,"href":"https:\/\/edublog.educastur.es\/ixuxu\/wp-json\/wp\/v2\/posts\/55314\/revisions"}],"predecessor-version":[{"id":55330,"href":"https:\/\/edublog.educastur.es\/ixuxu\/wp-json\/wp\/v2\/posts\/55314\/revisions\/55330"}],"wp:attachment":[{"href":"https:\/\/edublog.educastur.es\/ixuxu\/wp-json\/wp\/v2\/media?parent=55314"}],"wp:term":[{"taxonomy":"category","embeddable":true,"href":"https:\/\/edublog.educastur.es\/ixuxu\/wp-json\/wp\/v2\/categories?post=55314"},{"taxonomy":"post_tag","embeddable":true,"href":"https:\/\/edublog.educastur.es\/ixuxu\/wp-json\/wp\/v2\/tags?post=55314"}],"curies":[{"name":"wp","href":"https:\/\/api.w.org\/{rel}","templated":true}]}}