{"id":55332,"date":"2025-08-09T09:00:26","date_gmt":"2025-08-09T07:00:26","guid":{"rendered":"https:\/\/edublog.educastur.es\/ixuxu\/?p=55332"},"modified":"2025-08-09T14:20:04","modified_gmt":"2025-08-09T12:20:04","slug":"dia-mundial-de-los-amantes-de-los-llibros-2","status":"publish","type":"post","link":"https:\/\/edublog.educastur.es\/ixuxu\/2025\/08\/dia-mundial-de-los-amantes-de-los-llibros-2\/","title":{"rendered":"D\u00eda Mundial de los amantes de los llibros"},"content":{"rendered":"<p style=\"text-align: center\"><a href=\"https:\/\/fce.uncuyo.edu.ar\/cache\/bigstock-love-to-read-a-book-concept-259776184_732_1296.jpg\"><img loading=\"lazy\" decoding=\"async\" class=\"aligncenter \" src=\"https:\/\/fce.uncuyo.edu.ar\/cache\/bigstock-love-to-read-a-book-concept-259776184_732_1296.jpg\" width=\"653\" height=\"435\" \/><\/a><\/p>\n<p>\ud83d\udcd6\ud83d\udc95 (<span style=\"color: #008080\"><strong>Book Lovers Day<\/strong><\/span>), festivid\u00e1 que convida a relaxase y a atopar un llugar pac\u00edficu para lleer un bon llibru. Este ye un d\u00eda especial para los que l&#8217;amor polos llectura forma parte de les nueses vides. Ye una festivid\u00e1 non oficial que <strong>convida a les persones a celebrar la llectura y la lliteratura, <\/strong>a tomase un tiempu para esfrutar d&#8217;una bona llectura y a compartir la so pasi\u00f3n polos llibros.<\/p>\n<p style=\"text-align: center\"><span style=\"font-size: 24px;color: #008080\"><em><strong> \u00abOnde quiera que tea, si tengo un llibru conmigo,<\/strong><\/em><\/span><br \/>\n<span style=\"font-size: 24px;color: #008080\"><em><strong>voi tener un llugar onde dir y ser feliz\u00bb.<\/strong><\/em><\/span><br \/>\nJ.K. Rowling.<\/p>\n<p>&nbsp;<\/p>\n","protected":false},"excerpt":{"rendered":"<p>\ud83d\udcd6\ud83d\udc95 (Book Lovers Day), festivid\u00e1 que convida a relaxase y a atopar un llugar pac\u00edficu para lleer un bon llibru. Este ye un d\u00eda especial para los que l&#8217;amor polos llectura forma parte de les nueses vides. Ye una festivid\u00e1 non oficial que convida a les persones a celebrar la llectura y la lliteratura, a [&hellip;]<\/p>\n","protected":false},"author":117,"featured_media":0,"comment_status":"closed","ping_status":"open","sticky":false,"template":"","format":"standard","meta":{"footnotes":""},"categories":[6,9,10],"tags":[],"class_list":["post-55332","post","type-post","status-publish","format-standard","hentry","category-dia-de","category-libros-adultos","category-llibros-reciella"],"_links":{"self":[{"href":"https:\/\/edublog.educastur.es\/ixuxu\/wp-json\/wp\/v2\/posts\/55332","targetHints":{"allow":["GET"]}}],"collection":[{"href":"https:\/\/edublog.educastur.es\/ixuxu\/wp-json\/wp\/v2\/posts"}],"about":[{"href":"https:\/\/edublog.educastur.es\/ixuxu\/wp-json\/wp\/v2\/types\/post"}],"author":[{"embeddable":true,"href":"https:\/\/edublog.educastur.es\/ixuxu\/wp-json\/wp\/v2\/users\/117"}],"replies":[{"embeddable":true,"href":"https:\/\/edublog.educastur.es\/ixuxu\/wp-json\/wp\/v2\/comments?post=55332"}],"version-history":[{"count":2,"href":"https:\/\/edublog.educastur.es\/ixuxu\/wp-json\/wp\/v2\/posts\/55332\/revisions"}],"predecessor-version":[{"id":55334,"href":"https:\/\/edublog.educastur.es\/ixuxu\/wp-json\/wp\/v2\/posts\/55332\/revisions\/55334"}],"wp:attachment":[{"href":"https:\/\/edublog.educastur.es\/ixuxu\/wp-json\/wp\/v2\/media?parent=55332"}],"wp:term":[{"taxonomy":"category","embeddable":true,"href":"https:\/\/edublog.educastur.es\/ixuxu\/wp-json\/wp\/v2\/categories?post=55332"},{"taxonomy":"post_tag","embeddable":true,"href":"https:\/\/edublog.educastur.es\/ixuxu\/wp-json\/wp\/v2\/tags?post=55332"}],"curies":[{"name":"wp","href":"https:\/\/api.w.org\/{rel}","templated":true}]}}