{"id":55337,"date":"2025-08-09T12:00:12","date_gmt":"2025-08-09T10:00:12","guid":{"rendered":"https:\/\/edublog.educastur.es\/ixuxu\/?p=55337"},"modified":"2025-08-09T22:06:54","modified_gmt":"2025-08-09T20:06:54","slug":"descensu-internacional-del-sella-2","status":"publish","type":"post","link":"https:\/\/edublog.educastur.es\/ixuxu\/2025\/08\/descensu-internacional-del-sella-2\/","title":{"rendered":"Descensu Internacional del Sella"},"content":{"rendered":"<p style=\"text-align: center\">Una pareya que se dobla la ed\u00e1 y remando por tou un pueblu: asina foi&#8217;l trunfu m\u00e1s emocionante nel Sella, el de Bouz\u00e1n y Bert\u00edn Llera. <a href=\"https:\/\/www.rtpa.es\/noticias-sociedad\/2025-08-09\/Walter-Bouzan-y-Alberto-Llera-se-imponen-en-el-87-Descenso-del-Sella_111754737768.html?fbclid=IwY2xjawMEiYZleHRuA2FlbQIxMQABHl1TiGbUmgtuqHPTTqtKS-me3XNMIltxzYw9_a1jF3cMxn9O79tPgPtUk5Qo_aem_D7eI7PnV6EMHhVFsXseHqA\">RTPA<\/a>\/ <a href=\"https:\/\/www.lne.es\/fotos\/oriente\/2025\/08\/09\/imagenes-descenso-internacional-sella-fiesta-120489550.html#foto=1\">LNE<\/a><\/p>\n<p style=\"text-align: center\"><a href=\"https:\/\/estaticos-cdn.prensaiberica.es\/clip\/1184d5b5-b16f-4921-8a8c-e28099690178_source-aspect-ratio_default_0.jpg\"><img loading=\"lazy\" decoding=\"async\" class=\"aligncenter size-large\" src=\"https:\/\/estaticos-cdn.prensaiberica.es\/clip\/1184d5b5-b16f-4921-8a8c-e28099690178_source-aspect-ratio_default_0.jpg\" width=\"1620\" height=\"1080\" \/><\/a><\/p>\n<div class=\"html-div xdj266r x14z9mp xat24cr x1lziwak xexx8yu x1a8lsjc xf7dkkf xv54qhq\">\n<div class=\"html-div xdj266r x14z9mp xat24cr x1lziwak xexx8yu xyri2b x18d9i69 x1c1uobl x1jx94hy x78zum5 x1q0g3np\">\n<div class=\"x78zum5 xdt5ytf xz62fqu x16ldp7u\">\n<div class=\"xu06os2 x1ok221b\">\n<div class=\"html-div xdj266r x14z9mp xat24cr x1lziwak xexx8yu xyri2b x18d9i69 x1c1uobl\" data-ad-rendering-role=\"profile_name\">\n<ul>\n<li class=\"html-h3 x14z9mp xat24cr x1lziwak xexx8yu xyri2b x18d9i69 x1c1uobl x1vvkbs x1heor9g x1qlqyl8 x1pd3egz x1a2a7pz x1gslohp x1yc453h\"><span class=\"x1lliihq x6ikm8r x10wlt62 x1n2onr6\"><span class=\"xt0psk2\"><a class=\"x1i10hfl xjbqb8w x1ejq31n x18oe1m7 x1sy0etr xstzfhl x972fbf x10w94by x1qhh985 x14e42zd x9f619 x1ypdohk xt0psk2 x3ct3a4 xdj266r x14z9mp xat24cr x1lziwak xexx8yu xyri2b x18d9i69 x1c1uobl x16tdsg8 x1hl2dhg xggy1nq x1a2a7pz xkrqix3 x1sur9pj xzsf02u x1s688f\" role=\"link\" href=\"https:\/\/www.facebook.com\/riversella?__cft__[0]=AZVoIZhYt9bbzS84JJwWt1XsWQ4q93f57gmNIwQ4lkK9Qi37VXNriLLLw_ch_3qx18dgufvcy8HFJkaSdxwOQYzK3PFK6BSIx9D7ZNkIYlxk78lxudaxjMI1TNKmN4tlSCALN8elhRU3BiGLFBKDKcfxDpYoN-z-l2OUXexRmhJpLEhdCv0Apn9pdFCWQF-xrR5wl64ZFk0I3lc_KvVuxX5K&amp;__tn__=-UC%2CP-y-R\"><b class=\"html-b xdj266r x14z9mp xat24cr x1lziwak xexx8yu xyri2b x18d9i69 x1c1uobl x1hl2dhg x16tdsg8 x1vvkbs x1s688f\"><span class=\"html-span xdj266r x14z9mp xat24cr x1lziwak xexx8yu xyri2b x18d9i69 x1c1uobl x1hl2dhg x16tdsg8 x1vvkbs\">Descenso Internacional del Sella<\/span><\/b><\/a><\/span><\/span><span class=\"html-span xexx8yu xyri2b x18d9i69 x1c1uobl x1hl2dhg x16tdsg8 x1vvkbs x3nfvp2 x1j61x8r x1fcty0u xdj266r xat24cr xm2jcoa x1mpyi22 xxymvpz xlup9mm x1kky2od\" style=\"font-size: 16px\"><img loading=\"lazy\" decoding=\"async\" class=\"xz74otr x15mokao x1ga7v0g x16uus16 xbiv7yw\" src=\"https:\/\/static.xx.fbcdn.net\/images\/emoji.php\/v9\/tbe\/1\/16\/1f3c6.png\" alt=\"\ud83c\udfc6\" width=\"16\" height=\"16\" \/><\/span> <span class=\"html-span xdj266r x14z9mp xat24cr x1lziwak xexx8yu xyri2b x18d9i69 x1c1uobl x1hl2dhg x16tdsg8 x1vvkbs\" style=\"font-size: 16px\"><a class=\"x1i10hfl xjbqb8w x1ejq31n x18oe1m7 x1sy0etr xstzfhl x972fbf x10w94by x1qhh985 x14e42zd x9f619 x1ypdohk xt0psk2 x3ct3a4 xdj266r x14z9mp xat24cr x1lziwak xexx8yu xyri2b x18d9i69 x1c1uobl x16tdsg8 x1hl2dhg xggy1nq x1a2a7pz xkrqix3 x1sur9pj x1fey0fg x1s688f\" role=\"link\" href=\"https:\/\/l.facebook.com\/l.php?u=https%3A%2F%2Fwww.instagram.com%2F_u%2Fwbouzan%3Ffbclid%3DIwZXh0bgNhZW0CMTAAYnJpZBExMFpTTE5DaVJXR3dBRjk5NwEedhL-cnn46uCrbYGG1mxxELFl3WZ7cy3zsk98_Jv3utnR0Xf0NcWKThB7Bbg_aem_2Jw5Np9UPbL3ZLygo_MNmA&amp;h=AT1zAF6Eka4rvrdvLbJ-uDFap4lvFSHjLI_ZviCPcL1dVBP7E86n9wVrkrcEIRhnF_28czogiX7qBYSDAbhEnhCOuqWctofI3xTTG3xY28No164Q3SZxFcU42V4RcCvIVh-dd2NWTrByrFsbMA&amp;__tn__=-UK-y-R&amp;c[0]=AT1hyNMihav6AwtGWoBTwh8Z8V6A-89TzvI4Va7nHBQB17I7XcEL5GA9RSjIwY-tzT8p27RwoLexJj9YDN52ZYX8t5fGSGmXrnqDUb-hAxydKIO2xcXWa5aDr-YIKoz7sHdeN3Q5LXVFjKAUHovMJZtzX8vtUeIO8gw15gpcPCucV49lxkOImZn2AGzfhLDVDclQ0eETzBIk2cPU-8n_5AYI0KcS8uEUddbWrGmVqhLWBESd\" target=\"_blank\" rel=\"nofollow noopener noreferrer\">@wbouzan<\/a><\/span> <span class=\"html-span xdj266r x14z9mp xat24cr x1lziwak xexx8yu xyri2b x18d9i69 x1c1uobl x1hl2dhg x16tdsg8 x1vvkbs\" style=\"font-size: 16px\"><a class=\"x1i10hfl xjbqb8w x1ejq31n x18oe1m7 x1sy0etr xstzfhl x972fbf x10w94by x1qhh985 x14e42zd x9f619 x1ypdohk xt0psk2 x3ct3a4 xdj266r x14z9mp xat24cr x1lziwak xexx8yu xyri2b x18d9i69 x1c1uobl x16tdsg8 x1hl2dhg xggy1nq x1a2a7pz xkrqix3 x1sur9pj x1fey0fg x1s688f\" role=\"link\" href=\"https:\/\/l.facebook.com\/l.php?u=https%3A%2F%2Fwww.instagram.com%2F_u%2Fbertinllera%3Ffbclid%3DIwZXh0bgNhZW0CMTAAYnJpZBExMFpTTE5DaVJXR3dBRjk5NwEezsFEHYcMbseoJ5uFlCpIsfA7xKHSGk5h0rF1pJ-1Eb-TsdhmQZ9ULMIBbls_aem_4tc7URUMU2Fo7FIhkAVthg&amp;h=AT2fsVt87TNgEMA9qkRUzGCP97Px1jgMQdR4UqnBRivAms8FdBl5hNfR_qsEo9EmAUuO05Ns21iaFoNMkrZ6GNCdXozW4TNKKWWxSx7giNDaAgOGtE_Kt7EsbiXwlAts6RDaU_LiMr51fK3fpA&amp;__tn__=-UK-y-R&amp;c[0]=AT1hyNMihav6AwtGWoBTwh8Z8V6A-89TzvI4Va7nHBQB17I7XcEL5GA9RSjIwY-tzT8p27RwoLexJj9YDN52ZYX8t5fGSGmXrnqDUb-hAxydKIO2xcXWa5aDr-YIKoz7sHdeN3Q5LXVFjKAUHovMJZtzX8vtUeIO8gw15gpcPCucV49lxkOImZn2AGzfhLDVDclQ0eETzBIk2cPU-8n_5AYI0KcS8uEUddbWrGmVqhLWBESd\" target=\"_blank\" rel=\"nofollow noopener noreferrer\">@bertinllera<\/a><\/span><span style=\"font-size: 16px\"> !<span class=\"html-span xexx8yu xyri2b x18d9i69 x1c1uobl x1hl2dhg x16tdsg8 x1vvkbs x3nfvp2 x1j61x8r x1fcty0u xdj266r xat24cr xm2jcoa x1mpyi22 xxymvpz xlup9mm x1kky2od\"><img loading=\"lazy\" decoding=\"async\" class=\"xz74otr x15mokao x1ga7v0g x16uus16 xbiv7yw\" src=\"https:\/\/static.xx.fbcdn.net\/images\/emoji.php\/v9\/tde\/1\/16\/1f4f8.png\" alt=\"\ud83d\udcf8\" width=\"16\" height=\"16\" \/><\/span>\u00a0<span class=\"html-span xdj266r x14z9mp xat24cr x1lziwak xexx8yu xyri2b x18d9i69 x1c1uobl x1hl2dhg x16tdsg8 x1vvkbs\"><a class=\"x1i10hfl xjbqb8w x1ejq31n x18oe1m7 x1sy0etr xstzfhl x972fbf x10w94by x1qhh985 x14e42zd x9f619 x1ypdohk xt0psk2 x3ct3a4 xdj266r x14z9mp xat24cr x1lziwak xexx8yu xyri2b x18d9i69 x1c1uobl x16tdsg8 x1hl2dhg xggy1nq x1a2a7pz xkrqix3 x1sur9pj xzsf02u x1s688f\" role=\"link\" href=\"https:\/\/www.instagram.com\/_u\/xuan_cueto_foto?fbclid=IwZXh0bgNhZW0CMTAAYnJpZBExMFpTTE5DaVJXR3dBRjk5NwEexvCgqRSUtUNRA575vIw6tqTGE0bExaTLdiZwUj1s8sTRN9_BCNdROUv_GLw_aem_LMJPev22v1YKWiQwLFjxKA\" target=\"_blank\" rel=\"nofollow noopener noreferrer\">@xuan_cueto_foto<\/a><\/span>\u00a0<\/span><\/li>\n<\/ul>\n<p>\u00a1Qu\u00e9 carrera! Walter Bouz\u00e1n y Alberto Llera son los nuevos campeones del Descensu Internacional del Sella en categor\u00eda K2. Una victoria cien per cien riosellana y bien especial por dellos motivos: Ye&#8217;l primer trunfu en 29 a\u00f1os d&#8217;una K2 integrada por dos riosellanos, <strong>Walter Bouz\u00e1n<\/strong> rem\u00f3 con Alberto Llera padre y xuntos xubieron al segundu cax\u00f3n del Sella.<\/p>\n<p><!--more--><\/p>\n<p>Agora, con Bert\u00edn f\u00edu x\u00fabese lo m\u00e1s alto y cu\u00e9lgase l&#8217;oru.\u00a0 <strong>Y esta ye la novena victoria para Walter en K2. Sumaes a les 3 en K1, algama les 12 y convi\u00e9rtese nel pirag\u00fcista con m\u00e1s trunfos nel Sella<\/strong> \u00a1Incre\u00edble, campeones!<\/p>\n<p style=\"text-align: center\">\n<!-- iframe plugin v.6.0 wordpress.org\/plugins\/iframe\/ -->\n<iframe loading=\"lazy\" src=\"https:\/\/www.facebook.com\/plugins\/post.php?href=https%3A%2F%2Fwww.facebook.com%2Friversella%2Fposts%2Fpfbid0o8pcwf1nwQGuap5opGE7MBz36JapnV2TQmRmZLskXcYctJoBz4WLpqXGEYN9V9YJl&#038;show_text=false&#038;width=500\" width=\"500\" height=\"498\" style=\"border:none;overflow:hidden\" scrolling=\"no\" frameborder=\"0\" allowfullscreen=\"true\" allow=\"autoplay; clipboard-write; encrypted-media; picture-in-picture; web-share\" 0=\"\/iframe\" class=\"iframe-class\"><\/iframe>\n<\/p>\n<p style=\"text-align: center\">\n<!-- iframe plugin v.6.0 wordpress.org\/plugins\/iframe\/ -->\n<iframe loading=\"lazy\" src=\"https:\/\/www.facebook.com\/plugins\/post.php?href=https%3A%2F%2Fwww.facebook.com%2Fphoto.php%3Ffbid%3D1122358873250029%26set%3Da.452161423603114%26type%3D3&#038;show_text=false&#038;width=500\" width=\"500\" height=\"709\" style=\"border:none;overflow:hidden\" scrolling=\"no\" frameborder=\"0\" allowfullscreen=\"true\" allow=\"autoplay; clipboard-write; encrypted-media; picture-in-picture; web-share\" 0=\"\/iframe\" class=\"iframe-class\"><\/iframe>\n<\/p>\n<p><span class=\"html-span xexx8yu xyri2b x18d9i69 x1c1uobl x1hl2dhg x16tdsg8 x1vvkbs x3nfvp2 x1j61x8r x1fcty0u xdj266r xat24cr xm2jcoa x1mpyi22 xxymvpz xlup9mm x1kky2od\"><img loading=\"lazy\" decoding=\"async\" class=\"xz74otr x15mokao x1ga7v0g x16uus16 xbiv7yw\" src=\"https:\/\/static.xx.fbcdn.net\/images\/emoji.php\/v9\/tee\/1\/16\/1f6a3_200d_2640.png\" alt=\"\ud83d\udea3\u200d\u2640\ufe0f\" width=\"16\" height=\"16\" \/>\u00a0<\/span> \u00a1Les Tanias ll\u00e9vense&#8217;l Sella en K2! Tania \u00c1lvarez y Tania Fern\u00e1ndez volvieron demostrar que formen un t\u00e1ndem imbatible.\u00a0 Potencia, coordinaci\u00f3n y un r\u00edu que conocen como la palma de la so mano. \u00a1Norabona, campeonas @taniaafg92 <span class=\"html-span xdj266r x14z9mp xat24cr x1lziwak xexx8yu xyri2b x18d9i69 x1c1uobl x1hl2dhg x16tdsg8 x1vvkbs\"><a class=\"x1i10hfl xjbqb8w x1ejq31n x18oe1m7 x1sy0etr xstzfhl x972fbf x10w94by x1qhh985 x14e42zd x9f619 x1ypdohk xt0psk2 x3ct3a4 xdj266r x14z9mp xat24cr x1lziwak xexx8yu xyri2b x18d9i69 x1c1uobl x16tdsg8 x1hl2dhg xggy1nq x1a2a7pz xkrqix3 x1sur9pj xzsf02u x1s688f\" role=\"link\" href=\"https:\/\/l.facebook.com\/l.php?u=https%3A%2F%2Fwww.instagram.com%2F_u%2Ftaniaalvarez4%3Ffbclid%3DIwZXh0bgNhZW0CMTAAYnJpZBExMFpTTE5DaVJXR3dBRjk5NwEezsFEHYcMbseoJ5uFlCpIsfA7xKHSGk5h0rF1pJ-1Eb-TsdhmQZ9ULMIBbls_aem_4tc7URUMU2Fo7FIhkAVthg&amp;h=AT0nXv6-8lb3IroDuHjSar28weuWI_F392-IDRi6FDGW4mPyGr2jbIXXe_Oha069ciWi2OG4o1WLUY34qZ68vnjBSrcEIKy2S9gtNQPqqXWh0GckLT5ai2K9kLycDMdzK5L5hgpYycxmO5U7Xg&amp;__tn__=-UK*F&amp;c[0]=AT0eZ5bY4AkCJ3CpIXUuq5PavjWahNzv9d4c-TKJem49Z8AUhxDW0cTKB0bMle6AxqfpslLrNmK_fgznkfcESLJ7ukO-EW8WUyV3ikHd1r8nsvyIniXQF8MUsxuiLldMZpq1D4TLQK19wCRxTlOk1Dhux8ecMHVXxk_nDCKnXz8XZ-LlMs3ilhE0IufiWwRSp5d2UoP1O5PB-I7x_W2WOd2MmQ\" target=\"_blank\" rel=\"nofollow noopener noreferrer\">@taniaalvarez4<\/a><\/span>\u00a0!<\/p>\n<p style=\"text-align: center\">\n<!-- iframe plugin v.6.0 wordpress.org\/plugins\/iframe\/ -->\n<iframe loading=\"lazy\" src=\"https:\/\/www.facebook.com\/plugins\/post.php?href=https%3A%2F%2Fwww.facebook.com%2Friversella%2Fposts%2Fpfbid0d6d5DEXFoVFueNneJMbkjDXdTXwvqnAjhftxcdmYEL3nLxsf55K3kRQ8WcTs21Fbl&#038;show_text=false&#038;width=500\" width=\"500\" height=\"498\" style=\"border:none;overflow:hidden\" scrolling=\"no\" frameborder=\"0\" allowfullscreen=\"true\" allow=\"autoplay; clipboard-write; encrypted-media; picture-in-picture; web-share\" 0=\"\/iframe\" class=\"iframe-class\"><\/iframe>\n<\/p>\n<\/div>\n<\/div>\n<\/div>\n<\/div>\n<\/div>\n<p style=\"text-align: center\">\n<!-- iframe plugin v.6.0 wordpress.org\/plugins\/iframe\/ -->\n<iframe loading=\"lazy\" src=\"https:\/\/www.facebook.com\/plugins\/post.php?href=https%3A%2F%2Fwww.facebook.com%2Fphoto.php%3Ffbid%3D1122450686574181%26set%3Da.452161423603114%26type%3D3&#038;show_text=false&#038;width=500\" width=\"500\" height=\"709\" style=\"border:none;overflow:hidden\" scrolling=\"no\" frameborder=\"0\" allowfullscreen=\"true\" allow=\"autoplay; clipboard-write; encrypted-media; picture-in-picture; web-share\" 0=\"\/iframe\" class=\"iframe-class\"><\/iframe>\n<\/p>\n<p style=\"text-align: center\"><a href=\"https:\/\/estaticos-cdn.prensaiberica.es\/clip\/8ae31b14-7a57-4f1c-9b64-6fd29a19cadd_source-aspect-ratio_default_0.jpg\"><img loading=\"lazy\" decoding=\"async\" class=\"aligncenter size-large\" src=\"https:\/\/estaticos-cdn.prensaiberica.es\/clip\/8ae31b14-7a57-4f1c-9b64-6fd29a19cadd_source-aspect-ratio_default_0.jpg\" width=\"2000\" height=\"1333\" \/><\/a><\/p>\n<p style=\"text-align: center\"><a href=\"https:\/\/estaticos-cdn.prensaiberica.es\/clip\/2bba47f3-7261-4edc-aaab-af6153da6075_source-aspect-ratio_default_0.jpg\"><img loading=\"lazy\" decoding=\"async\" class=\"aligncenter size-large\" src=\"https:\/\/estaticos-cdn.prensaiberica.es\/clip\/2bba47f3-7261-4edc-aaab-af6153da6075_source-aspect-ratio_default_0.jpg\" width=\"2000\" height=\"1333\" \/><\/a><\/p>\n<p style=\"text-align: center\"><a href=\"https:\/\/estaticos-cdn.prensaiberica.es\/clip\/1fef994b-b5cd-4ed7-ad55-40c013c9fc29_source-aspect-ratio_default_0.jpg\"><img loading=\"lazy\" decoding=\"async\" class=\"aligncenter size-large\" src=\"https:\/\/estaticos-cdn.prensaiberica.es\/clip\/1fef994b-b5cd-4ed7-ad55-40c013c9fc29_source-aspect-ratio_default_0.jpg\" width=\"2000\" height=\"1333\" \/><\/a><\/p>\n<p style=\"text-align: center\"><a href=\"https:\/\/estaticos-cdn.prensaiberica.es\/clip\/d28eebd7-126d-4c3c-86b9-c0d8cb599b52_source-aspect-ratio_default_0.jpg\"><img loading=\"lazy\" decoding=\"async\" class=\"aligncenter size-large\" src=\"https:\/\/estaticos-cdn.prensaiberica.es\/clip\/d28eebd7-126d-4c3c-86b9-c0d8cb599b52_source-aspect-ratio_default_0.jpg\" width=\"2000\" height=\"1333\" \/><\/a><\/p>\n","protected":false},"excerpt":{"rendered":"<p>Una pareya que se dobla la ed\u00e1 y remando por tou un pueblu: asina foi&#8217;l trunfu m\u00e1s emocionante nel Sella, el de Bouz\u00e1n y Bert\u00edn Llera. RTPA\/ LNE Descenso Internacional del Sella @wbouzan @bertinllera !\u00a0@xuan_cueto_foto\u00a0 \u00a1Qu\u00e9 carrera! Walter Bouz\u00e1n y Alberto Llera son los nuevos campeones del Descensu Internacional del Sella en categor\u00eda K2. Una [&hellip;]<\/p>\n","protected":false},"author":117,"featured_media":0,"comment_status":"closed","ping_status":"open","sticky":false,"template":"","format":"standard","meta":{"footnotes":""},"categories":[133],"tags":[],"class_list":["post-55337","post","type-post","status-publish","format-standard","hentry","category-deportes"],"_links":{"self":[{"href":"https:\/\/edublog.educastur.es\/ixuxu\/wp-json\/wp\/v2\/posts\/55337","targetHints":{"allow":["GET"]}}],"collection":[{"href":"https:\/\/edublog.educastur.es\/ixuxu\/wp-json\/wp\/v2\/posts"}],"about":[{"href":"https:\/\/edublog.educastur.es\/ixuxu\/wp-json\/wp\/v2\/types\/post"}],"author":[{"embeddable":true,"href":"https:\/\/edublog.educastur.es\/ixuxu\/wp-json\/wp\/v2\/users\/117"}],"replies":[{"embeddable":true,"href":"https:\/\/edublog.educastur.es\/ixuxu\/wp-json\/wp\/v2\/comments?post=55337"}],"version-history":[{"count":10,"href":"https:\/\/edublog.educastur.es\/ixuxu\/wp-json\/wp\/v2\/posts\/55337\/revisions"}],"predecessor-version":[{"id":55372,"href":"https:\/\/edublog.educastur.es\/ixuxu\/wp-json\/wp\/v2\/posts\/55337\/revisions\/55372"}],"wp:attachment":[{"href":"https:\/\/edublog.educastur.es\/ixuxu\/wp-json\/wp\/v2\/media?parent=55337"}],"wp:term":[{"taxonomy":"category","embeddable":true,"href":"https:\/\/edublog.educastur.es\/ixuxu\/wp-json\/wp\/v2\/categories?post=55337"},{"taxonomy":"post_tag","embeddable":true,"href":"https:\/\/edublog.educastur.es\/ixuxu\/wp-json\/wp\/v2\/tags?post=55337"}],"curies":[{"name":"wp","href":"https:\/\/api.w.org\/{rel}","templated":true}]}}