{"id":55346,"date":"2025-08-09T13:00:05","date_gmt":"2025-08-09T11:00:05","guid":{"rendered":"https:\/\/edublog.educastur.es\/ixuxu\/?p=55346"},"modified":"2025-08-10T12:28:43","modified_gmt":"2025-08-10T10:28:43","slug":"sanjay-singh-presidente-de-lasociacion-mundial-de-bateo-doru","status":"publish","type":"post","link":"https:\/\/edublog.educastur.es\/ixuxu\/2025\/08\/sanjay-singh-presidente-de-lasociacion-mundial-de-bateo-doru\/","title":{"rendered":"Sanjay Singh, presidente de l&#8217;Asociaci\u00f3n mundial de bateo d&#8217;oru"},"content":{"rendered":"<p>Sanjay Singh, presidente de l&#8217;Asociaci\u00f3n mundial de bateo d&#8217;oru: \u00abEl bateo axunta a xente de toles cultures, tien el valor de la unid\u00e1\u00bb. \u00abDiba a\u00f1os que nun hab\u00eda tantos participantes nesti campeonatu, lo que demuestra que somos una activid\u00e1 viva\u00bb. <a href=\"https:\/\/www.lne.es\/occidente\/2025\/08\/08\/sanjay-singh-presidente-asociacion-mundial-120444669.html\">LNE<\/a><\/p>\n<p style=\"text-align: center\"><a href=\"https:\/\/estaticos-cdn.prensaiberica.es\/clip\/2e1040b4-364f-4fe7-b4c9-d419ca4d210f_16-9-aspect-ratio_default_0.webp\"><img loading=\"lazy\" decoding=\"async\" class=\"aligncenter size-large\" src=\"https:\/\/estaticos-cdn.prensaiberica.es\/clip\/2e1040b4-364f-4fe7-b4c9-d419ca4d210f_16-9-aspect-ratio_default_0.webp\" width=\"880\" height=\"495\" \/><\/a><br \/>\nSanjay Singh, cola so batea, na \u00e1rea de competici\u00f3n del Navelgas Arena. | DEMELSA \u00c1LVAREZ<\/p>\n<p>Sanjay Singh ye&#8217;l presidente de l&#8217;Asociaci\u00f3n Mundial de Bateo d&#8217;Oru (World Goldpanning Association) dende va seis a\u00f1os y esta selmana at\u00f3pase en Navelgas esfrutando del Campeonatu Mundial de la modalid\u00e1 (activid\u00e1 que cunta cola collaboraci\u00f3n de LA NUEVA ESPA\u00d1A) non solo como representante, sin\u00f3n como bateador.<\/p>\n<p><!--more--><\/p>\n<p>Con \u00e9l viax\u00f3 una delegaci\u00f3n de participantes ya inclusive la ministra de Cultura, Deportes y Recreaci\u00f3n de Mpumalanga (Sur\u00e1frica), Leah Martha Mabuza. Ello ye que Sanjay Singh trabaya nel Ministeriu y la so funci\u00f3n xira en redol a la preservaci\u00f3n y caltenimientu de la hestoria y el patrimoniu, que na rex\u00f3n sudafricana de la que proceden ta bien venceyada al oru.<\/p>\n<p><em><strong>-\u00bfQu\u00e9 significa para ust\u00e9 tar en Navelgas?<\/strong><\/em><\/p>\n<p><em>-Foi un a\u00f1u d&#8217;espera provec\u00eda. Lo m\u00e1s guapo ye que, tando n&#8217;\u00c1frica, sent\u00edme como si tuviera nes sos xuntes, hab\u00eda una comunicaci\u00f3n constante. Asina que cuando llegu\u00e9 equ\u00ed sent\u00ed que yera parte del equipu, non daqui\u00e9n de fuera. Los espa\u00f1oles trabayen duru y faenlo con pasi\u00f3n.<\/em><\/p>\n<p><em><strong>-\u00bfC\u00f3mo valora la organizaci\u00f3n del campeonatu?<\/strong><\/em><\/p>\n<p><em>-Esti campeonatu marca un nuevu est\u00e1ndar, un nuevu modelu para&#8217;l futuru. El comit\u00e9 organizador d&#8217;Espa\u00f1a incl\u00fai tantu a mozos como a persones con esperiencia y les resultancies d&#8217;esa estratexa t\u00e1n a la vista. Nunca antes tuvi\u00e9ramos m\u00e1s de 500 participantes preinscritos, preregistrados y con pagu anteman\u00e1u, ente otres novedaes. Creo que&#8217;l secretu del \u00e9situ d&#8217;esti campeonatu ye qu&#8217;Espa\u00f1a nun trabay\u00f3 sola. Trabay\u00f3 con otros pa\u00edses. Pidi\u00f3 ayuda. Supo delegar. Supo confiar.<\/em><\/p>\n<p><em><strong>-\u00bfQu\u00e9 significa&#8217;l bateo d&#8217;oru na rex\u00f3n sudafricana que representa por que viniera tami\u00e9n la ministra de Cultura na delegaci\u00f3n?<\/strong><\/em><\/p>\n<p><em>-Lo prioritario pal Gobiernu sudafricano ye la construcci\u00f3n de la naci\u00f3n y la cohesi\u00f3n social. Hai que recordar la hestoria de Sur\u00e1frica, cuando viv\u00edamos separaos, onde lo bono yera solu pa les persones blanques y lo malo pa les persones negres. Agora&#8217;l Gobiernu esf\u00f3rciase enforma por xunir a tol mundu. Nel Departamentu de Cultura, Deporte y Recreaci\u00f3n siguimos esi mandatu y buscamos actividaes que xunan a les persones. Al travi\u00e9s de los servicios muse\u00edsticos y de patrimoniu vimos qu&#8217;esta activid\u00e1 ye \u00fanica pa esta provincia y qu&#8217;am\u00e1s consigue axuntar a persones de toles cultures, edaes, x\u00e9neru\u2026 Por eso&#8217;l gobiernu puede sofitar el bateo. Los bateadores van pensar que&#8217;l gobiernu sofita&#8217;l deporte. Pero lo qu&#8217;en realid\u00e1 sofitamos ye la construcci\u00f3n de la naci\u00f3n y la cohesi\u00f3n social.<\/em><\/p>\n<p><em><strong>-\u00bfQu\u00e9 apurre esa diversid\u00e1 a esta disciplina?<\/strong><\/em><\/p>\n<p><em>-Demuestra qu&#8217;hai un espaciu nel que podemos convivir n&#8217;harmon\u00eda y en paz los unos colos otros nun mundu llenu de guerres y enfrentamientos. Equ\u00ed naide sabe cu\u00e1l ye l&#8217;oficiu del otru, a naide imp\u00f3rta-y eso, solo importa que somos una familia la \u00abGolden Family\u00bb y la mio responsabilid\u00e1 ye promover esta unid\u00e1 global y el valor de tar xuntos.<\/em><\/p>\n<p><em><strong>-\u00bfEn qu\u00e9 momentu ta&#8217;l bateo d&#8217;oru?<\/strong><\/em><\/p>\n<p><em>-Si repara l&#8217;eventu en Rep\u00fablica Checa l&#8217;a\u00f1u pas\u00e1u y este n&#8217;Espa\u00f1a, diba a\u00f1os que nun hab\u00eda tantos participantes. Y esi n\u00famberu demuestra que nun somos un caballu morrebundu. Somos una activid\u00e1 viva. La xente ll\u00e1malo la \u201cGolden Family\u201d porque siente que pertenez a ella. Y mientres sientas que perteneces, vas volver. Am\u00e1s, ver que cualquier gobiernu quier implicase en daqu\u00e9 que nin se conoz, ye porque ve un valor. Nesti casu, el de la unid\u00e1, el de qu&#8217;una pequena activid\u00e1, nun pequenu pueblu puede faer qu&#8217;Espa\u00f1a apaeza en medios nacionales ya internacionales.<\/em><\/p>\n<p><em><strong>-Tami\u00e9n se trabaya p&#8217;atraer a les nueves xeneraciones.<\/strong><\/em><\/p>\n<p><em>-Va unos a\u00f1os l&#8217;asociaci\u00f3n tom\u00f3 la decisi\u00f3n d&#8217;introducir una categor\u00eda non oficial familiar y #cada pa\u00eds tien programes pa la moced\u00e1. En Sur\u00e1frica tenemos un programa escolar col que faemos actividaes en colexos, un campeonatu escolar que sirve pa escoyer a quien van dir a los campeonatos nacionales, que nun paguen inscripci\u00f3n, subvencionales el departamentu de Cultura del gobiernu.<\/em><\/p>\n<p><em><strong>-\u00bfQu\u00e9 conseyu dar\u00eda pa practicar esta disciplina con \u00e9situ?<\/strong><\/em><\/p>\n<p><em>-nun voi contestar a eso. Pero lo que s\u00ed voi dicir ye que, pa caltener y protexer la tradici\u00f3n del bateo d&#8217;oru, tenemos que pensar en c\u00f3mo yera esto fai cientos d&#8217;a\u00f1os, cuando s&#8217;afay\u00f3 l&#8217;oru nos r\u00edos. Usaben equipamientu tradicional y gustar\u00edame qu&#8217;en les nueses competiciones hubiera un equilibriu mayor ente equipamientu tradicional y de velocid\u00e1. Tocantes a t\u00e9cnica, toos tienen d&#8217;aprender a lleer el sable. Porque en cada eventu, el sable p\u00f3rtase de manera distinta. Si sabes lleela bien, vas saber remanala.<\/em><\/p>\n","protected":false},"excerpt":{"rendered":"<p>Sanjay Singh, presidente de l&#8217;Asociaci\u00f3n mundial de bateo d&#8217;oru: \u00abEl bateo axunta a xente de toles cultures, tien el valor de la unid\u00e1\u00bb. \u00abDiba a\u00f1os que nun hab\u00eda tantos participantes nesti campeonatu, lo que demuestra que somos una activid\u00e1 viva\u00bb. LNE Sanjay Singh, cola so batea, na \u00e1rea de competici\u00f3n del Navelgas Arena. | DEMELSA [&hellip;]<\/p>\n","protected":false},"author":117,"featured_media":0,"comment_status":"closed","ping_status":"open","sticky":false,"template":"","format":"standard","meta":{"footnotes":""},"categories":[133],"tags":[],"class_list":["post-55346","post","type-post","status-publish","format-standard","hentry","category-deportes"],"_links":{"self":[{"href":"https:\/\/edublog.educastur.es\/ixuxu\/wp-json\/wp\/v2\/posts\/55346","targetHints":{"allow":["GET"]}}],"collection":[{"href":"https:\/\/edublog.educastur.es\/ixuxu\/wp-json\/wp\/v2\/posts"}],"about":[{"href":"https:\/\/edublog.educastur.es\/ixuxu\/wp-json\/wp\/v2\/types\/post"}],"author":[{"embeddable":true,"href":"https:\/\/edublog.educastur.es\/ixuxu\/wp-json\/wp\/v2\/users\/117"}],"replies":[{"embeddable":true,"href":"https:\/\/edublog.educastur.es\/ixuxu\/wp-json\/wp\/v2\/comments?post=55346"}],"version-history":[{"count":1,"href":"https:\/\/edublog.educastur.es\/ixuxu\/wp-json\/wp\/v2\/posts\/55346\/revisions"}],"predecessor-version":[{"id":55347,"href":"https:\/\/edublog.educastur.es\/ixuxu\/wp-json\/wp\/v2\/posts\/55346\/revisions\/55347"}],"wp:attachment":[{"href":"https:\/\/edublog.educastur.es\/ixuxu\/wp-json\/wp\/v2\/media?parent=55346"}],"wp:term":[{"taxonomy":"category","embeddable":true,"href":"https:\/\/edublog.educastur.es\/ixuxu\/wp-json\/wp\/v2\/categories?post=55346"},{"taxonomy":"post_tag","embeddable":true,"href":"https:\/\/edublog.educastur.es\/ixuxu\/wp-json\/wp\/v2\/tags?post=55346"}],"curies":[{"name":"wp","href":"https:\/\/api.w.org\/{rel}","templated":true}]}}