{"id":55373,"date":"2025-08-08T12:02:32","date_gmt":"2025-08-08T10:02:32","guid":{"rendered":"https:\/\/edublog.educastur.es\/ixuxu\/?p=55373"},"modified":"2025-08-09T22:08:51","modified_gmt":"2025-08-09T20:08:51","slug":"el-seya-axunta-a-miles-de-visitantes","status":"publish","type":"post","link":"https:\/\/edublog.educastur.es\/ixuxu\/2025\/08\/el-seya-axunta-a-miles-de-visitantes\/","title":{"rendered":"El Seya axunta a miles de visitantes"},"content":{"rendered":"<p style=\"text-align: center\"><a href=\"https:\/\/www.rtpa.es\/fotos\/\/25\/08\/20250808141116_RTPA6960982.webp\"><img loading=\"lazy\" decoding=\"async\" class=\"aligncenter size-large\" src=\"https:\/\/www.rtpa.es\/fotos\/\/25\/08\/20250808141116_RTPA6960982.webp\" width=\"853\" height=\"480\" \/><\/a><\/p>\n<ul>\n<li class=\"font-size-m padding-b-20 font-weight-b margin-t-16\"><a href=\"https:\/\/www.rtpa.es\/noticias-sociedad-ast\/2025-08-08\/El-Seya-axunta-a-miles-de-visitantes_111754656918.html\">M\u00e1s de 330 axentes de la Guardia Civil participen nel dispositivu de segurid\u00e1 del Seya<\/a><\/li>\n<\/ul>\n<p>Ma\u00f1ana, a les 12:00, cuando tenga llugar la salida del 87 Descensu Internacional del Seya, van ser los pirag\u00fcistes los que s&#8217;apoderen del r\u00edu, pero a lo llargo del branu son miles los turistes que baxen el r\u00edu en canoa, un productu tur\u00edsticu estrella, que naci\u00f3 fai y\u00e1 m\u00e1s de tres d\u00e9cades y que munches persones faen a\u00f1u tres d&#8217;a\u00f1u.<\/p>\n<p><!--more--><\/p>\n<p>A les puertes de la Fiesta de les Pirag\u00fces, el Descensu del Seya en canoa, pel branu, ye diariu con cientos y cientos de turistes que, una vegada forn\u00edos paseen per Les Arriondes hasta xubise a la so embarcaci\u00f3n y llanzase al r\u00edu.<\/p>\n<p>Ente quien fai\u2019l Seya en canoa hai munchos que repiten.<\/p>\n<p>Ma\u00f1ana estes gardu\u00f1es van abrise pa los participantes nel 87 Descensu Internacional del Seya, un r\u00edu nel que tami\u00e9n remen y que tami\u00e9n esfruten los turistes.<\/p>\n<p><strong>M\u00e1s de 330 axentes de la Guardia Civil participen nel dispositivu de segurid\u00e1 del Seya<\/strong><\/p>\n<p>El dispositivu de segurid\u00e1 entam\u00e1u pola Guardia Civil por cuenta de la celebraci\u00f3n del Descensu Internacional del Seya y de la fiesta de les pirag\u00fces va esplegase hasta&#8217;l pr\u00f3ximu domingu, 10 d&#8217;agostu, ente Les Arriondes y Ribeseya a 330 efectivos de venti especialidaes distintes.<\/p>\n<p>Los axentes van cuntar con 179 medios de tresporte, ente camiones, furgonetes, turismos, touterrenos, motocicletes, aeronaves, embarcaciones y el Puestu de Mandu, y con un sistema de captaci\u00f3n d&#8217;im\u00e1xenes tomaes dende un helic\u00f3pteru que tresmite per 4G y que va dexar faer un siguimientu en directo del dispositivu dende cualesquier tableta, m\u00f3vil o televisi\u00f3n que fueren habilitaos.<\/p>\n<p>Nesta edici\u00f3n, a diferencia d&#8217;a\u00f1os anteriores nos que se fa\u00eda necesaria la movilizaci\u00f3n d&#8217;un helic\u00f3pteru del Serviciu Central de Madrid pa poder llevar alantre esti comet\u00edu, la reci\u00e9n incorporaci\u00f3n d&#8217;una aeronave al Serviciu Aereu d&#8217;Asturies con capacid\u00e1 p&#8217;acoplar esti sistema de captaci\u00f3n d&#8217;imaxe, dexa qu&#8217;esti comet\u00edu se faiga pol helic\u00f3pteru de la Comandancia d&#8217;Asturies.<\/p>\n<p>La vixilancia de la redolada a\u00e9rea vese reforzada angua\u00f1o am\u00e1s con dellos equipos de personal especializ\u00e1u en materia de Xesti\u00f3n Aeron\u00e1utica y Segurid\u00e1 operacional, qu&#8217;apurren un total de 12 drones, 3 equipos de detecci\u00f3n de drones y 4 inhibidores de los mesmos. Too ello pa reforzar la segurid\u00e1 a\u00e9rea nes zones d&#8217;inter\u00e9s.<\/p>\n<p>Hasta les 14:00 hores del domingu, tami\u00e9n se van llevar alantre controles nos accesos a Les Arriondes y Ribeseya, y nes v\u00edes de comunicaci\u00f3n tanto en materia de Tr\u00e1ficu como de Segurid\u00e1 Ciudadana.<\/p>\n<p>Nes primeres tratar d&#8217;evitar la circulaci\u00f3n de veh\u00edculos col conductor so influencia de b\u00e9bora alcoh\u00f3lico o droga t\u00f3xico y nos de Segurid\u00e1 Ciudadana col env\u00eds de prindar armes prohib\u00edes y droga toxico.<\/p>\n<p>El Descensu del Seya, nel que ma\u00f1ana van participar m\u00e1s de 1.300 palistes de tol mundu, y les actividaes l\u00fadiques y d&#8217;ociu que lleva asociaes atraen cada edici\u00f3n a miles de persones que, en delles ocasiones aver\u00e1ronse a les 200.000, lo que motiva un ampliu espliegue de medios por parte de la Guardia Civil y de los servicios d&#8217;emerxencia del Princip\u00e1u.<\/p>\n","protected":false},"excerpt":{"rendered":"<p>M\u00e1s de 330 axentes de la Guardia Civil participen nel dispositivu de segurid\u00e1 del Seya Ma\u00f1ana, a les 12:00, cuando tenga llugar la salida del 87 Descensu Internacional del Seya, van ser los pirag\u00fcistes los que s&#8217;apoderen del r\u00edu, pero a lo llargo del branu son miles los turistes que baxen el r\u00edu en canoa, [&hellip;]<\/p>\n","protected":false},"author":117,"featured_media":0,"comment_status":"closed","ping_status":"open","sticky":false,"template":"","format":"standard","meta":{"footnotes":""},"categories":[133],"tags":[],"class_list":["post-55373","post","type-post","status-publish","format-standard","hentry","category-deportes"],"_links":{"self":[{"href":"https:\/\/edublog.educastur.es\/ixuxu\/wp-json\/wp\/v2\/posts\/55373","targetHints":{"allow":["GET"]}}],"collection":[{"href":"https:\/\/edublog.educastur.es\/ixuxu\/wp-json\/wp\/v2\/posts"}],"about":[{"href":"https:\/\/edublog.educastur.es\/ixuxu\/wp-json\/wp\/v2\/types\/post"}],"author":[{"embeddable":true,"href":"https:\/\/edublog.educastur.es\/ixuxu\/wp-json\/wp\/v2\/users\/117"}],"replies":[{"embeddable":true,"href":"https:\/\/edublog.educastur.es\/ixuxu\/wp-json\/wp\/v2\/comments?post=55373"}],"version-history":[{"count":1,"href":"https:\/\/edublog.educastur.es\/ixuxu\/wp-json\/wp\/v2\/posts\/55373\/revisions"}],"predecessor-version":[{"id":55374,"href":"https:\/\/edublog.educastur.es\/ixuxu\/wp-json\/wp\/v2\/posts\/55373\/revisions\/55374"}],"wp:attachment":[{"href":"https:\/\/edublog.educastur.es\/ixuxu\/wp-json\/wp\/v2\/media?parent=55373"}],"wp:term":[{"taxonomy":"category","embeddable":true,"href":"https:\/\/edublog.educastur.es\/ixuxu\/wp-json\/wp\/v2\/categories?post=55373"},{"taxonomy":"post_tag","embeddable":true,"href":"https:\/\/edublog.educastur.es\/ixuxu\/wp-json\/wp\/v2\/tags?post=55373"}],"curies":[{"name":"wp","href":"https:\/\/api.w.org\/{rel}","templated":true}]}}