{"id":55377,"date":"2025-08-09T12:10:54","date_gmt":"2025-08-09T10:10:54","guid":{"rendered":"https:\/\/edublog.educastur.es\/ixuxu\/?p=55377"},"modified":"2025-08-09T22:12:00","modified_gmt":"2025-08-09T20:12:00","slug":"lasociacion-polos-derechos-de-persones-con-autismu-insiste-na-necesida-ampliar-latencion-temprana","status":"publish","type":"post","link":"https:\/\/edublog.educastur.es\/ixuxu\/2025\/08\/lasociacion-polos-derechos-de-persones-con-autismu-insiste-na-necesida-ampliar-latencion-temprana\/","title":{"rendered":"L&#8217;Asociaci\u00f3n polos derechos de persones con autismu insiste na necesid\u00e1 ampliar l&#8217;atenci\u00f3n temprana"},"content":{"rendered":"<div class=\"padding-t-35\">\n<ul>\n<li class=\"font-size-xxl margin-b-5 font-weight-b color-b-050 letter-spacing--1 fuente-corporativa\"><a href=\"https:\/\/www.rtpa.es\/noticias-asturias-ast\/2025-08-08\/L'Asociacion-polos-derechos-de-persones-con-autismu-insiste-na-necesida-ampliar-l'atencion-temprana_111754679987.html\">L&#8217;Asociaci\u00f3n polos derechos de persones con autismu insiste na necesid\u00e1 ampliar l&#8217;atenci\u00f3n temprana.<\/a><\/li>\n<\/ul>\n<\/div>\n<div id=\"multimedia\" class=\"capa_imagen_player img-det-not\">\n<div id=\"mediaplayer\">\n<div id=\"video-a-reproducir2257807733\" class=\"video-js vjs-default-skin vjs-16-9 vjs-big-play-centered vjs-paused vjs-fluid video-a-reproducir2257807733-dimensions vjs-controls-enabled vjs-workinghover vjs-v8 vjs-user-active vjs-layout-medium vjs-hls-quality-selector\" lang=\"es\" role=\"region\" aria-label=\"Reproductor de Video\">\n<div class=\"vjs-poster\"><img decoding=\"async\" class=\"aligncenter\" src=\"https:\/\/www.rtpa.es\/fotos\/\/25\/08\/20250808210824_RTPA6963722.webp\" alt=\"\" \/><\/div>\n<div class=\"vjs-text-track-display\" aria-live=\"off\">\n<div><\/div>\n<\/div>\n<\/div>\n<\/div>\n<\/div>\n<div id=\"noticiacompleta\" class=\"parragraph-padding font-c-conent\">\n<ul>\n<li class=\"font-size-m padding-b-20 font-weight-b margin-t-16\">Piden que s&#8217;ampl\u00ede de los 3 d&#8217;angua\u00f1o a los 6 a\u00f1os y m\u00e1s profesionales pal serviciu.<\/li>\n<\/ul>\n<p><!--more--><\/p>\n<p>L\u2019Asociaci\u00f3n polos derechos de persones con autismu insiste na necesid\u00e1 d\u2019ampliar l\u2019atenci\u00f3n temprana qu\u2019ufierten los servicios p\u00fablicos hasta los seis a\u00f1os, como n\u2019otres comunidaes aut\u00f3nomes. Angua\u00f1o dase hasta los tres o cuando\u2019l menor entama\u2019l cursu escolar. L\u2019asociaci\u00f3n particip\u00f3 na Feria de Muestres nuna charra sobre detecci\u00f3n prematura. Tami\u00e9n pide m\u00e1s profesionales pa esi serviciu.<\/p>\n<p>Na conferencia destac\u00f3se la importancia del papel de la familia na detecci\u00f3n prematura de testornos del neurodesendolcu, como\u2019l del d\u00e9ficit d\u2019atenci\u00f3n y hiperactivid\u00e1 o\u2019l del espectru autista asegura C\u00e9sar Luis Sanz de la Garza, psiquiatra infantil y de l\u2019adolescencia.<\/p>\n<p>Y por supuestu profesionales como los pediatres. Una vegada que se cunta con un diagn\u00f3sticu habr\u00e1 que planificar qu\u00e9 tipu de terapies se necesiten.<\/p>\n<p>Ye importante, espliquen, qu\u2019eses intervenciones tengan una continuid\u00e1, que seyan les que se necesiten en cada etapa apunta Mar\u00eda Mu\u00f1iz, psic\u00f3loga de la cl\u00ednica Inypema.<\/p>\n<p>La infancia, recuerden, ye una etapa crucial.<\/p>\n<\/div>\n<p>&nbsp;<\/p>\n","protected":false},"excerpt":{"rendered":"<p>L&#8217;Asociaci\u00f3n polos derechos de persones con autismu insiste na necesid\u00e1 ampliar l&#8217;atenci\u00f3n temprana. Piden que s&#8217;ampl\u00ede de los 3 d&#8217;angua\u00f1o a los 6 a\u00f1os y m\u00e1s profesionales pal serviciu.<\/p>\n","protected":false},"author":117,"featured_media":0,"comment_status":"closed","ping_status":"open","sticky":false,"template":"","format":"standard","meta":{"footnotes":""},"categories":[300],"tags":[],"class_list":["post-55377","post","type-post","status-publish","format-standard","hentry","category-enfermedaes"],"_links":{"self":[{"href":"https:\/\/edublog.educastur.es\/ixuxu\/wp-json\/wp\/v2\/posts\/55377","targetHints":{"allow":["GET"]}}],"collection":[{"href":"https:\/\/edublog.educastur.es\/ixuxu\/wp-json\/wp\/v2\/posts"}],"about":[{"href":"https:\/\/edublog.educastur.es\/ixuxu\/wp-json\/wp\/v2\/types\/post"}],"author":[{"embeddable":true,"href":"https:\/\/edublog.educastur.es\/ixuxu\/wp-json\/wp\/v2\/users\/117"}],"replies":[{"embeddable":true,"href":"https:\/\/edublog.educastur.es\/ixuxu\/wp-json\/wp\/v2\/comments?post=55377"}],"version-history":[{"count":1,"href":"https:\/\/edublog.educastur.es\/ixuxu\/wp-json\/wp\/v2\/posts\/55377\/revisions"}],"predecessor-version":[{"id":55378,"href":"https:\/\/edublog.educastur.es\/ixuxu\/wp-json\/wp\/v2\/posts\/55377\/revisions\/55378"}],"wp:attachment":[{"href":"https:\/\/edublog.educastur.es\/ixuxu\/wp-json\/wp\/v2\/media?parent=55377"}],"wp:term":[{"taxonomy":"category","embeddable":true,"href":"https:\/\/edublog.educastur.es\/ixuxu\/wp-json\/wp\/v2\/categories?post=55377"},{"taxonomy":"post_tag","embeddable":true,"href":"https:\/\/edublog.educastur.es\/ixuxu\/wp-json\/wp\/v2\/tags?post=55377"}],"curies":[{"name":"wp","href":"https:\/\/api.w.org\/{rel}","templated":true}]}}