{"id":55382,"date":"2025-08-10T08:30:35","date_gmt":"2025-08-10T06:30:35","guid":{"rendered":"https:\/\/edublog.educastur.es\/ixuxu\/?p=55382"},"modified":"2025-08-10T12:21:26","modified_gmt":"2025-08-10T10:21:26","slug":"el-tiempu-el-comercio-114","status":"publish","type":"post","link":"https:\/\/edublog.educastur.es\/ixuxu\/2025\/08\/el-tiempu-el-comercio-114\/","title":{"rendered":"El tiempu (El Comercio)"},"content":{"rendered":"<p style=\"text-align: center\"><a href=\"https:\/\/s3.ppllstatics.com\/elcomercio\/www\/multimedia\/2025\/08\/09\/prevision-tiempo-asturias-kpd-U2302588077118HVD-1200x840@El%20Comercio.jpg\"><img loading=\"lazy\" decoding=\"async\" class=\"aligncenter size-large\" src=\"https:\/\/s3.ppllstatics.com\/elcomercio\/www\/multimedia\/2025\/08\/09\/prevision-tiempo-asturias-kpd-U2302588077118HVD-1200x840@El%20Comercio.jpg\" width=\"1200\" height=\"840\" \/><\/a><\/p>\n<p><strong> Los cielos<\/strong> van tar pr\u00e1cticamente estenos, anque nun se refuguen delles nubes baxes a primeres hores de la ma\u00f1ana. <strong>Pela tarde<\/strong>, a lo sumo, podr\u00eden apaecer dellos intervalos de nubes medies dende&#8217;l cordal ensin importancia. Nun se preven precipitaciones en neng\u00fan momentu. <strong>Los vientos<\/strong> van ser fluexos con delles raches de nordeste localmente moderaes na mari\u00f1a. Pero <strong>lo m\u00e1s destacao del d\u00eda<\/strong>, ensin batura a duldes, va ser l&#8217;ascensu t\u00e9rmicu de les m\u00e1ximes. Hai previsi\u00f3n d&#8217;un ascensu d&#8217;hasta 6 o 7 \u00baC m\u00e1s que&#8217;l s\u00e1badu, anque na mari\u00f1a y zones pr\u00f3ximes l&#8217;ascensu va ser m\u00e1s moder\u00e1u.<strong> Les m\u00ednimes<\/strong> van caltenese salvu na mari\u00f1a onde, llixeramente, van xubir un pocu. L&#8217;Axencia Estatal de Meteorolox\u00eda va activar a les 13:00 hores l&#8217;avisu mariellu tantu nel suroccidente como nel cordal por altes temperatures. Esti avisu va concluyir a les 21:00 hores. En dichu avisu indica la posibilid\u00e1 de llegar a algamar, puntualmente, los 37 \u00baC.<\/p>\n<p><strong>El llunes<\/strong> tami\u00e9n va ser un d\u00eda bien calorosu onde se van volver a superar, con alta probabilid\u00e1, los 35 \u00baC nel Princip\u00e1u. <strong>Calor tami\u00e9n pal martes<\/strong> pero, a partir del mi\u00e9rcoles, van baxar les temperatures.<\/p>\n","protected":false},"excerpt":{"rendered":"<p>Los cielos van tar pr\u00e1cticamente estenos, anque nun se refuguen delles nubes baxes a primeres hores de la ma\u00f1ana. Pela tarde, a lo sumo, podr\u00eden apaecer dellos intervalos de nubes medies dende&#8217;l cordal ensin importancia. Nun se preven precipitaciones en neng\u00fan momentu. Los vientos van ser fluexos con delles raches de nordeste localmente moderaes na [&hellip;]<\/p>\n","protected":false},"author":117,"featured_media":0,"comment_status":"closed","ping_status":"open","sticky":false,"template":"","format":"standard","meta":{"footnotes":""},"categories":[5],"tags":[],"class_list":["post-55382","post","type-post","status-publish","format-standard","hentry","category-tiempu"],"_links":{"self":[{"href":"https:\/\/edublog.educastur.es\/ixuxu\/wp-json\/wp\/v2\/posts\/55382","targetHints":{"allow":["GET"]}}],"collection":[{"href":"https:\/\/edublog.educastur.es\/ixuxu\/wp-json\/wp\/v2\/posts"}],"about":[{"href":"https:\/\/edublog.educastur.es\/ixuxu\/wp-json\/wp\/v2\/types\/post"}],"author":[{"embeddable":true,"href":"https:\/\/edublog.educastur.es\/ixuxu\/wp-json\/wp\/v2\/users\/117"}],"replies":[{"embeddable":true,"href":"https:\/\/edublog.educastur.es\/ixuxu\/wp-json\/wp\/v2\/comments?post=55382"}],"version-history":[{"count":1,"href":"https:\/\/edublog.educastur.es\/ixuxu\/wp-json\/wp\/v2\/posts\/55382\/revisions"}],"predecessor-version":[{"id":55383,"href":"https:\/\/edublog.educastur.es\/ixuxu\/wp-json\/wp\/v2\/posts\/55382\/revisions\/55383"}],"wp:attachment":[{"href":"https:\/\/edublog.educastur.es\/ixuxu\/wp-json\/wp\/v2\/media?parent=55382"}],"wp:term":[{"taxonomy":"category","embeddable":true,"href":"https:\/\/edublog.educastur.es\/ixuxu\/wp-json\/wp\/v2\/categories?post=55382"},{"taxonomy":"post_tag","embeddable":true,"href":"https:\/\/edublog.educastur.es\/ixuxu\/wp-json\/wp\/v2\/tags?post=55382"}],"curies":[{"name":"wp","href":"https:\/\/api.w.org\/{rel}","templated":true}]}}