{"id":55390,"date":"2025-08-09T13:02:46","date_gmt":"2025-08-09T11:02:46","guid":{"rendered":"https:\/\/edublog.educastur.es\/ixuxu\/?p=55390"},"modified":"2025-08-10T12:41:46","modified_gmt":"2025-08-10T10:41:46","slug":"55390","status":"publish","type":"post","link":"https:\/\/edublog.educastur.es\/ixuxu\/2025\/08\/55390\/","title":{"rendered":"El bateo de Navelgas s\u00ed que ye d&#8217;oru"},"content":{"rendered":"<p>El bateo de Navelgas s\u00ed que ye d&#8217;oru: un mundial \u00abpara la hestoria\u00bb que coron\u00f3 a esti ganador. El presidente de l&#8217;Asociaci\u00f3n Mundial de Bateo d&#8217;Oru, el sudafricano Sanjay Singh, ll\u00e9vase&#8217;l campeonatu al pie de la finlandesa Pia Makela, que celebr\u00f3 la so lluna de miel na localid\u00e1 tinetense. <a href=\"https:\/\/www.lne.es\/occidente\/2025\/08\/10\/bateo-navelgas-oro-mundial-historia-120498010.html?utm_content=imagen&amp;utm_medium=social&amp;utm_campaign=echobox&amp;utm_source=Facebook&amp;fbclid=IwY2xjawMFU4JleHRuA2FlbQIxMABicmlkETEwWlNMTkNpUldHd0FGOTk3AR6Vz3kMo0UG1EGbiiAl1Dcr_apiZWuN6dJT26YnobNp-E9oq33HHCZloxk-gA_aem_-s5RFYgajIXPkzlU-w5PTw#Echobox=1754812073\">LNE<\/a><\/p>\n<p style=\"text-align: center\"><a href=\"https:\/\/estaticos-cdn.prensaiberica.es\/clip\/3723c90b-67f6-4192-883d-aab85db2dc9a_source-aspect-ratio_default_0.jpg\"><img loading=\"lazy\" decoding=\"async\" class=\"aligncenter size-large\" src=\"https:\/\/estaticos-cdn.prensaiberica.es\/clip\/3723c90b-67f6-4192-883d-aab85db2dc9a_source-aspect-ratio_default_0.jpg\" width=\"2000\" height=\"1500\" \/><\/a><\/p>\n<p style=\"text-align: left\">El presidente de l&#8217;<a href=\"https:\/\/www.worldgoldpanningassociation.com\"><strong>Asociaci\u00f3n Mundial de Bateo d&#8217;Oru (World Goldpanning Association)<\/strong><\/a>, el sudafricano Sanjay Singh, coron\u00f3se ayeri como campe\u00f3n mundial en Navelgas. La so felicid\u00e1 yera notable y compartida cola finlandesa Pia Makela que se fixo col tronu femen\u00edn d&#8217;un campeonatu onde tou sali\u00f3 como la flor de la maraviya. \u00abEsti campeonatu marca una d\u00f3mina, un antes y un dempu\u00e9s na hestoria del bateo d&#8217;oru\u00bb, sorray\u00f3 emocion\u00e1u C\u00e9sar Casta\u00f1u, presidente de l&#8217;asociaci\u00f3n de bateadores Barciaecus qu&#8217;entam\u00f3 un eventu que cunt\u00f3 cola collaboraci\u00f3n de LA NUEVA ESPA\u00d1A.<\/p>\n<p><!--more--><\/p>\n<p style=\"text-align: center\"><a href=\"https:\/\/estaticos-cdn.prensaiberica.es\/clip\/a5144bcd-9d36-4b3e-a7ea-9457b6891e55_source-aspect-ratio_default_0.jpg\"><img loading=\"lazy\" decoding=\"async\" class=\"aligncenter size-large\" src=\"https:\/\/estaticos-cdn.prensaiberica.es\/clip\/a5144bcd-9d36-4b3e-a7ea-9457b6891e55_source-aspect-ratio_default_0.jpg\" width=\"2000\" height=\"1126\" \/><\/a><\/p>\n<p>\u00abP\u00f3ngo-y una nota de venti sobro diez y nun ye solo la mio opini\u00f3n, sin\u00f3n la de toos\u00bb, se\u00f1al\u00f3 Singh pa quien el Campeonatu Mundial de la localid\u00e1 cuartana va ser imborrable. Llogr\u00f3 la so primera y \u00fanica medaya nel anterior mundial asturianu, en 2015, y agora repite a lo grande. \u00abYe daqu\u00e9 incre\u00edble, nun tengo palabres. Toi recibiendo enforma amor y veo a tola familia del oru xunida\u00bb, se\u00f1al\u00f3 Singh.<\/p>\n<p style=\"text-align: center\"><a href=\"https:\/\/estaticos-cdn.prensaiberica.es\/clip\/4025b266-cf99-4fb9-816c-e2fbdd0fbf20_source-aspect-ratio_default_0.jpg\"><img loading=\"lazy\" decoding=\"async\" class=\"aligncenter size-large\" src=\"https:\/\/estaticos-cdn.prensaiberica.es\/clip\/4025b266-cf99-4fb9-816c-e2fbdd0fbf20_source-aspect-ratio_default_0.jpg\" width=\"2000\" height=\"1500\" \/><\/a><\/p>\n<p>P&#8217;amor el de la flamante campeona del mundu que recibe la reconocencia en plena lluna de miel. La hestoria tien miga porque Pia Makela empez\u00f3 la so hestoria d&#8217;amor con Ari Nissila en 2015, nel primer mundial celebr\u00e1u en Navelgas y agora torna acabante casase. \u00abToi bien arguyosa, enc\u00e1ntame Navelgas y esta ye la meyor competici\u00f3n del mundu\u00bb, sorray\u00f3.<\/p>\n<p style=\"text-align: center\"><a href=\"https:\/\/www.lne.es\/fotos\/occidente\/2025\/08\/10\/imagenes-emotiva-ceremonia-clausura-campeonato-120501010.html\">N&#8217;imaxes: La emotiva ceremonia de clausura <\/a><br \/>\ndel Campeonatu del Mundu de Navelgas \/ T. Casccudo<\/p>\n<p><strong>Por equipos el pa\u00eds ganador foi Alema\u00f1a<\/strong>, sigu\u00edu en segunda posici\u00f3n per Italia y en tercer puestu pola Rep\u00fablica Checa. En cuanto al XXIV Campeonatu Nacional de Bateo, el primer puestu femen\u00edn foi p&#8217;Alicia Rifaterra, ente que na categor\u00eda masculina trunf\u00f3 Pelayo Monesteriu, consagr\u00e1ndose como&#8217;l meyor local. El cuartanu, de 26 a\u00f1os, amos\u00f3se arguyosu del so primer gran trunfu. \u00abEmpec\u00e9 de peque\u00f1u, con 4 o 5 a\u00f1os, ye una tradici\u00f3n en Navelgas y si Divos quier, voi siguir bateando tola vida\u00bb, se\u00f1al\u00f3 arguyosu del so pueblu y del so trunfu.<\/p>\n<p style=\"text-align: center\"><a href=\"https:\/\/estaticos-cdn.prensaiberica.es\/clip\/12473f59-e32c-4dc4-871a-57079cd4d289_source-aspect-ratio_default_0.jpg\"><img loading=\"lazy\" decoding=\"async\" class=\"aligncenter size-large\" src=\"https:\/\/estaticos-cdn.prensaiberica.es\/clip\/12473f59-e32c-4dc4-871a-57079cd4d289_source-aspect-ratio_default_0.jpg\" width=\"2000\" height=\"1500\" \/><\/a><\/p>\n<p>Esi arguyu comparti\u00f3lo C\u00e9sar Casta\u00f1u: \u00abvolvimos consiguir el meyor campeonatu de la hestoria, col meyor recintu y tamos bien contentos cola resultancia de la competici\u00f3n, qu&#8217;estren\u00f3 innovaciones como los pulsiadores inal\u00e1mbricos que funcionaron a la perfecci\u00f3n\u00bb. El campeonatu de r\u00e9cord, onde s&#8217;algamen los 600 bateadores, echa&#8217;l tel\u00f3n. Ello ye que la ceremonia de clausura incluy\u00f3&#8217;l <strong>trespasu de la bandera a los representantes de la delegaci\u00f3n de Nueva Zelanda, pa\u00eds que se va ocupar de la organizaci\u00f3n del campeonatu de 2026.<\/strong><\/p>\n<p style=\"text-align: center\"><a href=\"https:\/\/estaticos-cdn.prensaiberica.es\/clip\/e9061409-d589-499b-b429-608677bcd11f_source-aspect-ratio_default_0.jpg\"><img loading=\"lazy\" decoding=\"async\" class=\"aligncenter size-large\" src=\"https:\/\/estaticos-cdn.prensaiberica.es\/clip\/e9061409-d589-499b-b429-608677bcd11f_source-aspect-ratio_default_0.jpg\" width=\"2000\" height=\"1500\" \/><\/a><\/p>\n<p>Antes de la entrega de premios tuvo llugar un plant\u00edu de dellos pumares nel Navelgas Arena, seg\u00fan un escanci\u00e1u colectivu pa celebrar que la cultura sidrera ye Patrimoniu Cultural Inmaterial de la Humanid\u00e1. A la cita asisti\u00f3&#8217;l director xeneral de Xesti\u00f3n Forestal, Javier Vigil, que defendi\u00f3 la sidra como \u00abl&#8217;oru l\u00edquido d&#8217;Asturies, que sigue siendo l&#8217;alma de la nuesa tierra y tradici\u00f3n\u00bb. Vigil particip\u00f3 nel plant\u00edu d&#8217;unu de los pumares, al igual que l&#8217;alcaldesa de Tin\u00e9u, Montse Fern\u00e1ndez.<\/p>\n<p style=\"text-align: center\"><a href=\"https:\/\/estaticos-cdn.prensaiberica.es\/clip\/95c785f9-ec5e-4e47-a100-13b9323a36a6_source-aspect-ratio_default_0.jpg\"><img loading=\"lazy\" decoding=\"async\" class=\"aligncenter size-large\" src=\"https:\/\/estaticos-cdn.prensaiberica.es\/clip\/95c785f9-ec5e-4e47-a100-13b9323a36a6_source-aspect-ratio_default_0.jpg\" width=\"2000\" height=\"1500\" \/><\/a><\/p>\n<p>&nbsp;<\/p>\n<p>La directora del Mus\u00e9u del Oru de Navelgas, Alba Iglesias, exerci\u00f3 de maestra de ceremonies na clausura y dex\u00f3 bien claro que&#8217;l pr\u00f3ximu retu de los de Navelgas ye llograr ser Fiesta d&#8217;Inter\u00e9s Tur\u00edsticu Nacional: \u00abLos retos enc\u00e1ntennos y s\u00e1lennos bien am\u00e1s\u00bb.<\/p>\n<p style=\"text-align: center\"><a href=\"https:\/\/estaticos-cdn.prensaiberica.es\/clip\/b512514c-cb01-4f77-8142-fdbc8f1751f3_source-aspect-ratio_default_0.jpg\"><img loading=\"lazy\" decoding=\"async\" class=\"aligncenter size-large\" src=\"https:\/\/estaticos-cdn.prensaiberica.es\/clip\/b512514c-cb01-4f77-8142-fdbc8f1751f3_source-aspect-ratio_default_0.jpg\" width=\"2000\" height=\"1500\" \/><\/a><\/p>\n<p style=\"text-align: center\"><a href=\"https:\/\/estaticos-cdn.prensaiberica.es\/clip\/564ff06b-212c-48fc-9f48-fc541b6cec54_source-aspect-ratio_default_0.jpg\"><img loading=\"lazy\" decoding=\"async\" class=\"aligncenter size-large\" src=\"https:\/\/estaticos-cdn.prensaiberica.es\/clip\/564ff06b-212c-48fc-9f48-fc541b6cec54_source-aspect-ratio_default_0.jpg\" width=\"2000\" height=\"1500\" \/><\/a><\/p>\n","protected":false},"excerpt":{"rendered":"<p>El bateo de Navelgas s\u00ed que ye d&#8217;oru: un mundial \u00abpara la hestoria\u00bb que coron\u00f3 a esti ganador. El presidente de l&#8217;Asociaci\u00f3n Mundial de Bateo d&#8217;Oru, el sudafricano Sanjay Singh, ll\u00e9vase&#8217;l campeonatu al pie de la finlandesa Pia Makela, que celebr\u00f3 la so lluna de miel na localid\u00e1 tinetense. LNE El presidente de l&#8217;Asociaci\u00f3n Mundial [&hellip;]<\/p>\n","protected":false},"author":117,"featured_media":0,"comment_status":"closed","ping_status":"open","sticky":false,"template":"","format":"standard","meta":{"footnotes":""},"categories":[1],"tags":[],"class_list":["post-55390","post","type-post","status-publish","format-standard","hentry","category-sin-categoria"],"_links":{"self":[{"href":"https:\/\/edublog.educastur.es\/ixuxu\/wp-json\/wp\/v2\/posts\/55390","targetHints":{"allow":["GET"]}}],"collection":[{"href":"https:\/\/edublog.educastur.es\/ixuxu\/wp-json\/wp\/v2\/posts"}],"about":[{"href":"https:\/\/edublog.educastur.es\/ixuxu\/wp-json\/wp\/v2\/types\/post"}],"author":[{"embeddable":true,"href":"https:\/\/edublog.educastur.es\/ixuxu\/wp-json\/wp\/v2\/users\/117"}],"replies":[{"embeddable":true,"href":"https:\/\/edublog.educastur.es\/ixuxu\/wp-json\/wp\/v2\/comments?post=55390"}],"version-history":[{"count":8,"href":"https:\/\/edublog.educastur.es\/ixuxu\/wp-json\/wp\/v2\/posts\/55390\/revisions"}],"predecessor-version":[{"id":55398,"href":"https:\/\/edublog.educastur.es\/ixuxu\/wp-json\/wp\/v2\/posts\/55390\/revisions\/55398"}],"wp:attachment":[{"href":"https:\/\/edublog.educastur.es\/ixuxu\/wp-json\/wp\/v2\/media?parent=55390"}],"wp:term":[{"taxonomy":"category","embeddable":true,"href":"https:\/\/edublog.educastur.es\/ixuxu\/wp-json\/wp\/v2\/categories?post=55390"},{"taxonomy":"post_tag","embeddable":true,"href":"https:\/\/edublog.educastur.es\/ixuxu\/wp-json\/wp\/v2\/tags?post=55390"}],"curies":[{"name":"wp","href":"https:\/\/api.w.org\/{rel}","templated":true}]}}