{"id":554,"date":"2020-03-21T09:56:19","date_gmt":"2020-03-21T09:56:19","guid":{"rendered":"https:\/\/edublog.educastur.es\/ixuxu\/?p=554"},"modified":"2020-08-24T19:56:39","modified_gmt":"2020-08-24T19:56:39","slug":"dia-mundial-de-la-poesia-xuveniles","status":"publish","type":"post","link":"https:\/\/edublog.educastur.es\/ixuxu\/2020\/03\/dia-mundial-de-la-poesia-xuveniles\/","title":{"rendered":"D\u00eda Mundial de la Poes\u00eda (Xuveniles)"},"content":{"rendered":"<p><strong>G\u00fcei cellebramos el <a href=\"https:\/\/es.unesco.org\/commemorations\/worldpoetryday\" target=\"_blank\" rel=\"noopener noreferrer\"><em><u>D\u00eda Mundial de la Poes\u00eda<\/u><\/em><\/a>.<br \/>\n<img loading=\"lazy\" decoding=\"async\" class=\"\" src=\"https:\/\/es.unesco.org\/sites\/default\/files\/styles\/commemoration_header\/public\/commemorations\/img_poetry.jpg?itok=EXo0g33e\" width=\"375\" height=\"139\" \/><\/strong><\/p>\n<ul>\n<li>El <a href=\"http:\/\/blog.educastur.es\/ixuxullingua\/wp-admin\/Poesiaasturiana%E2%80%99s%20Weblog\" target=\"_blank\" rel=\"noopener noreferrer\"><u><em>blog Poes\u00eda asturiana <\/em><\/u><\/a>tien unes cuantes pa lleer.<\/li>\n<\/ul>\n<ul>\n<li>Nesti <a href=\"http:\/\/www.formientu.com\/category\/formientudixital\/\" target=\"_blank\" rel=\"noopener noreferrer\"><em>enllace de <strong>Formientu Dixital <\/strong><\/em><\/a>hai m\u00e1s\u2026 Recomiendo, por exemplu, <a href=\"http:\/\/www.formientu.com\/formientudixital\/poesia\/sobrel-amor-de-becquer-de-claudia-elena-menendez-fernandez\/\" target=\"_blank\" rel=\"noopener noreferrer\">esta de Claudia E. Men\u00e9ndez<\/a><a href=\"http:\/\/www.formientu.com\/formientudixital\/poesia\/sobrel-amor-de-becquer-de-claudia-elena-menendez-fernandez\/\" target=\"_blank\" rel=\"noopener noreferrer\"><strong><em> Sobre\u00b4l amor de B\u00e9cquer\u201d.<\/em><\/strong><\/a><\/li>\n<li><a href=\"http:\/\/asturies.com\/noticies\/bello-escribe-un-poema-sobrel-coronavirus-quescritores-tornen-al-catalan-y-eusquera\" target=\"_blank\" rel=\"noopener noreferrer\">Xuan Bello escribe un poema sobre\u00b4l coronavirus<strong><em>:<\/em><\/strong><\/a><\/li>\n<\/ul>\n<p><em><u>CORONAVIRUS<\/u><\/em><\/p>\n<p><em>De repente la muerte como esa vecina<br \/>\nqu\u2019esperabes finalmente nun viniera<br \/>\ncola tarta d\u2019ar\u00e1ndanos per casa.<br \/>\n\u00bfPor delicadeza perdiesti tu la vida?<br \/>\nY la cabeza, tantes veces.<br \/>\nSabes agora que ta equ\u00ed carpiendo<br \/>\nna tos un\u00e1nime de la parroquia,<br \/>\nnel ronquiellu sordu del miedu<br \/>\ny hasta \u2014sospeches\u2014 naquellos que m\u00e1s quieres.<\/em><\/p>\n<p><em>\u00bfNun viesti esa el\u00e1stica sombra atrecida<br \/>\nnel abrazu que te fai ensalendar?<br \/>\nLleg\u00f3 la muerte p\u2019allugase en ti<br \/>\ny esperar nel \u00e1ngulu escuru<br \/>\ncontigo\u2019l to dest\u00edn.<\/em><\/p>\n<p><em>Lleg\u00f3<\/em><\/p>\n<p><em>ensin priesa. Nun hai remediu.<br \/>\nSi llograres falar con ella diba \u2018icite:<br \/>\n\u00abToi contigo desque tienes vida<br \/>\ny y\u00e1 taba contigo muncho enantes\u00bb.<\/em><\/p>\n<p><img loading=\"lazy\" decoding=\"async\" src=\"https:\/\/imgbox.es\/images\/2020\/03\/23\/separadora4a37c028d732afc.jpg\" width=\"404\" height=\"32\" \/><\/p>\n<p><strong><em>\u201cLlingua de signos\u201d<\/em><\/strong> (<a href=\"http:\/\/mirinconcitoenelalma.blogspot.com\/2019\/04\/elvira-laruelo.html\" target=\"_blank\" rel=\"noopener noreferrer\"><u>Elvira Laruelo<\/u><\/a>)<\/p>\n<p><em>Si un d\u00eda s\u00b4apagara<br \/>\ndefinitivamente<br \/>\nesti marmullu d\u00e9bil que ye la mio voz,<br \/>\ndeber\u00eda deprender a nomar otra vuelta<br \/>\ntolo que m\u00b4importa.<br \/>\nEntam\u00e9 a ensayar,<br \/>\nles mio manes ya se coloquen como deben<br \/>\npa dicir biesca, tierra, casa;<br \/>\ndurmiendo repiten fiyu ya eternid\u00e1;<br \/>\nnomate a ti ye cenciello,<br \/>\npi\u00e9nsote y la mio piel ll\u00e1mate\u2026<br \/>\nPa llorar, rir ya amar,<br \/>\npor suerte,<br \/>\nnun faen falta les palabres.<\/em><\/p>\n<p><img loading=\"lazy\" decoding=\"async\" src=\"https:\/\/imgbox.es\/images\/2020\/03\/23\/separadora4a37c028d732afc.jpg\" width=\"404\" height=\"32\" \/><\/p>\n<p>\u201c<em><strong>Po\u00e9tica<\/strong><\/em>\u201d d\u00b4Elvira Laruelo<br \/>\n<a href=\"https:\/\/elguardiandelalluvia.wordpress.com\/2018\/09\/15\/336\/\" target=\"_blank\" rel=\"noopener noreferrer\">Llibru \u201cPago en versos\u201d<\/a> Ed. Saltadera (<a href=\"https:\/\/www.todostuslibros.com\/libros\/pago-en-versos_978-84-946972-1-0\" target=\"_blank\" rel=\"noopener noreferrer\">mercar<\/a>)<\/p>\n<p><em>Escribir porque nun hai otru remediu,<br \/>\nporque nun s\u00e9 facer m\u00fasica nin dibuxar palabres,<br \/>\nporque dacuando falla la voz,<br \/>\nla fuerza y l\u2019esperanza.<\/em><\/p>\n<p><em>Escribir pa esconxurar mieos y pantasmes,<br \/>\npa quexame, pa dar gracies,<br \/>\npa dicir mentires qu\u2019ayuden a soportar les verdaes.<\/em><\/p>\n<p><em>Pa lleer l\u2019alma de los otros, inclusive al preciu de que me llean;<br \/>\npa dar forma al mundu mientres xira y m\u2019arrastra.<\/em><\/p>\n<p><em>Escribir pa glaya-y al silenciu que nun lu tarrezo<br \/>\nqu\u2019equ\u00ed lu espero.<\/em><\/p>\n<p><img loading=\"lazy\" decoding=\"async\" src=\"https:\/\/imgbox.es\/images\/2020\/03\/23\/separadora4a37c028d732afc.jpg\" width=\"404\" height=\"32\" \/><\/p>\n<h3><em><strong>\u201cDe\u00a0 tardiquina\u201d<\/strong><\/em><\/h3>\n<p>Llibru: \u201c<u>A hora foscant<\/u>\u201d de Josep Carner<br \/>\n(Traduz: Miguel S\u00e1nchez Canella).<\/p>\n<p><em>Ye tarde, el cam\u00edn y\u00e1 tarrezo.<br \/>\nDende\u2019l verxel en cercu si\u00e9ntovos<br \/>\ncay\u00edos y pisaos na borrina.<br \/>\n\u00a1Oh, d\u00edes! \u00a1Oh, fueyes! \u00a1Oh, p\u00e9talos!<\/em><\/p>\n<p><em>Con pasos furtivos avanzo<br \/>\ncomo un estranxeru indecisu.<br \/>\nSuspiren espectros de dalies<br \/>\nmetanes escuros pla\u00f1\u00edos.<\/em><\/p>\n<p><em>Campanes repicando llo\u00f1e<br \/>\nxuncen los vivos colos muertos.<br \/>\nY esta nueche invencible esp\u00e1rdese<br \/>\nna soled\u00e1 d\u2019una mar d\u2019islles.<\/em><\/p>\n<p><em>Recl\u00e1menme\u2019l llume na mesa<br \/>\ny remembrances qu\u2019esnaloten.<br \/>\nLa siella vieya escacharrada,<br \/>\nla fueya blanca descontenta.<\/em><\/p>\n<p><img loading=\"lazy\" decoding=\"async\" src=\"https:\/\/imgbox.es\/images\/2020\/03\/23\/separadora4a37c028d732afc.jpg\" width=\"404\" height=\"32\" \/><\/p>\n<h3>\u201cArrugues\u201d de Dalia A.S.<\/h3>\n<p><u>Testu<\/u>:\u00a0 <a href=\"https:\/\/www.tusclasesparticulares.com\/profesores\/dalia-alonso-secades.htm\" target=\"_blank\" rel=\"noopener noreferrer\"><strong>Dalia Alonso Secades<\/strong><\/a><br \/>\nGanadora del premiu<br \/>\nal Meyor poema del a\u00f1u 2020.<br \/>\n<u>Torna al asturianu:<\/u> <strong>Inaciu Gal\u00e1n.<\/strong><\/p>\n<p><em>Agora que declina\u00b4l d\u00eda<br \/>\ny nos tos g\u00fceyos achuquen<br \/>\nllinies suaves de tierra llonxana<br \/>\ny sablera,<\/em><\/p>\n<p><em>agora qu\u00b4alredor de los tos llabios<br \/>\nreposen sorrises antig\u00fces<br \/>\ny del llar los besos \u00faltimos<br \/>\nd\u00b4amor,<\/em><\/p>\n<p><em>agora m\u00e1s que nunca des\u00e9ote;<br \/>\ndeseo\u00b4l to seca\u00f1u, la to voz, el to tiempu,<br \/>\ny el to cuerpu que y\u00e1 ye m\u00e1s tactu de m\u00edo<br \/>\nque cuerpu.<\/em><\/p>\n<p><img loading=\"lazy\" decoding=\"async\" src=\"https:\/\/imgbox.es\/images\/2020\/03\/23\/separadora4a37c028d732afc.jpg\" width=\"404\" height=\"32\" \/><\/p>\n<p><em>Un poema de <strong>Vanessa Guti\u00e9rrez<\/strong> con m\u00fasica d\u2019Ana Lamela y voz d\u2019Antia Eseuve y Ana Lamela. Un momentu po\u00e9ticu y musical pa tar en casa.<\/em><\/p>\n<p><a href=\"https:\/\/www.youtube.com\/watch?v=KxKXcshd6M4\" target=\"_blank\" rel=\"noopener noreferrer\">Poema<strong><em> \u201cPalabres\u201d <\/em><\/strong><\/a><\/p>\n\n<!-- iframe plugin v.6.0 wordpress.org\/plugins\/iframe\/ -->\n<iframe loading=\"lazy\" width=\"644\" height=\"362\" src=\"https:\/\/www.youtube.com\/embed\/KxKXcshd6M4\" scrolling=\"yes\" class=\"iframe-class\" frameborder=\"0\"><\/iframe>\n\n<p>&nbsp;<\/p>\n","protected":false},"excerpt":{"rendered":"<p>G\u00fcei cellebramos el D\u00eda Mundial de la Poes\u00eda. El blog Poes\u00eda asturiana tien unes cuantes pa lleer. Nesti enllace de Formientu Dixital hai m\u00e1s\u2026 Recomiendo, por exemplu, esta de Claudia E. Men\u00e9ndez Sobre\u00b4l amor de B\u00e9cquer\u201d. Xuan Bello escribe un poema sobre\u00b4l coronavirus: CORONAVIRUS De repente la muerte como esa vecina qu\u2019esperabes finalmente nun viniera [&hellip;]<\/p>\n","protected":false},"author":117,"featured_media":0,"comment_status":"closed","ping_status":"open","sticky":false,"template":"","format":"standard","meta":{"footnotes":""},"categories":[6],"tags":[],"class_list":["post-554","post","type-post","status-publish","format-standard","hentry","category-dia-de"],"_links":{"self":[{"href":"https:\/\/edublog.educastur.es\/ixuxu\/wp-json\/wp\/v2\/posts\/554","targetHints":{"allow":["GET"]}}],"collection":[{"href":"https:\/\/edublog.educastur.es\/ixuxu\/wp-json\/wp\/v2\/posts"}],"about":[{"href":"https:\/\/edublog.educastur.es\/ixuxu\/wp-json\/wp\/v2\/types\/post"}],"author":[{"embeddable":true,"href":"https:\/\/edublog.educastur.es\/ixuxu\/wp-json\/wp\/v2\/users\/117"}],"replies":[{"embeddable":true,"href":"https:\/\/edublog.educastur.es\/ixuxu\/wp-json\/wp\/v2\/comments?post=554"}],"version-history":[{"count":1,"href":"https:\/\/edublog.educastur.es\/ixuxu\/wp-json\/wp\/v2\/posts\/554\/revisions"}],"predecessor-version":[{"id":555,"href":"https:\/\/edublog.educastur.es\/ixuxu\/wp-json\/wp\/v2\/posts\/554\/revisions\/555"}],"wp:attachment":[{"href":"https:\/\/edublog.educastur.es\/ixuxu\/wp-json\/wp\/v2\/media?parent=554"}],"wp:term":[{"taxonomy":"category","embeddable":true,"href":"https:\/\/edublog.educastur.es\/ixuxu\/wp-json\/wp\/v2\/categories?post=554"},{"taxonomy":"post_tag","embeddable":true,"href":"https:\/\/edublog.educastur.es\/ixuxu\/wp-json\/wp\/v2\/tags?post=554"}],"curies":[{"name":"wp","href":"https:\/\/api.w.org\/{rel}","templated":true}]}}