{"id":55415,"date":"2025-08-10T13:06:26","date_gmt":"2025-08-10T11:06:26","guid":{"rendered":"https:\/\/edublog.educastur.es\/ixuxu\/?p=55415"},"modified":"2025-08-10T13:09:49","modified_gmt":"2025-08-10T11:09:49","slug":"asturies-relluma-nes-nueves-imaxes-de-los-xuegos-de-la-fame","status":"publish","type":"post","link":"https:\/\/edublog.educastur.es\/ixuxu\/2025\/08\/asturies-relluma-nes-nueves-imaxes-de-los-xuegos-de-la-fame\/","title":{"rendered":"Asturies relluma nes nueves imaxes de \u00abLos Xuegos de la Fame\u00bb"},"content":{"rendered":"<p><a href=\"https:\/\/www.lavozdeasturias.es\/noticia\/viral\/2025\/08\/09\/asturias-brilla-nuevas-imagenes-juegos-hambre\/00031754755313471695838.htm\">La Voz<\/a> \/<strong><a href=\"https:\/\/www.instagram.com\/thehungergames\/?utm_source=ig_embed\"> IG peli<\/a><\/strong> \/\/<\/p>\n<p style=\"text-align: center\">Fragmentos del v\u00eddeu public\u00e1u pola p\u00e1xina oficial d&#8217;Instagrade \u00abLos Xuegos de la Fame\u00bb<\/p>\n<p style=\"text-align: center\"><span class=\"x193iq5w xeuugli x13faqbe x1vvkbs xt0psk2 x1i0vuye xvs91rp xo1l8bm x5n08af x10wh9bi xpm28yp x8viiok x1o7cslx x126k92a\"><span class=\"html-span xexx8yu x4uap5 x18d9i69 xkhd6sd x1hl2dhg x16tdsg8 x1vvkbs x3nfvp2 x1j61x8r x1fcty0u xdj266r xat24cr xgzva0m xhhsvwb xxymvpz xlup9mm x1kky2od\">\n<!-- iframe plugin v.6.0 wordpress.org\/plugins\/iframe\/ -->\n<iframe loading=\"lazy\" src=\"https:\/\/www.instagram.com\/reel\/DNBPklbxSLY\/embed\" width=\"460\" height=\"595\" 0=\"\/iframe\" scrolling=\"yes\" class=\"iframe-class\" frameborder=\"0\"><\/iframe>\n<\/span><\/span><\/p>\n<p>Un v\u00eddeu public\u00e1u na cuenta oficial de la saga de pel\u00edcules amuesa impresionantes vistes del Parque Natural de Somiedu y revela detalles de la nueva cinta, que se va estrenar el 20 de payares de 2026. La cuenta oficial de \u00abLos Xuegos de la Fame\u00bb n&#8217;Instagram public\u00f3 va unos d\u00edes un v\u00eddeu que revela nueves imaxes del rodaxe de \u00abAmanecer na Collecha\u00bb, precuela de la saga creada por Suzanne Collins, que se filma esti branu nel Parque Natural de Somiedu y en Teberga.<\/p>\n<p><!--more--><\/p>\n<p style=\"text-align: center\"><a href=\"https:\/\/cflvdg.avoz.es\/sc\/j5FZQrTL0ybQKq16ttVypEmLw8w=\/768x\/2025\/08\/09\/00121754757649406342646\/Foto\/dhddfgdeddmgrkfdfkdkggllfhhdxydcv.png\"><img loading=\"lazy\" decoding=\"async\" class=\"aligncenter size-large\" src=\"https:\/\/cflvdg.avoz.es\/sc\/j5FZQrTL0ybQKq16ttVypEmLw8w=\/768x\/2025\/08\/09\/00121754757649406342646\/Foto\/dhddfgdeddmgrkfdfkdkggllfhhdxydcv.png\" width=\"768\" height=\"432\" \/><\/a><\/p>\n<p>&nbsp;<\/p>\n<p>El clip amuesa pimpanes vistes del Parque Natural de Somiedu y una de les secuencies m\u00e1s llamatives amuesa al actor protagonista, <a href=\"https:\/\/www.instagram.com\/josephzada\/?utm_source=ig_embed\"><strong>Joseph Zada, saliendo del so camar\u00edn<\/strong><\/a>, que lleva na puerta una placa col nome del so personaxe, \u00abHaymitch\u00bb, vistiendo una camiseta negra estampada con dos osos y la palabra \u00abSomiedu\u00bb, un chisgo directu a la fauna y al llugar onde se desenvuelve&#8217;l rodaxe.<\/p>\n<p>El metraxe tami\u00e9n amuesa parte del equipu t\u00e9cnicu n&#8217;acci\u00f3n, con c\u00e1mares y otros dispositivos de grabaci\u00f3n captando secuencies en plena naturaleza. Estes imaxes sumanse a les filtraciones anteriores de *ans, nes que pod\u00eden apreciase estructures como pasareles, plataformes circulares y la ic\u00f3nica Cornucopia integraes nel paisaxe.<\/p>\n<p>El v\u00eddeu concl\u00fai con un mensaxe que confirma que la pel\u00edcula sigue \u00aben producci\u00f3n\u00bb y que&#8217;l so estrenu mundial ta previstu para&#8217;l d\u00eda 20 de payares de 2026, xenerando ent\u00e1 m\u00e1s espectaci\u00f3n ente los siguidores de la saga.<\/p>\n<p>Am\u00e1s del impactu visual que va suponer ver en pantalla estes paraxes asturianes, nos conceyos implicaos prevese una importante torna econ\u00f3mica mientres les selmanes de grabaci\u00f3n. L&#8217;equipu va traer a decenes de persones \u2014ente t\u00e9cnicos, actores y personal auxiliar\u2014 que se va instalar xuna zona lox\u00edstica con dellos camiones na redoma de San Mart\u00edn, en Teberga. En paralelu, la llegada del rodaxe tami\u00e9n va sirvir p&#8217;acometer ciertes meyores en caminos d&#8217;accesu a les localizaciones, con arreglu inclusive de dalgunos desperfectos al cargu de la producci\u00f3n.<\/p>\n<p>L&#8217;equipu de producci\u00f3n ta actuando \u00abcon muncha prudencia\u00bb pa embrivir les molesties y consiguir que la poblaci\u00f3n local \u00abtea c\u00f3moda\u00bb mientres el rodaxe. Tami\u00e9n se busca que la esperiencia, m\u00e1s all\u00e1 del impactu inmediatu, sirva como escaparate natural p&#8217;atraer futuros visitantes, destacando \u00ablos atributos del monte, les ag\u00fces y el valor paisax\u00edsticu\u00bb de Teberga y Somiedu.<\/p>\n","protected":false},"excerpt":{"rendered":"<p>La Voz \/ IG peli \/\/ Fragmentos del v\u00eddeu public\u00e1u pola p\u00e1xina oficial d&#8217;Instagrade \u00abLos Xuegos de la Fame\u00bb Un v\u00eddeu public\u00e1u na cuenta oficial de la saga de pel\u00edcules amuesa impresionantes vistes del Parque Natural de Somiedu y revela detalles de la nueva cinta, que se va estrenar el 20 de payares de 2026. [&hellip;]<\/p>\n","protected":false},"author":117,"featured_media":0,"comment_status":"closed","ping_status":"open","sticky":false,"template":"","format":"standard","meta":{"footnotes":""},"categories":[299],"tags":[],"class_list":["post-55415","post","type-post","status-publish","format-standard","hentry","category-cine"],"_links":{"self":[{"href":"https:\/\/edublog.educastur.es\/ixuxu\/wp-json\/wp\/v2\/posts\/55415","targetHints":{"allow":["GET"]}}],"collection":[{"href":"https:\/\/edublog.educastur.es\/ixuxu\/wp-json\/wp\/v2\/posts"}],"about":[{"href":"https:\/\/edublog.educastur.es\/ixuxu\/wp-json\/wp\/v2\/types\/post"}],"author":[{"embeddable":true,"href":"https:\/\/edublog.educastur.es\/ixuxu\/wp-json\/wp\/v2\/users\/117"}],"replies":[{"embeddable":true,"href":"https:\/\/edublog.educastur.es\/ixuxu\/wp-json\/wp\/v2\/comments?post=55415"}],"version-history":[{"count":5,"href":"https:\/\/edublog.educastur.es\/ixuxu\/wp-json\/wp\/v2\/posts\/55415\/revisions"}],"predecessor-version":[{"id":55423,"href":"https:\/\/edublog.educastur.es\/ixuxu\/wp-json\/wp\/v2\/posts\/55415\/revisions\/55423"}],"wp:attachment":[{"href":"https:\/\/edublog.educastur.es\/ixuxu\/wp-json\/wp\/v2\/media?parent=55415"}],"wp:term":[{"taxonomy":"category","embeddable":true,"href":"https:\/\/edublog.educastur.es\/ixuxu\/wp-json\/wp\/v2\/categories?post=55415"},{"taxonomy":"post_tag","embeddable":true,"href":"https:\/\/edublog.educastur.es\/ixuxu\/wp-json\/wp\/v2\/tags?post=55415"}],"curies":[{"name":"wp","href":"https:\/\/api.w.org\/{rel}","templated":true}]}}