{"id":55428,"date":"2025-08-10T20:00:34","date_gmt":"2025-08-10T18:00:34","guid":{"rendered":"https:\/\/edublog.educastur.es\/ixuxu\/?p=55428"},"modified":"2025-08-10T22:54:43","modified_gmt":"2025-08-10T20:54:43","slug":"mediu-centenar-danimalistes-protesten-escontra-la-feria-taurina-de-begona-y-el-maltratu-animal","status":"publish","type":"post","link":"https:\/\/edublog.educastur.es\/ixuxu\/2025\/08\/mediu-centenar-danimalistes-protesten-escontra-la-feria-taurina-de-begona-y-el-maltratu-animal\/","title":{"rendered":"Mediu centenar d&#8217;animalistes protesten escontra la Feria Taurina de Bego\u00f1a y el maltratu animal"},"content":{"rendered":"<section class=\"contenido \">\n<div class=\"container\">\n<div class=\"row\">\n<div class=\"col-lg-8 col-md-12 col-xs-12\" role=\"main\" aria-label=\"Bloque del titular, texto imagen o v\u00eddeo de la noticia\">\n<div class=\"padding-t-35\">\n<h1 class=\"font-size-xxl margin-b-5 font-weight-b color-b-050 letter-spacing--1 fuente-corporativa\"><img decoding=\"async\" class=\"aligncenter\" style=\"font-size: 16px\" src=\"https:\/\/www.rtpa.es\/fotos\/\/25\/08\/20250810143557_RTPA6968965.webp\" alt=\"\" \/><\/h1>\n<\/div>\n<div id=\"multimedia\" class=\"capa_imagen_player img-det-not\">\n<div id=\"mediaplayer\">\n<div id=\"video-a-reproducir9992116023\" class=\"video-js vjs-default-skin vjs-16-9 vjs-big-play-centered vjs-paused vjs-fluid video-a-reproducir9992116023-dimensions vjs-controls-enabled vjs-workinghover vjs-v8 vjs-user-active vjs-layout-medium vjs-hls-quality-selector\" lang=\"es\" role=\"region\" aria-label=\"Reproductor de Video\">\n<div class=\"vjs-text-track-display\" aria-live=\"off\"><\/div>\n<\/div>\n<\/div>\n<\/div>\n<p class=\"botonera-transcripcion font-size-s margin-t-20\">El d\u00eda 17 d&#8217;agostu habr\u00e1 una manifestaci\u00f3n en La Plazuela San Miguel. Protesta en Xix\u00f3n escontra la feria taurina de Bego\u00f1a y el maltratu animal. Ye una de les consignes del cuasi mediu centenar d\u2019animalistes aconceyaos, de les asociaciones Asturies Antitaurina, Anima Naturalis y Cas International.<\/p>\n<div id=\"noticiacompleta\" class=\"parragraph-padding font-c-conent\">\n<p>La performance ye una de les distintes acciones programaes estos d\u00edes; como la vixilia\u2019l vienres delantre d\u2019El Bibio, o la manifestaci\u00f3n, el d\u00eda 17, dende La Plazuela San Miguel.<\/p>\n<\/div>\n<\/div>\n<div class=\"col-lg-4 col-md-12 col-xs-12 padding-t-20 padding-b-20\">\n<div class=\"utiles bg-contenido-destacado border-radius-8\" role=\"group\" aria-label=\"Informaci\u00f3n de subt\u00edtulos y bloque para compartir la noticia en redes sociales\">\n<div class=\"display-b padding-t-10 padding-b-10 border-b-1 border-solid border-c-clear-blue padding-l-10 padding-r-10\"><\/div>\n<\/div>\n<div class=\"margin-t-20 margin-b-20\">\n<section class=\"padding-t-20 color-w-0100\">\n<div class=\"row text-align-c padding-t-30 padding-b-30 padding-l-10 padding-r-10 hidden-md-down\" aria-hidden=\"true\">\n<div class=\"col-xs-12\">\n<div id=\"div-rtpa-right1\" class=\"text-align-c\" data-google-query-id=\"CN-PvP2PgY8DFX5SpAQdmc07SQ\">\n<div id=\"google_ads_iframe_\/22526134856\/rtpa\/right1_0__container__\"><\/div>\n<\/div>\n<\/div>\n<\/div>\n<\/section>\n<\/div>\n<\/div>\n<\/div>\n<\/div>\n<\/section>\n","protected":false},"excerpt":{"rendered":"<p>El d\u00eda 17 d&#8217;agostu habr\u00e1 una manifestaci\u00f3n en La Plazuela San Miguel. Protesta en Xix\u00f3n escontra la feria taurina de Bego\u00f1a y el maltratu animal. Ye una de les consignes del cuasi mediu centenar d\u2019animalistes aconceyaos, de les asociaciones Asturies Antitaurina, Anima Naturalis y Cas International. La performance ye una de les distintes acciones programaes [&hellip;]<\/p>\n","protected":false},"author":117,"featured_media":0,"comment_status":"closed","ping_status":"open","sticky":false,"template":"","format":"standard","meta":{"footnotes":""},"categories":[236],"tags":[],"class_list":["post-55428","post","type-post","status-publish","format-standard","hentry","category-manifestaciones"],"_links":{"self":[{"href":"https:\/\/edublog.educastur.es\/ixuxu\/wp-json\/wp\/v2\/posts\/55428","targetHints":{"allow":["GET"]}}],"collection":[{"href":"https:\/\/edublog.educastur.es\/ixuxu\/wp-json\/wp\/v2\/posts"}],"about":[{"href":"https:\/\/edublog.educastur.es\/ixuxu\/wp-json\/wp\/v2\/types\/post"}],"author":[{"embeddable":true,"href":"https:\/\/edublog.educastur.es\/ixuxu\/wp-json\/wp\/v2\/users\/117"}],"replies":[{"embeddable":true,"href":"https:\/\/edublog.educastur.es\/ixuxu\/wp-json\/wp\/v2\/comments?post=55428"}],"version-history":[{"count":1,"href":"https:\/\/edublog.educastur.es\/ixuxu\/wp-json\/wp\/v2\/posts\/55428\/revisions"}],"predecessor-version":[{"id":55429,"href":"https:\/\/edublog.educastur.es\/ixuxu\/wp-json\/wp\/v2\/posts\/55428\/revisions\/55429"}],"wp:attachment":[{"href":"https:\/\/edublog.educastur.es\/ixuxu\/wp-json\/wp\/v2\/media?parent=55428"}],"wp:term":[{"taxonomy":"category","embeddable":true,"href":"https:\/\/edublog.educastur.es\/ixuxu\/wp-json\/wp\/v2\/categories?post=55428"},{"taxonomy":"post_tag","embeddable":true,"href":"https:\/\/edublog.educastur.es\/ixuxu\/wp-json\/wp\/v2\/tags?post=55428"}],"curies":[{"name":"wp","href":"https:\/\/api.w.org\/{rel}","templated":true}]}}