{"id":55430,"date":"2025-08-10T19:55:32","date_gmt":"2025-08-10T17:55:32","guid":{"rendered":"https:\/\/edublog.educastur.es\/ixuxu\/?p=55430"},"modified":"2025-08-10T23:18:18","modified_gmt":"2025-08-10T21:18:18","slug":"la-fp-dual-completase-esti-cursu-con-practiques-dhasta-700-hores-nempreses","status":"publish","type":"post","link":"https:\/\/edublog.educastur.es\/ixuxu\/2025\/08\/la-fp-dual-completase-esti-cursu-con-practiques-dhasta-700-hores-nempreses\/","title":{"rendered":"La FP dual compl\u00e9tase esti cursu con pr\u00e1ctiques d&#8217;hasta 700 hores n&#8217;empreses"},"content":{"rendered":"<div class=\"padding-t-35\">\n<ul>\n<li class=\"font-size-xxl margin-b-5 font-weight-b color-b-050 letter-spacing--1 fuente-corporativa\"><a href=\"https:\/\/www.rtpa.es\/noticias-asturias-ast\/2025-08-10\/La-FP-dual-completase-esti-cursu-con-practiques-d'hasta-700-hores-n'empreses_111754830437.html\">La FP dual compl\u00e9tase esti cursu con pr\u00e1ctiques d&#8217;hasta 700 hores n&#8217;empreses. TPA<\/a><\/li>\n<\/ul>\n<\/div>\n<div id=\"area_imagen_ac\" style=\"text-align: center\"><\/div>\n<div id=\"multimedia\" class=\"capa_imagen_player img-det-not\">\n<div id=\"mediaplayer\">\n<div id=\"video-a-reproducir2128076121\" class=\"video-js vjs-default-skin vjs-16-9 vjs-big-play-centered vjs-paused vjs-fluid video-a-reproducir2128076121-dimensions vjs-controls-enabled vjs-workinghover vjs-v8 vjs-user-active vjs-layout-medium vjs-hls-quality-selector\" lang=\"es\" role=\"region\" aria-label=\"Reproductor de Video\">\n<div class=\"vjs-poster\"><img decoding=\"async\" class=\"aligncenter\" src=\"https:\/\/www.rtpa.es\/fotos\/\/25\/08\/20250810145557_RTPA6969089.webp\" alt=\"\" \/><\/div>\n<div class=\"vjs-text-track-display\" aria-live=\"off\">\n<div><\/div>\n<\/div>\n<\/div>\n<\/div>\n<\/div>\n<div id=\"noticiacompleta\" class=\"parragraph-padding font-c-conent\">\n<p class=\"font-size-m padding-b-20 font-weight-b margin-t-16\">Educaci\u00f3n va reforzar la orientaci\u00f3n en FP el pr\u00f3ximu cursu pa un meyor axuste al merc\u00e1u llaboral.<\/p>\n<p>La implantaci\u00f3n del nuevu modelu de Formaci\u00f3n Profesional va rematar el pr\u00f3ximu cursu cola incorporaci\u00f3n del segundu cursu de tolos ciclos del n<strong>uevu modelu dual, que contempla pr\u00e1ctiques d&#8217;ente 500 y 700 hores pal alumn\u00e1u.<\/strong><\/p>\n<p><!--more--><\/p>\n<p>Una de les principales novedaes d&#8217;esti sistema ye que les estancies formatives n&#8217;empreses o organismos equiparaos empiecen y\u00e1 dende&#8217;l primer cursu nes sos dos modalidaes: la xeneral, con un total de 500 hores ente 1\u00ba y 2\u00ba cursu, y la intensiva, con 700 hores nesi mesmu periodu, informa la Conseyer\u00eda d&#8217;Educaci\u00f3n.<\/p>\n<p>Asina, l&#8217;alumn\u00e1u va facer 120 hores m\u00e1s nel r\u00e9xime xeneral y 320 m\u00e1s nel intensivu que col anterior modelu n&#8217;empreses que puen recibir una compensaci\u00f3n pa financiar estes contrataciones, al travi\u00e9s de convocatories del Serviciu P\u00fablicu d&#8217;Empl\u00e9u del Princip\u00e1u (Sepepa).<\/p>\n<\/div>\n<p>&nbsp;<\/p>\n","protected":false},"excerpt":{"rendered":"<p>La FP dual compl\u00e9tase esti cursu con pr\u00e1ctiques d&#8217;hasta 700 hores n&#8217;empreses. TPA Educaci\u00f3n va reforzar la orientaci\u00f3n en FP el pr\u00f3ximu cursu pa un meyor axuste al merc\u00e1u llaboral. La implantaci\u00f3n del nuevu modelu de Formaci\u00f3n Profesional va rematar el pr\u00f3ximu cursu cola incorporaci\u00f3n del segundu cursu de tolos ciclos del nuevu modelu dual, [&hellip;]<\/p>\n","protected":false},"author":117,"featured_media":0,"comment_status":"closed","ping_status":"open","sticky":false,"template":"","format":"standard","meta":{"footnotes":""},"categories":[132,119],"tags":[],"class_list":["post-55430","post","type-post","status-publish","format-standard","hentry","category-educastur","category-empreses"],"_links":{"self":[{"href":"https:\/\/edublog.educastur.es\/ixuxu\/wp-json\/wp\/v2\/posts\/55430","targetHints":{"allow":["GET"]}}],"collection":[{"href":"https:\/\/edublog.educastur.es\/ixuxu\/wp-json\/wp\/v2\/posts"}],"about":[{"href":"https:\/\/edublog.educastur.es\/ixuxu\/wp-json\/wp\/v2\/types\/post"}],"author":[{"embeddable":true,"href":"https:\/\/edublog.educastur.es\/ixuxu\/wp-json\/wp\/v2\/users\/117"}],"replies":[{"embeddable":true,"href":"https:\/\/edublog.educastur.es\/ixuxu\/wp-json\/wp\/v2\/comments?post=55430"}],"version-history":[{"count":2,"href":"https:\/\/edublog.educastur.es\/ixuxu\/wp-json\/wp\/v2\/posts\/55430\/revisions"}],"predecessor-version":[{"id":55453,"href":"https:\/\/edublog.educastur.es\/ixuxu\/wp-json\/wp\/v2\/posts\/55430\/revisions\/55453"}],"wp:attachment":[{"href":"https:\/\/edublog.educastur.es\/ixuxu\/wp-json\/wp\/v2\/media?parent=55430"}],"wp:term":[{"taxonomy":"category","embeddable":true,"href":"https:\/\/edublog.educastur.es\/ixuxu\/wp-json\/wp\/v2\/categories?post=55430"},{"taxonomy":"post_tag","embeddable":true,"href":"https:\/\/edublog.educastur.es\/ixuxu\/wp-json\/wp\/v2\/tags?post=55430"}],"curies":[{"name":"wp","href":"https:\/\/api.w.org\/{rel}","templated":true}]}}