{"id":55439,"date":"2025-08-10T22:02:43","date_gmt":"2025-08-10T20:02:43","guid":{"rendered":"https:\/\/edublog.educastur.es\/ixuxu\/?p=55439"},"modified":"2025-08-10T23:10:10","modified_gmt":"2025-08-10T21:10:10","slug":"balance-desta-edicion-del-festival-intercelticu-de-lorient-francia","status":"publish","type":"post","link":"https:\/\/edublog.educastur.es\/ixuxu\/2025\/08\/balance-desta-edicion-del-festival-intercelticu-de-lorient-francia\/","title":{"rendered":"Balance d\u2019esta edici\u00f3n del Festival Interc\u00e9lticu de Lorient (Francia)"},"content":{"rendered":"<div class=\"html-div xdj266r x14z9mp xat24cr x1lziwak xexx8yu xyri2b x18d9i69 x1c1uobl\">\n<div class=\"html-div xdj266r x14z9mp x1lziwak x18d9i69 x1cy8zhl x78zum5 x1q0g3np xod5an3 xz9dl7a x1g0dm76 xpdmqnj\">\n<div class=\"html-div xdj266r x14z9mp xat24cr x1lziwak xexx8yu xyri2b x18d9i69 x1c1uobl x1iyjqo2 xeuugli\">\n<div class=\"x78zum5 xdt5ytf xz62fqu x16ldp7u\">\n<div class=\"xu06os2 x1ok221b\">\n<div class=\"html-div xdj266r x14z9mp xat24cr x1lziwak xexx8yu xyri2b x18d9i69 x1c1uobl\" data-ad-rendering-role=\"profile_name\">\n<ul>\n<li class=\"html-h4 x14z9mp xat24cr x1lziwak xexx8yu xyri2b x18d9i69 x1c1uobl x1vvkbs x1heor9g x1qlqyl8 x1pd3egz x1a2a7pz x1gslohp x1yc453h\"><span class=\"x193iq5w xeuugli x13faqbe x1vvkbs x1xmvt09 x1f6kntn xvq8zen xo1l8bm xi81zsa\"><b class=\"html-b xdj266r x14z9mp xat24cr x1lziwak xexx8yu xyri2b x18d9i69 x1c1uobl x1hl2dhg x16tdsg8 x1vvkbs x1s688f\"><span class=\"xt0psk2\"><span class=\"html-span xdj266r x14z9mp xat24cr x1lziwak xexx8yu xyri2b x18d9i69 x1c1uobl x1hl2dhg x16tdsg8 x1vvkbs\"><a class=\"x1i10hfl xjbqb8w x1ejq31n x18oe1m7 x1sy0etr xstzfhl x972fbf x10w94by x1qhh985 x14e42zd x9f619 x1ypdohk xt0psk2 x3ct3a4 xdj266r x14z9mp xat24cr x1lziwak xexx8yu xyri2b x18d9i69 x1c1uobl x16tdsg8 x1hl2dhg xggy1nq x1a2a7pz xkrqix3 x1sur9pj xzsf02u x1s688f\" role=\"link\" href=\"https:\/\/www.facebook.com\/filasturias?__cft__[0]=AZVF81d5E9J71yIc7N_0oQ4r9guwyDX969Qcx_lfOngvJ99IyLNvvIEwprYC-IMnnNHSRfoi2PtTCdzpWWwydEY6lZz0ta2M-uv1FW4dvy3rXwmElarMzqP5LKcGsY_BSq1BC2JqCQKZOmXCL4sjeY8TIo2zb3VgOIybHpn4sxotp2D9yV7OcncXVocU7DZtPK-ltnlkjv7-aLf3obbMxQUB&amp;__tn__=-]C%2CP-R\">Festival Interceltique de Lorient &#8211; Delegaci\u00f3n Asturiana.<\/a><\/span><\/span><\/b> \/ <b class=\"html-b xdj266r x14z9mp xat24cr x1lziwak xexx8yu xyri2b x18d9i69 x1c1uobl x1hl2dhg x16tdsg8 x1vvkbs x1s688f\"><span class=\"xt0psk2\"><span class=\"xjp7ctv\"><span class=\"html-span xdj266r x14z9mp xat24cr x1lziwak xexx8yu xyri2b x18d9i69 x1c1uobl x1hl2dhg x16tdsg8 x1vvkbs\"><a class=\"x1i10hfl xjbqb8w x1ejq31n x18oe1m7 x1sy0etr xstzfhl x972fbf x10w94by x1qhh985 x14e42zd x9f619 x1ypdohk xt0psk2 x3ct3a4 xdj266r x14z9mp xat24cr x1lziwak xexx8yu xyri2b x18d9i69 x1c1uobl x16tdsg8 x1hl2dhg xggy1nq x1a2a7pz xkrqix3 x1sur9pj xzsf02u x1s688f\" role=\"link\" href=\"https:\/\/www.facebook.com\/concursuindumentaria?__cft__[0]=AZVF81d5E9J71yIc7N_0oQ4r9guwyDX969Qcx_lfOngvJ99IyLNvvIEwprYC-IMnnNHSRfoi2PtTCdzpWWwydEY6lZz0ta2M-uv1FW4dvy3rXwmElarMzqP5LKcGsY_BSq1BC2JqCQKZOmXCL4sjeY8TIo2zb3VgOIybHpn4sxotp2D9yV7OcncXVocU7DZtPK-ltnlkjv7-aLf3obbMxQUB&amp;__tn__=-]C%2CP-R\">Indumentaria. D\u00eda&#8217;l traxe<\/a><\/span><\/span><\/span><\/b> y<\/span><\/li>\n<\/ul>\n<\/div>\n<\/div>\n<\/div>\n<\/div>\n<div class=\"xqcrz7y x78zum5 x1qx5ct2 x1y1aw1k xf159sx xwib8y2 xmzvs34 xw4jnvo\">\n<div>\n<div class=\"x1i10hfl x1qjc9v5 xjqpnuy xc5r6h4 xqeqjp1 x1phubyo x9f619 x1ypdohk xdl72j9 x2lah0s x3ct3a4 x2lwn1j xeuugli x16tdsg8 x1hl2dhg xggy1nq x1ja2u2z x1t137rt x1fmog5m xu25z0z x140muxe xo1y3bh x1q0g3np x87ps6o x1lku1pv x1a2a7pz xjyslct xjbqb8w x13fuv20 x18b5jzi x1q0q8m5 x1t7ytsu x972fbf x10w94by x1qhh985 x14e42zd x3nfvp2 xdj266r x14z9mp xat24cr x1lziwak xexx8yu xyri2b x18d9i69 x1c1uobl x1n2onr6 x3ajldb xrw4ojt xg6frx5 xw872ko xhgbb2x x1xhcax0 x1s928wv x1o8326s x56lyyc x1j6awrg x1tfg27r xitxdhh\" role=\"button\" aria-expanded=\"false\" aria-label=\"Acciones para esta publicaci\u00f3n\">\n<div class=\"x1ey2m1c xtijo5x x1o0tod xg01cxk x47corl x10l6tqk x13vifvy x1ebt8du x19991ni x1dhq9h x1iwo8zk x1033uif x179ill4 x1b60jn0\" role=\"none\" data-visualcompletion=\"ignore\"><\/div>\n<\/div>\n<\/div>\n<\/div>\n<\/div>\n<\/div>\n<div class=\"html-div xdj266r x14z9mp xat24cr x1lziwak xexx8yu xyri2b x18d9i69 x1c1uobl\">\n<div class=\"html-div xdj266r x14z9mp xat24cr x1lziwak xexx8yu xyri2b x18d9i69 x1c1uobl\" dir=\"auto\">\n<div class=\"html-div xdj266r x14z9mp xat24cr x1lziwak xexx8yu xyri2b x18d9i69 x1c1uobl\" data-ad-rendering-role=\"story_message\">\n<div id=\"_r_l8_\" class=\"x1l90r2v x1iorvi4 x1g0dm76 xpdmqnj\" data-ad-comet-preview=\"message\" data-ad-preview=\"message\">\n<div class=\"x78zum5 xdt5ytf xz62fqu x16ldp7u\">\n<div class=\"xu06os2 x1ok221b\">\n<div class=\"html-div xdj266r x14z9mp xat24cr x1lziwak xexx8yu xyri2b x18d9i69 x1c1uobl\">\n<div class=\"xdj266r x14z9mp xat24cr x1lziwak x1vvkbs x126k92a\">\n<div dir=\"auto\">Cola Delegaci\u00f3n cam\u00edn d\u2019Asturies llega\u2019l momentu de faer balance d\u2019esta edici\u00f3n del <a href=\"https:\/\/www.festival-interceltique.bzh\/?fbclid=PAZXh0bgNhZW0CMTEAAadYhEMAaou8AR0MwSpQddcerMn5M_wDFjBj8Ab4xTCUxgArhBqIbpNpY28PPw_aem_SAJamEMc8qPLCIkZRHG79Q\">@festivalinterceltiquelorien<\/a>t. Tenemos que dar les gracies a tos los grupos y a toes les persones que formaron parte de la nuesa delegaci\u00f3n y que participaron n\u2019una de les meyores ediciones que se recuerda de los \u00faltimos a\u00f1os con m\u00e1s de 950.000 persones nes cais de Lorient a lo llargo d\u2019estos 10 d\u00edes.<a href=\"https:\/\/www.instagram.com\/festivalinterceltiquelorient\"> IG<\/a> \/<\/div>\n<div dir=\"auto\"><\/div>\n<div dir=\"auto\" style=\"text-align: center\">\n<!-- iframe plugin v.6.0 wordpress.org\/plugins\/iframe\/ -->\n<iframe loading=\"lazy\" src=\"https:\/\/www.facebook.com\/plugins\/post.php?href=https%3A%2F%2Fwww.facebook.com%2Ffilasturias%2Fposts%2Fpfbid07ZzQwU3knfo9Xs97nr4NgNuMFohxLG48H3EqYb7mdNnA8ghmm9KpAy5LJTCJwUSxl&#038;show_text=false&#038;width=500\" width=\"500\" height=\"281\" style=\"border:none;overflow:hidden\" scrolling=\"no\" frameborder=\"0\" allowfullscreen=\"true\" allow=\"autoplay; clipboard-write; encrypted-media; picture-in-picture; web-share\" 0=\"\/iframe\" class=\"iframe-class\"><\/iframe>\n<\/div>\n<div dir=\"auto\"><\/div>\n<\/div>\n<div class=\"x14z9mp xat24cr x1lziwak x1vvkbs xtlvy1s x126k92a\">\n<div dir=\"auto\">La m\u00fasica y la cultura asturiana tuvo una a\u00f1u m\u00e1s al altor y demostraron que siguimos creciendo y que\u2019l p\u00fablicu bret\u00f3n y del Arcu Atl\u00e1nticu acueye colos brazos abiertos nueses tradiciones. \u00a1NORABONA A TOOS Y A TOES! L\u2019a\u00f1u que vien vamos volver con nueves idees y coles piles cargaes.<\/div>\n<div dir=\"auto\"><\/div>\n<\/div>\n<div class=\"x14z9mp xat24cr x1lziwak x1vvkbs xtlvy1s x126k92a\">\n<div dir=\"auto\"><span class=\"html-span xdj266r x14z9mp xat24cr x1lziwak xexx8yu xyri2b x18d9i69 x1c1uobl x1hl2dhg x16tdsg8 x1vvkbs\"><a class=\"x1i10hfl xjbqb8w x1ejq31n x18oe1m7 x1sy0etr xstzfhl x972fbf x10w94by x1qhh985 x14e42zd x9f619 x1ypdohk xt0psk2 x3ct3a4 xdj266r x14z9mp xat24cr x1lziwak xexx8yu xyri2b x18d9i69 x1c1uobl x16tdsg8 x1hl2dhg xggy1nq x1a2a7pz xkrqix3 x1sur9pj x1fey0fg x1s688f\" role=\"link\" href=\"https:\/\/www.facebook.com\/hashtag\/interceltique25?__eep__=6&amp;__cft__[0]=AZVF81d5E9J71yIc7N_0oQ4r9guwyDX969Qcx_lfOngvJ99IyLNvvIEwprYC-IMnnNHSRfoi2PtTCdzpWWwydEY6lZz0ta2M-uv1FW4dvy3rXwmElarMzqP5LKcGsY_BSq1BC2JqCQKZOmXCL4sjeY8TIo2zb3VgOIybHpn4sxotp2D9yV7OcncXVocU7DZtPK-ltnlkjv7-aLf3obbMxQUB&amp;__tn__=*NK-R\">#interceltique25<\/a><\/span> <span class=\"html-span xdj266r x14z9mp xat24cr x1lziwak xexx8yu xyri2b x18d9i69 x1c1uobl x1hl2dhg x16tdsg8 x1vvkbs\"><a class=\"x1i10hfl xjbqb8w x1ejq31n x18oe1m7 x1sy0etr xstzfhl x972fbf x10w94by x1qhh985 x14e42zd x9f619 x1ypdohk xt0psk2 x3ct3a4 xdj266r x14z9mp xat24cr x1lziwak xexx8yu xyri2b x18d9i69 x1c1uobl x16tdsg8 x1hl2dhg xggy1nq x1a2a7pz xkrqix3 x1sur9pj x1fey0fg x1s688f\" role=\"link\" href=\"https:\/\/www.facebook.com\/hashtag\/asturies?__eep__=6&amp;__cft__[0]=AZVF81d5E9J71yIc7N_0oQ4r9guwyDX969Qcx_lfOngvJ99IyLNvvIEwprYC-IMnnNHSRfoi2PtTCdzpWWwydEY6lZz0ta2M-uv1FW4dvy3rXwmElarMzqP5LKcGsY_BSq1BC2JqCQKZOmXCL4sjeY8TIo2zb3VgOIybHpn4sxotp2D9yV7OcncXVocU7DZtPK-ltnlkjv7-aLf3obbMxQUB&amp;__tn__=*NK-R\">#asturies<\/a><\/span> <span class=\"html-span xdj266r x14z9mp xat24cr x1lziwak xexx8yu xyri2b x18d9i69 x1c1uobl x1hl2dhg x16tdsg8 x1vvkbs\"><a class=\"x1i10hfl xjbqb8w x1ejq31n x18oe1m7 x1sy0etr xstzfhl x972fbf x10w94by x1qhh985 x14e42zd x9f619 x1ypdohk xt0psk2 x3ct3a4 xdj266r x14z9mp xat24cr x1lziwak xexx8yu xyri2b x18d9i69 x1c1uobl x16tdsg8 x1hl2dhg xggy1nq x1a2a7pz xkrqix3 x1sur9pj x1fey0fg x1s688f\" role=\"link\" href=\"https:\/\/www.facebook.com\/hashtag\/asturias?__eep__=6&amp;__cft__[0]=AZVF81d5E9J71yIc7N_0oQ4r9guwyDX969Qcx_lfOngvJ99IyLNvvIEwprYC-IMnnNHSRfoi2PtTCdzpWWwydEY6lZz0ta2M-uv1FW4dvy3rXwmElarMzqP5LKcGsY_BSq1BC2JqCQKZOmXCL4sjeY8TIo2zb3VgOIybHpn4sxotp2D9yV7OcncXVocU7DZtPK-ltnlkjv7-aLf3obbMxQUB&amp;__tn__=*NK-R\">#asturias<\/a><\/span> <span class=\"html-span xdj266r x14z9mp xat24cr x1lziwak xexx8yu xyri2b x18d9i69 x1c1uobl x1hl2dhg x16tdsg8 x1vvkbs\"><a class=\"x1i10hfl xjbqb8w x1ejq31n x18oe1m7 x1sy0etr xstzfhl x972fbf x10w94by x1qhh985 x14e42zd x9f619 x1ypdohk xt0psk2 x3ct3a4 xdj266r x14z9mp xat24cr x1lziwak xexx8yu xyri2b x18d9i69 x1c1uobl x16tdsg8 x1hl2dhg xggy1nq x1a2a7pz xkrqix3 x1sur9pj x1fey0fg x1s688f\" role=\"link\" href=\"https:\/\/www.facebook.com\/hashtag\/lorient?__eep__=6&amp;__cft__[0]=AZVF81d5E9J71yIc7N_0oQ4r9guwyDX969Qcx_lfOngvJ99IyLNvvIEwprYC-IMnnNHSRfoi2PtTCdzpWWwydEY6lZz0ta2M-uv1FW4dvy3rXwmElarMzqP5LKcGsY_BSq1BC2JqCQKZOmXCL4sjeY8TIo2zb3VgOIybHpn4sxotp2D9yV7OcncXVocU7DZtPK-ltnlkjv7-aLf3obbMxQUB&amp;__tn__=*NK-R\">#lorient<\/a><\/span> <span class=\"html-span xdj266r x14z9mp xat24cr x1lziwak xexx8yu xyri2b x18d9i69 x1c1uobl x1hl2dhg x16tdsg8 x1vvkbs\"><a class=\"x1i10hfl xjbqb8w x1ejq31n x18oe1m7 x1sy0etr xstzfhl x972fbf x10w94by x1qhh985 x14e42zd x9f619 x1ypdohk xt0psk2 x3ct3a4 xdj266r x14z9mp xat24cr x1lziwak xexx8yu xyri2b x18d9i69 x1c1uobl x16tdsg8 x1hl2dhg xggy1nq x1a2a7pz xkrqix3 x1sur9pj x1fey0fg x1s688f\" role=\"link\" href=\"https:\/\/www.facebook.com\/hashtag\/delegaci%C3%B3nasturiana?__eep__=6&amp;__cft__[0]=AZVF81d5E9J71yIc7N_0oQ4r9guwyDX969Qcx_lfOngvJ99IyLNvvIEwprYC-IMnnNHSRfoi2PtTCdzpWWwydEY6lZz0ta2M-uv1FW4dvy3rXwmElarMzqP5LKcGsY_BSq1BC2JqCQKZOmXCL4sjeY8TIo2zb3VgOIybHpn4sxotp2D9yV7OcncXVocU7DZtPK-ltnlkjv7-aLf3obbMxQUB&amp;__tn__=*NK-R\">#delegaci\u00f3nasturiana<\/a><\/span><\/div>\n<\/div>\n<div dir=\"auto\" style=\"text-align: center\"><a href=\"https:\/\/www.festival-interceltique.bzh\/wp-content\/uploads\/2024\/08\/STICKER-FIL2025-04-scaled.jpg\"><img loading=\"lazy\" decoding=\"async\" class=\"aligncenter size-large\" src=\"https:\/\/www.festival-interceltique.bzh\/wp-content\/uploads\/2024\/08\/STICKER-FIL2025-04-scaled.jpg\" width=\"2560\" height=\"566\" \/><\/a><!--more--><\/div>\n<\/div>\n<div dir=\"auto\" style=\"text-align: center\"><a href=\"https:\/\/www.festival-interceltique.bzh\/wp-content\/uploads\/2025\/07\/Unknown-1-980x1307.jpeg\"><img loading=\"lazy\" decoding=\"async\" class=\"aligncenter \" src=\"https:\/\/www.festival-interceltique.bzh\/wp-content\/uploads\/2025\/07\/Unknown-1-980x1307.jpeg\" width=\"558\" height=\"744\" \/><\/a><\/div>\n<div class=\"html-div xdj266r x14z9mp xat24cr x1lziwak xexx8yu xyri2b x18d9i69 x1c1uobl\"><\/div>\n<\/div>\n<\/div>\n<\/div>\n<\/div>\n<\/div>\n<\/div>\n<p><strong>A l\u2019occasion de l\u2019ouverture du 28e\u00a0festival interceltico de Avil\u00e9s (Asturies), le festival Interceltique de Lorient, repr\u00e9sent\u00e9 par son directeur artistique, Jean-Philippe Mauras, a re\u00e7u le Prix Gaus\u00f3npour sa contribution et son inspiration aux valeurs interceltiques. Ce prix a \u00e9t\u00e9 remis par le Pr\u00e9sident de la Principaut\u00e9 des Asturies, Monsieur Adri\u00e1n Barb\u00f3n.<\/strong><\/p>\n","protected":false},"excerpt":{"rendered":"<p>Festival Interceltique de Lorient &#8211; Delegaci\u00f3n Asturiana. \/ Indumentaria. D\u00eda&#8217;l traxe y Cola Delegaci\u00f3n cam\u00edn d\u2019Asturies llega\u2019l momentu de faer balance d\u2019esta edici\u00f3n del @festivalinterceltiquelorient. Tenemos que dar les gracies a tos los grupos y a toes les persones que formaron parte de la nuesa delegaci\u00f3n y que participaron n\u2019una de les meyores ediciones que [&hellip;]<\/p>\n","protected":false},"author":117,"featured_media":0,"comment_status":"closed","ping_status":"open","sticky":false,"template":"","format":"standard","meta":{"footnotes":""},"categories":[204,35,125],"tags":[],"class_list":["post-55439","post","type-post","status-publish","format-standard","hentry","category-festivales","category-musica","category-musicasturiana-com"],"_links":{"self":[{"href":"https:\/\/edublog.educastur.es\/ixuxu\/wp-json\/wp\/v2\/posts\/55439","targetHints":{"allow":["GET"]}}],"collection":[{"href":"https:\/\/edublog.educastur.es\/ixuxu\/wp-json\/wp\/v2\/posts"}],"about":[{"href":"https:\/\/edublog.educastur.es\/ixuxu\/wp-json\/wp\/v2\/types\/post"}],"author":[{"embeddable":true,"href":"https:\/\/edublog.educastur.es\/ixuxu\/wp-json\/wp\/v2\/users\/117"}],"replies":[{"embeddable":true,"href":"https:\/\/edublog.educastur.es\/ixuxu\/wp-json\/wp\/v2\/comments?post=55439"}],"version-history":[{"count":5,"href":"https:\/\/edublog.educastur.es\/ixuxu\/wp-json\/wp\/v2\/posts\/55439\/revisions"}],"predecessor-version":[{"id":55444,"href":"https:\/\/edublog.educastur.es\/ixuxu\/wp-json\/wp\/v2\/posts\/55439\/revisions\/55444"}],"wp:attachment":[{"href":"https:\/\/edublog.educastur.es\/ixuxu\/wp-json\/wp\/v2\/media?parent=55439"}],"wp:term":[{"taxonomy":"category","embeddable":true,"href":"https:\/\/edublog.educastur.es\/ixuxu\/wp-json\/wp\/v2\/categories?post=55439"},{"taxonomy":"post_tag","embeddable":true,"href":"https:\/\/edublog.educastur.es\/ixuxu\/wp-json\/wp\/v2\/tags?post=55439"}],"curies":[{"name":"wp","href":"https:\/\/api.w.org\/{rel}","templated":true}]}}