{"id":55479,"date":"2025-08-11T11:00:10","date_gmt":"2025-08-11T09:00:10","guid":{"rendered":"https:\/\/edublog.educastur.es\/ixuxu\/?p=55479"},"modified":"2025-08-11T12:40:32","modified_gmt":"2025-08-11T10:40:32","slug":"la-comunida-autonoma-que-aporto-a-independiente-despana-mientres-57-dies","status":"publish","type":"post","link":"https:\/\/edublog.educastur.es\/ixuxu\/2025\/08\/la-comunida-autonoma-que-aporto-a-independiente-despana-mientres-57-dies\/","title":{"rendered":"La comunid\u00e1 aut\u00f3noma que aport\u00f3 a independiente d&#8217;Espa\u00f1a mientres 57 d\u00edes"},"content":{"rendered":"<ul>\n<li><a href=\"https:\/\/www.cope.es\/emisoras\/asturias\/asturias-provincia\/noticias\/comunidad-autonoma-llego-independiente-espana-57-dias-creo-propia-moneda-e-establecio-capital-pais-20250810_3197496.amp.html#amp_tf=De%20%251%24s&amp;aoh=17548619636624&amp;csi=0&amp;referrer=https%3A%2F%2Fwww.google.com\">Cope.es<\/a> \/<\/li>\n<\/ul>\n<div class=\"c-detail-header\">\n<p>La comunid\u00e1 aut\u00f3noma que aport\u00f3 a independiente d&#8217;Espa\u00f1a mientres 57 d\u00edes: cre\u00f3 la so propia moneda ya inclusive estableci\u00f3 una capital como pa\u00eds. Asocedi\u00f3 mientres la Guerra Civil y usaron esi recursu para poder protexese. Xix\u00f3n foi proclamada como la capital d&#8217;Asturies como pa\u00eds.<\/p>\n<p style=\"text-align: center\"><a href=\"https:\/\/imagenes.cope.es\/files\/webp_768_432\/uploads\/2025\/06\/18\/6852d03f6a149.jpeg\"><img loading=\"lazy\" decoding=\"async\" class=\"aligncenter size-large\" src=\"https:\/\/imagenes.cope.es\/files\/webp_768_432\/uploads\/2025\/06\/18\/6852d03f6a149.jpeg\" width=\"768\" height=\"432\" \/><\/a><\/p>\n<p><!--more--><br \/>\nEn xunetu de 1936, Espa\u00f1a partiose en dos. Una sublevaci\u00f3n militar contra&#8217;l gobiernu de la Segunda Rep\u00fablica marca l&#8217;entamu de la Guerra Civil. Nel norte, les ciudaes aguanten como pueden la meyora del ex\u00e9rcitu franquista, ente que nel sur y l&#8217;este ent\u00e1mense en redol al poder republicanu. Son a\u00f1os de sangre, fame y decisiones desesperaes.<\/p>\n<p>Nesti contestu, munches rexones vense forzaes a actuar pola so cuenta. Los recursos nun lleguen, la comunicaci\u00f3n col gobiernu central ye casi imposible y l&#8217;enemigu avanza ensin tregua. Asina, delles zones opten por tomar decisiones dr\u00e1stiques. Pero hai un casu que destaca especialmente pol so audacia y simbolismu: el d&#8217;Asturies.<\/p>\n<p style=\"text-align: center\"><a href=\"https:\/\/imagenes.cope.es\/files\/webp_768_432\/uploads\/2024\/11\/08\/672e4046314a5.jpeg\"><img loading=\"lazy\" decoding=\"async\" class=\"aligncenter size-large\" src=\"https:\/\/imagenes.cope.es\/files\/webp_768_432\/uploads\/2024\/11\/08\/672e4046314a5.jpeg\" width=\"768\" height=\"432\" \/><\/a><\/p>\n<\/div>\n<p><em>LA DECISI\u00d3N D&#8217;ASTURIES PARA INDEPENDIZASE <\/em><\/p>\n<p>El 24 d&#8217;agostu de 1937, en plena Guerra Civil, el Conseyu Interprovincial d&#8217;Asturies y Lli\u00f3n toma una decisi\u00f3n in\u00e9dita: proclama la soberan\u00eda de la rex\u00f3n. Naz asina&#8217;l llam\u00e1u Conseyu Soberanu d&#8217;Asturies y Lli\u00f3n, que s&#8217;autodefine como autorid\u00e1 suprema civil y militar. Establez la so capital en Xix\u00f3n, emite la so propia moneda y reorganiza el gobiernu rexonal como si tratase d&#8217;un nuevu pa\u00eds.<\/p>\n<p><strong>El l\u00edder d&#8217;esta iniciativa ye Belarmino Tom\u00e1s, un pol\u00edticu socialista con pas\u00e1u revolucionariu.<\/strong> El nuevu \u201cpresidente\u201d asume plenos poderes y forma un gabinete con representantes de part\u00edos y sindicatos d&#8217;esquierda, como&#8217;l PSOE, el Part\u00edu Comunista, CNT o UXT.<\/p>\n<p style=\"text-align: center\"><a href=\"https:\/\/imagenes.cope.es\/files\/webp_768_432\/uploads\/2025\/06\/18\/6852d7bb44ef6.webp\"><img loading=\"lazy\" decoding=\"async\" class=\"aligncenter size-large\" src=\"https:\/\/imagenes.cope.es\/files\/webp_768_432\/uploads\/2025\/06\/18\/6852d7bb44ef6.webp\" width=\"768\" height=\"432\" \/><\/a><\/p>\n<p style=\"text-align: center\">Belarmino Tom\u00e1s (esquierda) tuvo al mandu d&#8217;Asturies mientres estos a\u00f1os<\/p>\n<p><strong>Mientres 57 d\u00edes, Asturies funciona como un est\u00e1u de facto<\/strong>. Cr\u00e9anse ministerios, em\u00edtense edictos, xulgase a enemigos internos y reorganizase la vida cotidiana. Hai inclusive moneda propia: los llamaos belarminos, roblaos por Tom\u00e1s, que sustit\u00fain a la peseta para les transacciones locales.<\/p>\n<p>Tami\u00e9n s&#8217;impon un toque de queda, proh\u00edbese la salida del territoriu asturianu y susp\u00e9ndense derechos b\u00e1sicos. El Conseyu gobierna con mano firme, n&#8217;una situaci\u00f3n desesperada: arrodiaos polos franquistes, aisllaos per mar y abandonaos en gran midida pol restu de la Rep\u00fablica.<\/p>\n<p>LA RESPUESTA D&#8217;ESPA\u00d1A A LA INDEPENDENCIA D&#8217;ASTURIES<\/p>\n<p>En Valencia, onde se tresllad\u00f3&#8217;l Gobiernu republicanu, la noticia cai como una bomba. El ministru de Defensa, Indalecio Prieto, espa\u00f1a d&#8217;indignaci\u00f3n. La decisi\u00f3n asturiana ye vista como una insubordinaci\u00f3n y una amenaza de secesi\u00f3n en plena guerra. Manuel Aza\u00f1a, presidente de la Rep\u00fablica, llega a llamar a ese executivu local con despreciu&#8217;l \u00abGobiern\u00edn\u00bb, consider\u00e1ndolo m\u00e1s un xestu de rebeld\u00eda qu&#8217;una estratexa militar.<\/p>\n<p>Aun as\u00ed, nun s&#8217;intervien directamente. Dende Valencia tarrecen qu&#8217;una respuesta contundente desestabilice ent\u00e1 m\u00e1s la situaci\u00f3n. Tom\u00e1s, pela so parte, xustifica la midida pola incomunicaci\u00f3n total col Gobiernu central, la falta de refuerzos y el caos militar que reina nel norte.<\/p>\n<p><strong>La independencia asturiana termina&#8217;l 20 d&#8217;ochobre de 1937, cola entrada de les tropes franquistes en Xix\u00f3n<\/strong>. La \u00faltima xunta del Conseyu ye amargosa. Saben que la ciud\u00e1 nun puede aguantar m\u00e1s. El mesmu Belarmino Tom\u00e1s fuxe nun barcu de pesca cam\u00edn de Francia, xuntu con otros miembros del so gobiernu.<\/p>\n<p style=\"text-align: center\"><a href=\"https:\/\/imagenes.cope.es\/files\/webp_768_432\/uploads\/2025\/06\/18\/6852d85ad8da4.jpeg\"><img loading=\"lazy\" decoding=\"async\" class=\"aligncenter size-large\" src=\"https:\/\/imagenes.cope.es\/files\/webp_768_432\/uploads\/2025\/06\/18\/6852d85ad8da4.jpeg\" width=\"768\" height=\"432\" \/><\/a><\/p>\n<p style=\"text-align: center\"><em>Asturies funciona como un est\u00e1u de facto ya inclusive crea los belarminos, una moneda propia<\/em><\/p>\n<p>Cola cayida del Princip\u00e1u, Franco llogra&#8217;l dominiu completu del norte d&#8217;Espa\u00f1a. L&#8217;esperimentu soberanista asturianu queda como una an\u00e9cdota, pero tami\u00e9n como una amuesa del caos, la desesperaci\u00f3n y la valent\u00eda que marc\u00f3 la Guerra Civil.<\/p>\n<p>Anque solo dur\u00f3 57 d\u00edes, l&#8217;episodiu del Conseyu Soberanu d&#8217;Asturies y Lli\u00f3n qued\u00f3 na hestoria como un momentu singular. Foi un actu estremu, nac\u00edu de la urxencia y la desconex\u00f3n, pero que demostr\u00f3 la capacid\u00e1 d&#8217;una rex\u00f3n pa&#8217;autoorganizarse en plenu colapsu nacional.<\/p>\n<p>A d\u00eda de g\u00fcei, calti\u00e9nense documentos, edictos y billetes emit\u00edos por aquel Gobiernu. Dellos historiadores #llamar la Rep\u00fablica d&#8217;Asturies\u201d, y anque nunca foi reconocida oficialmente, funcion\u00f3 mientres casi dos meses como si lo fora. Un cap\u00edtulu desconoc\u00edu para munchos, pero que reflexa hasta qu\u00e9 puntu la Guerra Civil llev\u00f3 a Espa\u00f1a a la llende.<\/p>\n<p>&nbsp;<\/p>\n","protected":false},"excerpt":{"rendered":"<p>Cope.es \/ La comunid\u00e1 aut\u00f3noma que aport\u00f3 a independiente d&#8217;Espa\u00f1a mientres 57 d\u00edes: cre\u00f3 la so propia moneda ya inclusive estableci\u00f3 una capital como pa\u00eds. Asocedi\u00f3 mientres la Guerra Civil y usaron esi recursu para poder protexese. Xix\u00f3n foi proclamada como la capital d&#8217;Asturies como pa\u00eds.<\/p>\n","protected":false},"author":117,"featured_media":0,"comment_status":"closed","ping_status":"open","sticky":false,"template":"","format":"standard","meta":{"footnotes":""},"categories":[1],"tags":[],"class_list":["post-55479","post","type-post","status-publish","format-standard","hentry","category-sin-categoria"],"_links":{"self":[{"href":"https:\/\/edublog.educastur.es\/ixuxu\/wp-json\/wp\/v2\/posts\/55479","targetHints":{"allow":["GET"]}}],"collection":[{"href":"https:\/\/edublog.educastur.es\/ixuxu\/wp-json\/wp\/v2\/posts"}],"about":[{"href":"https:\/\/edublog.educastur.es\/ixuxu\/wp-json\/wp\/v2\/types\/post"}],"author":[{"embeddable":true,"href":"https:\/\/edublog.educastur.es\/ixuxu\/wp-json\/wp\/v2\/users\/117"}],"replies":[{"embeddable":true,"href":"https:\/\/edublog.educastur.es\/ixuxu\/wp-json\/wp\/v2\/comments?post=55479"}],"version-history":[{"count":2,"href":"https:\/\/edublog.educastur.es\/ixuxu\/wp-json\/wp\/v2\/posts\/55479\/revisions"}],"predecessor-version":[{"id":55481,"href":"https:\/\/edublog.educastur.es\/ixuxu\/wp-json\/wp\/v2\/posts\/55479\/revisions\/55481"}],"wp:attachment":[{"href":"https:\/\/edublog.educastur.es\/ixuxu\/wp-json\/wp\/v2\/media?parent=55479"}],"wp:term":[{"taxonomy":"category","embeddable":true,"href":"https:\/\/edublog.educastur.es\/ixuxu\/wp-json\/wp\/v2\/categories?post=55479"},{"taxonomy":"post_tag","embeddable":true,"href":"https:\/\/edublog.educastur.es\/ixuxu\/wp-json\/wp\/v2\/tags?post=55479"}],"curies":[{"name":"wp","href":"https:\/\/api.w.org\/{rel}","templated":true}]}}