{"id":55489,"date":"2025-08-12T08:30:05","date_gmt":"2025-08-12T06:30:05","guid":{"rendered":"https:\/\/edublog.educastur.es\/ixuxu\/?p=55489"},"modified":"2025-08-11T23:50:57","modified_gmt":"2025-08-11T21:50:57","slug":"el-tiempu-el-comercio-115","status":"publish","type":"post","link":"https:\/\/edublog.educastur.es\/ixuxu\/2025\/08\/el-tiempu-el-comercio-115\/","title":{"rendered":"El tiempu (El Comercio)"},"content":{"rendered":"<p style=\"text-align: center\"><a href=\"https:\/\/s1.ppllstatics.com\/elcomercio\/www\/multimedia\/2025\/08\/11\/prevision-tiempo-asturias-kutG-U2302588077118HVD-1200x840@El%20Comercio.jpg\"><img loading=\"lazy\" decoding=\"async\" class=\"aligncenter size-large\" src=\"https:\/\/s1.ppllstatics.com\/elcomercio\/www\/multimedia\/2025\/08\/11\/prevision-tiempo-asturias-kutG-U2302588077118HVD-1200x840@El%20Comercio.jpg\" width=\"1200\" height=\"833\" \/><\/a><\/p>\n<p>Volver\u00e1 ser un d\u00eda calorosu na rex\u00f3n. L&#8217;Axencia Estatal de Meteorolox\u00eda va tener activ\u00e1u <strong>dende les 13:00 hores y hasta les 21:00 hores l&#8217;avisu mariellu tantu nel suroccidente como nel cordal por altes temperatures.<\/strong> En cuanto al est\u00e1u de <strong>los cielos<\/strong>, vamos amanecer con nubes baxes na met\u00e1 norte y cielos m\u00e1s llimpios de nubosid\u00e1 na otra met\u00e1. A lo llargo de la ma\u00f1ana la nubosid\u00e1 va dir sumiendo anque-y va costar daqu\u00e9 m\u00e1s na mari\u00f1a.<strong> A partir del mediud\u00eda<\/strong> van apaecer nubes medies y altes dende&#8217;l cordal coles que nun se refuguen dellos bastios vespertinos irregularmente part\u00edos.<strong> Los vientos<\/strong> van ser fluexos polo xeneral.<\/p>\n<p><!--more--><\/p>\n<p><strong>El mi\u00e9rcole<\/strong>s van baxar les temperatures de forma xeneralizada. El d\u00eda va tar nublu y con posibilid\u00e1 de delles precipitaciones d\u00e9biles.<\/p>\n<p><strong> El xueves<\/strong> dir\u00e1n recuper\u00e1ndose nuevamente les temperatures para dar pasu a un vienres nuevamente bien calorosu nel Princip\u00e1u.<\/p>\n","protected":false},"excerpt":{"rendered":"<p>Volver\u00e1 ser un d\u00eda calorosu na rex\u00f3n. L&#8217;Axencia Estatal de Meteorolox\u00eda va tener activ\u00e1u dende les 13:00 hores y hasta les 21:00 hores l&#8217;avisu mariellu tantu nel suroccidente como nel cordal por altes temperatures. En cuanto al est\u00e1u de los cielos, vamos amanecer con nubes baxes na met\u00e1 norte y cielos m\u00e1s llimpios de nubosid\u00e1 [&hellip;]<\/p>\n","protected":false},"author":117,"featured_media":0,"comment_status":"closed","ping_status":"open","sticky":false,"template":"","format":"standard","meta":{"footnotes":""},"categories":[5],"tags":[],"class_list":["post-55489","post","type-post","status-publish","format-standard","hentry","category-tiempu"],"_links":{"self":[{"href":"https:\/\/edublog.educastur.es\/ixuxu\/wp-json\/wp\/v2\/posts\/55489","targetHints":{"allow":["GET"]}}],"collection":[{"href":"https:\/\/edublog.educastur.es\/ixuxu\/wp-json\/wp\/v2\/posts"}],"about":[{"href":"https:\/\/edublog.educastur.es\/ixuxu\/wp-json\/wp\/v2\/types\/post"}],"author":[{"embeddable":true,"href":"https:\/\/edublog.educastur.es\/ixuxu\/wp-json\/wp\/v2\/users\/117"}],"replies":[{"embeddable":true,"href":"https:\/\/edublog.educastur.es\/ixuxu\/wp-json\/wp\/v2\/comments?post=55489"}],"version-history":[{"count":1,"href":"https:\/\/edublog.educastur.es\/ixuxu\/wp-json\/wp\/v2\/posts\/55489\/revisions"}],"predecessor-version":[{"id":55490,"href":"https:\/\/edublog.educastur.es\/ixuxu\/wp-json\/wp\/v2\/posts\/55489\/revisions\/55490"}],"wp:attachment":[{"href":"https:\/\/edublog.educastur.es\/ixuxu\/wp-json\/wp\/v2\/media?parent=55489"}],"wp:term":[{"taxonomy":"category","embeddable":true,"href":"https:\/\/edublog.educastur.es\/ixuxu\/wp-json\/wp\/v2\/categories?post=55489"},{"taxonomy":"post_tag","embeddable":true,"href":"https:\/\/edublog.educastur.es\/ixuxu\/wp-json\/wp\/v2\/tags?post=55489"}],"curies":[{"name":"wp","href":"https:\/\/api.w.org\/{rel}","templated":true}]}}