{"id":55499,"date":"2025-08-12T19:00:23","date_gmt":"2025-08-12T17:00:23","guid":{"rendered":"https:\/\/edublog.educastur.es\/ixuxu\/?p=55499"},"modified":"2025-08-17T16:14:56","modified_gmt":"2025-08-17T14:14:56","slug":"55499","status":"publish","type":"post","link":"https:\/\/edublog.educastur.es\/ixuxu\/2025\/08\/55499\/","title":{"rendered":"Mediu Rural impulsa la marca Mercaos del Para\u00edsu Natural pa reforzar el sector agroalimentario asturianu."},"content":{"rendered":"<p style=\"text-align: center\"><a href=\"https:\/\/actualidad.asturias.es\/documents\/537115\/2738199\/im0002329289.jpg\/fd59faf8-443d-ff23-270d-baa7724c0dec?t=1754898072406\"><img loading=\"lazy\" decoding=\"async\" class=\"aligncenter size-large\" src=\"https:\/\/actualidad.asturias.es\/documents\/537115\/2738199\/im0002329289.jpg\/fd59faf8-443d-ff23-270d-baa7724c0dec?t=1754898072406\" width=\"600\" height=\"580\" \/><\/a><\/p>\n<p>Mediu Rural impulsa la marca <strong>Mercaos del Para\u00edsu Natural<\/strong> pa reforzar el sector agroalimentario asturianu. La iniciativa busca promover<br \/>\nel consumu de proximid\u00e1 y dinamizar el mediu rural. <a href=\"https:\/\/www.lavozdeasturias.es\/noticia\/gastronomia\/2025\/08\/11\/mercados-paraiso-nueva-iniciativa-promover-consumo-proximidad-asturias\/00031754903190807437708.htm\">La Voz<\/a> \/ <a href=\"https:\/\/actualidad.asturias.es\/-\/medio-rural-impulsa-la-marca-mercados-del-para\u00edso-natural-para-reforzar-el-sector-agroalimentario-asturiano?redirect=%2F\">Actualid\u00e1 Asturies<\/a><\/p>\n<p><!--more--><\/p>\n<p>La Conseyer\u00eda de Mediu Rural y Pol\u00edtica Agraria punxo en marcha una ll\u00ednea de subvenciones empobinaes a entidaes locales y organismos ensin \u00e1nimu d&#8217;arriquecimientu pa entamar los Mercaos del Para\u00edsu Natural, una iniciativa estrat\u00e9xica que busca reforzar el sector agroalimentario, promover el consumu de proximid\u00e1 y dinamizar el mediu rural.<\/p>\n<p><strong>Esti proyectu busca fortalecer el venceyu ente productores y consumidores, impulsar la econom\u00eda local, caltener el paisaxe rural y favorecer circuitos curtios de distribuci\u00f3n. <\/strong>Una iniciativa que busca reforzar el sector agroalimentario, promover el consumu de proximid\u00e1 y dinamizar el mediu rural.<\/p>\n<p>Estos certames van centrase na vienta directa de productos agroalimentarios asturianos, especialmente aquellos amparaos por marcar Alimentos del Para\u00edsu Natural.<\/p>\n<p><strong>Esta iniciativa busca fortalecer el venceyu ente productores y consumidores, impulsar la econom\u00eda local, caltener el paisaxe rural y favorecer circuitos curtios de distribuci\u00f3n.<\/strong> Van poder acoyese los mercaos celebraos n&#8217;Asturies ente&#8217;l pas\u00e1u 1 de payares y el pr\u00f3ximu 31 d&#8217;ochobre, siempres y cuando cunten con siquier 20 puestos de vienta y duren a lo menos 6 hores.<\/p>\n<p>L&#8217;eventu va poder espachar productos baxu marcar Alimentos del Para\u00edsu Natural, otros productos primarios, alimentos locales, Artesan\u00eda d&#8217;Asturies y chigres o &#8216;gastronetas&#8217; que la so ufierta gastron\u00f3mica se base, siquier en parte, en productos aut\u00f3ctonos.<\/p>\n<p>El Bolet\u00edn Oficial del Princip\u00e1u (Bopa) publica g\u00fcei les bases reguladores d&#8217;estos certames, que se van centrar na vienta directa de productos agroalimentarios asturianos, especialmente aquellos amparaos por marca<span style=\"color: #008080\"><strong> Alimentos del Para\u00edsu Natural, s\u00edmbolu calidable, orixe y sostenibilid\u00e1<\/strong><\/span>. Esta iniciativa busca fortalecer el venceyu ente productores y consumidores, impulsar la econom\u00eda local, caltener el paisaxe rural y favorecer circuitos curtios de distribuci\u00f3n.<\/p>\n<p>La convocatoria va espublizase nel Sistema Nacional de Publicid\u00e1 de Subvenciones, na see electr\u00f3nica del Princip\u00e1u y nel Bopa por aciu estractu. El plazu pa presentar de solicit\u00faes va ser de 30 d\u00edes naturales una vegada public\u00e1u.<\/p>\n<p>Van poder acoyese los mercaos celebraos n&#8217;Asturies ente&#8217;l pas\u00e1u 1 de payares y el pr\u00f3ximu 31 d&#8217;ochobre, siempres y cuando cunten con siquier 20 puestos de vienta y duren a lo menos 6 hores. L&#8217;eventu va poder espachar productos baxu la marca<span style=\"color: #008080\"><strong> Alimentos del Para\u00edsu Natural<\/strong><\/span>, <span style=\"color: #008080\"><strong>otros productos primarios, alimentos locales, Artesan\u00eda d&#8217;Asturies y chigres o foodtrucks que la so ufierta gastron\u00f3mica se base, siquier en parte, en productos aut\u00f3ctonos.<\/strong><\/span><\/p>\n<p style=\"text-align: center\"><a href=\"https:\/\/img.lavdg.com\/sc\/CDAgtXfP0jlH82iO5kyH7qVz3Ns=\/768x\/2025\/07\/31\/00121753974861051851511\/Foto\/390.jpg\"><img loading=\"lazy\" decoding=\"async\" class=\"aligncenter size-large\" src=\"https:\/\/img.lavdg.com\/sc\/CDAgtXfP0jlH82iO5kyH7qVz3Ns=\/768x\/2025\/07\/31\/00121753974861051851511\/Foto\/390.jpg\" width=\"768\" height=\"432\" \/><\/a><\/p>\n<p>L&#8217;ayuda va tar financiada al 100% pol Princip\u00e1u y va concedese en r\u00e9xime de concurrencia competitiva por aciu convocatoria p\u00fablica a\u00f1al. La cuant\u00eda va asignase en funci\u00f3n de criterios como&#8217;l tama\u00f1u de la localid\u00e1 onde se celebra&#8217;l merc\u00e1u, la so duraci\u00f3n y n\u00famberu de puestos, la presencia d&#8217;actividaes complementaries (especialmente pa p\u00fablicu infantil) y de productos amparaos por marques calidable o aptos pa persones con intolerancies, ente otros factores. Tami\u00e9n va poder establecese un m\u00ednimu de puntuaci\u00f3n p&#8217;aportar a la subvenci\u00f3n.<\/p>\n<p>Nel casu d&#8217;entidaes locales, el pagu va realizase en dos fases: el 50% tres el resolvimientu de concesi\u00f3n y el 50% restante una vegada xustific\u00e1u&#8217;l primer tramu. Estes subvenciones van ser incompatibles con otres ayudes otorgaes a entidaes ensin \u00e1nimu d&#8217;arriquecimientu pa certames agroalimentarios, pero compatibles con otres subvenciones siempres que nun se supere&#8217;l 100% del gastu.<\/p>\n<p>Con esta iniciativa, el Princip\u00e1u refuerza&#8217;l so apueste por un modelu agroalimentario sostenible, calidable y vencey\u00e1u al territoriu, colos Mercaos del Para\u00edsu Natural como ferramienta clave de promoci\u00f3n, comercializaci\u00f3n y desenvolvimientu rural.<\/p>\n<p>&nbsp;<\/p>\n<p>&nbsp;<\/p>\n<p>&nbsp;<\/p>\n","protected":false},"excerpt":{"rendered":"<p>Mediu Rural impulsa la marca Mercaos del Para\u00edsu Natural pa reforzar el sector agroalimentario asturianu. La iniciativa busca promover el consumu de proximid\u00e1 y dinamizar el mediu rural. La Voz \/ Actualid\u00e1 Asturies<\/p>\n","protected":false},"author":117,"featured_media":0,"comment_status":"closed","ping_status":"open","sticky":false,"template":"","format":"standard","meta":{"footnotes":""},"categories":[138,290,1],"tags":[],"class_list":["post-55499","post","type-post","status-publish","format-standard","hentry","category-alimentos","category-mercau","category-sin-categoria"],"_links":{"self":[{"href":"https:\/\/edublog.educastur.es\/ixuxu\/wp-json\/wp\/v2\/posts\/55499","targetHints":{"allow":["GET"]}}],"collection":[{"href":"https:\/\/edublog.educastur.es\/ixuxu\/wp-json\/wp\/v2\/posts"}],"about":[{"href":"https:\/\/edublog.educastur.es\/ixuxu\/wp-json\/wp\/v2\/types\/post"}],"author":[{"embeddable":true,"href":"https:\/\/edublog.educastur.es\/ixuxu\/wp-json\/wp\/v2\/users\/117"}],"replies":[{"embeddable":true,"href":"https:\/\/edublog.educastur.es\/ixuxu\/wp-json\/wp\/v2\/comments?post=55499"}],"version-history":[{"count":4,"href":"https:\/\/edublog.educastur.es\/ixuxu\/wp-json\/wp\/v2\/posts\/55499\/revisions"}],"predecessor-version":[{"id":55913,"href":"https:\/\/edublog.educastur.es\/ixuxu\/wp-json\/wp\/v2\/posts\/55499\/revisions\/55913"}],"wp:attachment":[{"href":"https:\/\/edublog.educastur.es\/ixuxu\/wp-json\/wp\/v2\/media?parent=55499"}],"wp:term":[{"taxonomy":"category","embeddable":true,"href":"https:\/\/edublog.educastur.es\/ixuxu\/wp-json\/wp\/v2\/categories?post=55499"},{"taxonomy":"post_tag","embeddable":true,"href":"https:\/\/edublog.educastur.es\/ixuxu\/wp-json\/wp\/v2\/tags?post=55499"}],"curies":[{"name":"wp","href":"https:\/\/api.w.org\/{rel}","templated":true}]}}