{"id":55504,"date":"2025-08-12T12:40:41","date_gmt":"2025-08-12T10:40:41","guid":{"rendered":"https:\/\/edublog.educastur.es\/ixuxu\/?p=55504"},"modified":"2025-08-12T12:41:23","modified_gmt":"2025-08-12T10:41:23","slug":"playes-quesos-y-munchu-mapa-asina-conquistal-stand-de-los-conceyos-asturianos","status":"publish","type":"post","link":"https:\/\/edublog.educastur.es\/ixuxu\/2025\/08\/playes-quesos-y-munchu-mapa-asina-conquistal-stand-de-los-conceyos-asturianos\/","title":{"rendered":"Playes, quesos y munchu mapa: asina conquista\u2019l stand de los conceyos asturianos"},"content":{"rendered":"<div class=\"entry-header\">\n<p class=\"jeg_post_title\"><strong style=\"font-size: 16px\">Dellos ayuntamientos asturianos amuesen la so riqueza tur\u00edstica y cultural nesti puestu que cuenta con una programaci\u00f3n qu\u2019incl\u00fai actividaes participatives y prebes, y prepara una propuesta especial pal D\u00eda de la Llingua Asturiana na FIDMA.<\/strong><\/p>\n<\/div>\n<div class=\"entry-content with-share\">\n<div class=\"content-inner \">\n<div class=\"wp-block-jetpack-slideshow aligncenter\" data-effect=\"slide\" data-jetpack-block-initialized=\"true\">\n<div class=\"wp-block-jetpack-slideshow_container swiper-container swiper-container-initialized swiper-container-horizontal swiper-container-pointer-events wp-swiper-initialized\">\n<figure><img loading=\"lazy\" decoding=\"async\" class=\"wp-block-jetpack-slideshow_image wp-image-214576 aligncenter\" src=\"https:\/\/migijon.com\/wp-content\/uploads\/2025\/08\/WhatsApp-Image-2025-08-10-at-06.57.21-1280x960.jpeg\" alt=\"\" width=\"1280\" height=\"960\" data-id=\"214576\" data-pin-no-hover=\"true\" \/><\/figure>\n<p><!--more--><\/p>\n<figure><img loading=\"lazy\" decoding=\"async\" class=\"wp-block-jetpack-slideshow_image wp-image-214575\" src=\"https:\/\/migijon.com\/wp-content\/uploads\/2025\/08\/WhatsApp-Image-2025-08-10-at-06.57.22-1280x960.jpeg\" alt=\"\" width=\"1280\" height=\"960\" data-id=\"214575\" data-pin-no-hover=\"true\" \/><figcaption class=\"wp-block-jetpack-slideshow_caption gallery-caption\">Ovidio Rubio y Aida Iriarte, nel stand de Conceyos con encantu<\/figcaption><\/figure>\n<figure><img loading=\"lazy\" decoding=\"async\" class=\"wp-block-jetpack-slideshow_image wp-image-214578\" src=\"https:\/\/migijon.com\/wp-content\/uploads\/2025\/08\/WhatsApp-Image-2025-08-10-at-06.57.21-2-1280x960.jpeg\" alt=\"\" width=\"1280\" height=\"960\" data-id=\"214578\" data-pin-no-hover=\"true\" \/><\/figure>\n<figure><img loading=\"lazy\" decoding=\"async\" class=\"wp-block-jetpack-slideshow_image wp-image-214577\" src=\"https:\/\/migijon.com\/wp-content\/uploads\/2025\/08\/WhatsApp-Image-2025-08-10-at-06.57.21-1-1280x960.jpeg\" alt=\"\" width=\"1280\" height=\"960\" data-id=\"214577\" data-pin-no-hover=\"true\" \/><\/figure>\n<figure><img loading=\"lazy\" decoding=\"async\" class=\"wp-block-jetpack-slideshow_image wp-image-214576\" src=\"https:\/\/migijon.com\/wp-content\/uploads\/2025\/08\/WhatsApp-Image-2025-08-10-at-06.57.21-1280x960.jpeg\" alt=\"\" width=\"1280\" height=\"960\" data-id=\"214576\" data-pin-no-hover=\"true\" \/><\/figure>\n<\/div>\n<\/div>\n<p>El stand\u00a0<em>Conceyos con encantu<\/em>\u00a0convirti\u00f3se n\u00fan de los puntos m\u00e1s frecuentaos de la Feria Internacional de Muestres d\u2019Asturies (FIDMA). Al frente t\u00e1n\u00a0<strong>Ovidio Rubio Vicente<\/strong>\u00a0y\u00a0<strong>Aida Iriarte Mart\u00ednez<\/strong>, responsables del espaciu, que xunta a dellos conceyos del Princip\u00e1u col oxetivu d\u2019amosar la so riqueza tur\u00edstica y cultural.<\/p>\n<p>&nbsp;<\/p>\n<p>\u00abTenemos\u00a0<strong>dende Nava, Salas o Cabrales hasta Llanes<\/strong>\u00bb, esplica Rubio. Los visitantes, se\u00f1ala, suelen interesase por rutes, naturaleza y gastronom\u00eda, \u00abque ye bastante identitaria d\u2019Asturies\u00bb. Ente les consultes m\u00e1s habituales figuren\u00a0<strong>les freses de Candamu, la Cueva de la Pe\u00f1a y, sobre manera, la zona de Llanes y les sos playes<\/strong>.<\/p>\n<div class=\"jeg_ad jeg_ad_article jnews_content_inline_3_ads \">\n<div class=\"ads-wrapper align-center \">Iriarte confirma que Llanes espierta un gran atractivu, pero tami\u00e9n hai p\u00fablicu que s\u2019avera con un oxetivu mui personal: \u00abBastantes persones vienen a buscar el so conceyu. <strong>Nun ye s\u00f3lo visitar, sin\u00f3n atopalu nel mapa y llevar informaci\u00f3n<\/strong>\u00bb. Esta identificaci\u00f3n llocal refl\u00e9xase inclusive nes semeyes colos llamativos bocadillos decorativos del stand, como cuenta Rubio: \u00abG\u00fcei vieno una pareya, \u00e9l de Villay\u00f3n y ella d\u2019El Franco, y f\u00edxi-yos semeyes colos bocadillos, qu\u2019am\u00e1s t\u00e1n na mesma parte del mapa\u00bb.<\/div>\n<\/div>\n<p>La programaci\u00f3n del puestu nun se llenda a la informaci\u00f3n tur\u00edstica. Incl\u00fai tami\u00e9n actividaes participatives y prebes. Habr\u00e1\u00a0<strong>demostraciones de cocina a cargu de distintos conceyos, visites d\u2019alcaldes y propuestes tan singulares como la de Proaza, que recupera un quesu tradicional cuasi desanici\u00e1u<\/strong>\u00a0gracies a la iniciativa de dos vecines, que lu presentar\u00e1n na Feria.<\/p>\n<div class=\"jeg_ad jeg_ad_article jnews_content_inline_2_ads \">\n<div class=\"ads-wrapper align-center \">Am\u00e1s, esp\u00e9rase la presencia de filanderes y, <strong>nel D\u00eda de la Llingua Asturiana, que va celebrase\u2019l s\u00e1badu, una activid\u00e1 pa que\u2019l p\u00fablicu asitie\u2019l so conceyu nun gran mapa interautivu<\/strong>. L\u2019usu del asturianu, presente en bona parte de les conversaciones, cu\u00e9lase tami\u00e9n na din\u00e1mica del puestu, onde nun falta l\u2019humor y l\u2019intercambiu de lling\u00fces ente espositores y visitantes.<\/div>\n<\/div>\n<p>Con un amiestu de tradici\u00f3n, identid\u00e1 llocal y esperiencies sensoriales,\u00a0<em>Conceyos con encantu<\/em>\u00a0ye y\u00e1 una\u00a0<strong>parada obligada pal que quiera descubrir, o redescubrir, l\u2019Asturies m\u00e1s cercana<\/strong>. El puestu ent\u00e1malu la plataforma d\u2019ociu y turismu VerAsturies y ta nel pabell\u00f3n 3-4.<\/p>\n<div class=\"jeg_ad jeg_ad_article jnews_content_inline_ads \">\n<div class=\"ads-wrapper align-center \"><\/div>\n<\/div>\n<\/div>\n<\/div>\n<p>&nbsp;<\/p>\n","protected":false},"excerpt":{"rendered":"<p>Dellos ayuntamientos asturianos amuesen la so riqueza tur\u00edstica y cultural nesti puestu que cuenta con una programaci\u00f3n qu\u2019incl\u00fai actividaes participatives y prebes, y prepara una propuesta especial pal D\u00eda de la Llingua Asturiana na FIDMA.<\/p>\n","protected":false},"author":117,"featured_media":0,"comment_status":"closed","ping_status":"open","sticky":false,"template":"","format":"standard","meta":{"footnotes":""},"categories":[469,209],"tags":[],"class_list":["post-55504","post","type-post","status-publish","format-standard","hentry","category-conceyos","category-fidma-xixon"],"_links":{"self":[{"href":"https:\/\/edublog.educastur.es\/ixuxu\/wp-json\/wp\/v2\/posts\/55504","targetHints":{"allow":["GET"]}}],"collection":[{"href":"https:\/\/edublog.educastur.es\/ixuxu\/wp-json\/wp\/v2\/posts"}],"about":[{"href":"https:\/\/edublog.educastur.es\/ixuxu\/wp-json\/wp\/v2\/types\/post"}],"author":[{"embeddable":true,"href":"https:\/\/edublog.educastur.es\/ixuxu\/wp-json\/wp\/v2\/users\/117"}],"replies":[{"embeddable":true,"href":"https:\/\/edublog.educastur.es\/ixuxu\/wp-json\/wp\/v2\/comments?post=55504"}],"version-history":[{"count":1,"href":"https:\/\/edublog.educastur.es\/ixuxu\/wp-json\/wp\/v2\/posts\/55504\/revisions"}],"predecessor-version":[{"id":55505,"href":"https:\/\/edublog.educastur.es\/ixuxu\/wp-json\/wp\/v2\/posts\/55504\/revisions\/55505"}],"wp:attachment":[{"href":"https:\/\/edublog.educastur.es\/ixuxu\/wp-json\/wp\/v2\/media?parent=55504"}],"wp:term":[{"taxonomy":"category","embeddable":true,"href":"https:\/\/edublog.educastur.es\/ixuxu\/wp-json\/wp\/v2\/categories?post=55504"},{"taxonomy":"post_tag","embeddable":true,"href":"https:\/\/edublog.educastur.es\/ixuxu\/wp-json\/wp\/v2\/tags?post=55504"}],"curies":[{"name":"wp","href":"https:\/\/api.w.org\/{rel}","templated":true}]}}