{"id":55506,"date":"2025-08-12T12:45:31","date_gmt":"2025-08-12T10:45:31","guid":{"rendered":"https:\/\/edublog.educastur.es\/ixuxu\/?p=55506"},"modified":"2025-08-12T12:45:31","modified_gmt":"2025-08-12T10:45:31","slug":"the-times-pon-el-focu-nasturies-destaca-la-necesida-dun-relevu-xeneracional-nel-escanciau-de-sidra","status":"publish","type":"post","link":"https:\/\/edublog.educastur.es\/ixuxu\/2025\/08\/the-times-pon-el-focu-nasturies-destaca-la-necesida-dun-relevu-xeneracional-nel-escanciau-de-sidra\/","title":{"rendered":"The Times pon el focu n&#8217;Asturies: destaca la necesid\u00e1 d&#8217;un relevu xeneracional nel escanci\u00e1u de sidra"},"content":{"rendered":"<div class=\"entry-header\">El diariu brit\u00e1nicu dedica un reportaxe a la sidra asturiano y sorraya que \u00abye parte del ADN cultural de la rex\u00f3n\u00bb <a href=\"https:\/\/migijon.com\/the-times-pone-el-foco-en-asturias-destaca-la-necesidad-de-un-relevo-generacional-en-el-escanciado-de-sidra\">Mi Gij\u00f3n<\/a><\/div>\n<div class=\"entry-content with-share\">\n<div class=\"content-inner \">\n<figure class=\"wp-block-image size-large\">\n<div id=\"standard_1\" class=\"st-placement standard_1 inImage\">\n<div class=\"st-adunit st-adunit-tagged st-reset st-show\"><\/div>\n<\/div>\n<p><img loading=\"lazy\" decoding=\"async\" class=\"wp-image-214692\" src=\"https:\/\/migijon.com\/wp-content\/uploads\/2025\/08\/Captura-de-pantalla-2025-08-11-a-las-11.04.50-1280x769.png\" alt=\"\" width=\"1280\" height=\"769\" data-pin-no-hover=\"true\" \/><\/figure>\n<p><!--more--><\/p>\n<\/div>\n<\/div>\n<p>El prestixosu diariu brit\u00e1nicu The Times punxo&#8217;l focu n&#8217;una de les tradiciones m\u00e1s emblem\u00e1tiques de Asturies: l&#8217;escanci\u00e1u de la sidra. Nun reportaxe, el peri\u00f3dicu <strong>destaca la trayectoria de Salvador Ond\u00f3 (Tierra \u00c1stur)<\/strong>, campe\u00f3n d&#8217;esta disciplina mientres 15 a\u00f1os y actual maestru na ense\u00f1anza del arte de vertir sidra dende gran altor para osixenala y realzar el so sabor.<\/p>\n<p>Ond\u00f3, nac\u00edu en Guinea Ecuatorial y cri\u00e1u na Rep\u00fablica Dominicana, rompi\u00f3 estereotipos nun mundu tradicionalmente asturianu, onde nun yera habitual ver a un escanciador negru. \u201cLa xente sosprendese al vema\u201d, recuerda. Al pie de el so rival y amigu Wilkin Aquiles, de La Montera Picona, caltien viva la competici\u00f3n nun oficiu que, seg\u00fan alvierti, traviesa una crisis pola falta de relevu xeneracional y l&#8217;irrupci\u00f3n de m\u00e1quines autom\u00e1tiques en sidrer\u00edes.<\/p>\n<p>L&#8217;art\u00edculu de The Times tami\u00e9n recueye la voz d&#8217;espertos como Daniel Ruiz, presidente del conseyu regulador de la sidra, que sorraya que<strong> l&#8217;escanci\u00e1u \u201cforma parte del ADN cultural y social d&#8217;Asturies\u201d<\/strong>. Sicas\u00ed, alerta de que l&#8217;avieyamientu de la poblaci\u00f3n y la dependencia de trabayadores estranxeros \u2014el 70% de los sos alumnos son foranos\u2014 amenacien la continuid\u00e1 de la tradici\u00f3n.<\/p>\n<p>Am\u00e1s, el productor Luis Pi\u00f1era reconoz que&#8217;l sector vive \u201cun momentu dif\u00edcil\u201d con vientes planes, zarru de negocios y burocracia qu&#8217;afuega a los peque\u00f1os ellaboradores. Aun as\u00ed, amu\u00e9sase optimista: <strong>\u201cLa sidra siguir\u00e1 bebi\u00e9ndose dientro de mil a\u00f1os\u201d.<\/strong><\/p>\n<p>&nbsp;<\/p>\n<p>*The Times, que recueye tami\u00e9n el m\u00edticu\u00a0Dec\u00e1logu del escanciador\u00a0-cola imaxe de la reconocida\u00a0Alejandra *Venegas-, describe l&#8217;escanci\u00e1u como un espect\u00e1culu de precisi\u00f3n y elegancia, comparable a una corrida de toros nel so *ritualidad. Un arte que, para los sos defensores, tien de protexese frente a la mecanizaci\u00f3n y tresmitise a les nueves xeneraciones para evitar que, xuntu col sabor de la sidra, pi\u00e9rdase tami\u00e9n una parte esencial de la identid\u00e1 asturiana.<\/p>\n","protected":false},"excerpt":{"rendered":"<p>El diariu brit\u00e1nicu dedica un reportaxe a la sidra asturiano y sorraya que \u00abye parte del ADN cultural de la rex\u00f3n\u00bb Mi Gij\u00f3n<\/p>\n","protected":false},"author":117,"featured_media":0,"comment_status":"closed","ping_status":"open","sticky":false,"template":"","format":"standard","meta":{"footnotes":""},"categories":[156],"tags":[],"class_list":["post-55506","post","type-post","status-publish","format-standard","hentry","category-sidre"],"_links":{"self":[{"href":"https:\/\/edublog.educastur.es\/ixuxu\/wp-json\/wp\/v2\/posts\/55506","targetHints":{"allow":["GET"]}}],"collection":[{"href":"https:\/\/edublog.educastur.es\/ixuxu\/wp-json\/wp\/v2\/posts"}],"about":[{"href":"https:\/\/edublog.educastur.es\/ixuxu\/wp-json\/wp\/v2\/types\/post"}],"author":[{"embeddable":true,"href":"https:\/\/edublog.educastur.es\/ixuxu\/wp-json\/wp\/v2\/users\/117"}],"replies":[{"embeddable":true,"href":"https:\/\/edublog.educastur.es\/ixuxu\/wp-json\/wp\/v2\/comments?post=55506"}],"version-history":[{"count":1,"href":"https:\/\/edublog.educastur.es\/ixuxu\/wp-json\/wp\/v2\/posts\/55506\/revisions"}],"predecessor-version":[{"id":55507,"href":"https:\/\/edublog.educastur.es\/ixuxu\/wp-json\/wp\/v2\/posts\/55506\/revisions\/55507"}],"wp:attachment":[{"href":"https:\/\/edublog.educastur.es\/ixuxu\/wp-json\/wp\/v2\/media?parent=55506"}],"wp:term":[{"taxonomy":"category","embeddable":true,"href":"https:\/\/edublog.educastur.es\/ixuxu\/wp-json\/wp\/v2\/categories?post=55506"},{"taxonomy":"post_tag","embeddable":true,"href":"https:\/\/edublog.educastur.es\/ixuxu\/wp-json\/wp\/v2\/tags?post=55506"}],"curies":[{"name":"wp","href":"https:\/\/api.w.org\/{rel}","templated":true}]}}