{"id":55508,"date":"2025-08-12T12:49:16","date_gmt":"2025-08-12T10:49:16","guid":{"rendered":"https:\/\/edublog.educastur.es\/ixuxu\/?p=55508"},"modified":"2025-08-12T14:20:10","modified_gmt":"2025-08-12T12:20:10","slug":"55508","status":"publish","type":"post","link":"https:\/\/edublog.educastur.es\/ixuxu\/2025\/08\/55508\/","title":{"rendered":"Valdesoto pon el mundu de vuelta y media nos sos xarr\u00e9s\/carroces."},"content":{"rendered":"<p>Valdesoto pon el mundu de vuelta y media nos sos xarr\u00e9s\/carroces. Les pe\u00f1es del tradicional desfile vencen al calor coles sos comedies rodantes ente la IA, los Blinders, Koldo yTrump. <a href=\"https:\/\/www.lne.es\/siero\/2025\/08\/12\/ingenio-ruedas-carrozas-valdesoto-sido-120547727.html\">LNE<\/a> \/. <a href=\"https:\/\/www.elcomercio.es\/area-metropolitana-asturias\/siero-centro\/carrozas-vuelven-valdesoto-20250811071536-ga.html\"><strong>Semeyes<\/strong> <\/a>\/<a href=\"https:\/\/www.elcomercio.es\/area-metropolitana-asturias\/siero-centro\/valdesoto-carrozas-fiestas-san-felix-20250811071558-nt.html\"> El Comercio<\/a>.\/ <a href=\"https:\/\/www.instagram.com\/p\/DNQC16hSkNL\">Videu<\/a> \/<\/p>\n<p style=\"text-align: center\"><a href=\"https:\/\/s2.ppllstatics.com\/elcomercio\/www\/multimedia\/2025\/08\/11\/carrozas%20(9).jpg\"><img loading=\"lazy\" decoding=\"async\" class=\"aligncenter size-large\" src=\"https:\/\/s2.ppllstatics.com\/elcomercio\/www\/multimedia\/2025\/08\/11\/carrozas%20(9).jpg\" width=\"1920\" height=\"1280\" \/><\/a><\/p>\n<p>Valdesoto volvi\u00f3 vistise de gala para acoyer unu de los momentos m\u00e1s esperaos de les sos fiestes de San F\u00e9lix: el Concursu Provincial de Xarr\u00e9s, <span style=\"color: #008080\"><strong>Fiesta d&#8217;Inter\u00e9s Tur\u00edsticu Rexonal dende 2003<\/strong> <\/span>y que nesta LXII edici\u00f3n demostr\u00f3 de nuevu la capacid\u00e1 creativa de les pe\u00f1es. Sobr\u00f3 inxeniu para sosprender al p\u00fablicu y aguantar el calor d&#8217;un agostu que nun dio tregua. La Pe\u00f1a Cotiellos, col so xarr\u00e9 \u201cIA el mio qu\u00e9 Pi\u00f1\u00f3n\u201d, gan\u00f3 al certame n&#8217;una edici\u00f3n con daqu\u00e9 de discutiniu poles sanciones en puntos a delles propuestes. Los segundos, Les Escueles, fueron sancionaos con cinco puntos por pasase de siete minutos n&#8217;una actuaci\u00f3n. Los terceros, El Chabolu, fueron terceros tres una sanci\u00f3n a El Chole.<\/p>\n<p><!--more--><\/p>\n<p style=\"text-align: center\"><a href=\"https:\/\/s3.ppllstatics.com\/elcomercio\/www\/multimedia\/2025\/08\/11\/carrozas%20(8).jpg\"><img loading=\"lazy\" decoding=\"async\" class=\"aligncenter size-large\" src=\"https:\/\/s3.ppllstatics.com\/elcomercio\/www\/multimedia\/2025\/08\/11\/carrozas%20(8).jpg\" width=\"1920\" height=\"1289\" \/><\/a><!--more--><\/p>\n<p style=\"text-align: center\"><a href=\"https:\/\/s1.ppllstatics.com\/elcomercio\/www\/multimedia\/2025\/08\/11\/carrozas%20(5).jpg\"><img loading=\"lazy\" decoding=\"async\" class=\"aligncenter size-large\" src=\"https:\/\/s1.ppllstatics.com\/elcomercio\/www\/multimedia\/2025\/08\/11\/carrozas%20(5).jpg\" width=\"1920\" height=\"1280\" \/><\/a><\/p>\n<p><strong>\u00abInvolucrar a los guah.es ye fundamental por que esta tradici\u00f3n nun se pierda. Ellos son el futuru de la fiesta y de esti concursu\u00bb<\/strong>, esplicaba Andr\u00e9s Verdalles, presidente de l&#8217;Asociaci\u00f3n Cultural del Festexos San F\u00e9lix de Valdesoto, visiblemente satisfechu cola implicaci\u00f3n de les nueves xeneraciones, y siempres pindia del bon desenvolvimientu del eventu.<\/p>\n<p style=\"text-align: center\"><a href=\"https:\/\/s1.ppllstatics.com\/elcomercio\/www\/multimedia\/2025\/08\/11\/carrozas%20(46).jpg\"><img loading=\"lazy\" decoding=\"async\" class=\"aligncenter size-large\" src=\"https:\/\/s1.ppllstatics.com\/elcomercio\/www\/multimedia\/2025\/08\/11\/carrozas%20(46).jpg\" width=\"1920\" height=\"1280\" \/><\/a><\/p>\n<p style=\"text-align: center\"><a href=\"https:\/\/s3.ppllstatics.com\/elcomercio\/www\/multimedia\/2025\/08\/11\/carrozas%20(43).jpg\"><img loading=\"lazy\" decoding=\"async\" class=\"aligncenter size-large\" src=\"https:\/\/s3.ppllstatics.com\/elcomercio\/www\/multimedia\/2025\/08\/11\/carrozas%20(43).jpg\" width=\"1920\" height=\"1280\" \/><\/a><\/p>\n<p style=\"text-align: center\"><a href=\"https:\/\/s3.ppllstatics.com\/elcomercio\/www\/multimedia\/2025\/08\/11\/carrozas%20(4).jpg\"><img loading=\"lazy\" decoding=\"async\" class=\"aligncenter size-large\" src=\"https:\/\/s3.ppllstatics.com\/elcomercio\/www\/multimedia\/2025\/08\/11\/carrozas%20(4).jpg\" width=\"1920\" height=\"1280\" \/><\/a><\/p>\n<p style=\"text-align: center\"><a href=\"https:\/\/s1.ppllstatics.com\/elcomercio\/www\/multimedia\/2025\/08\/11\/carrozas%20(35).jpg\"><img loading=\"lazy\" decoding=\"async\" class=\"aligncenter size-large\" src=\"https:\/\/s1.ppllstatics.com\/elcomercio\/www\/multimedia\/2025\/08\/11\/carrozas%20(35).jpg\" width=\"1920\" height=\"1280\" \/><\/a><\/p>\n<p style=\"text-align: center\"><a href=\"https:\/\/s2.ppllstatics.com\/elcomercio\/www\/multimedia\/2025\/08\/11\/carrozas%20(18).jpg\"><img loading=\"lazy\" decoding=\"async\" class=\"aligncenter size-large\" src=\"https:\/\/s2.ppllstatics.com\/elcomercio\/www\/multimedia\/2025\/08\/11\/carrozas%20(18).jpg\" width=\"1920\" height=\"1280\" \/><\/a><\/p>\n<p style=\"text-align: center\"><a href=\"https:\/\/s1.ppllstatics.com\/elcomercio\/www\/multimedia\/2025\/08\/11\/carrozas%20(20).jpg\"><img loading=\"lazy\" decoding=\"async\" class=\"aligncenter size-large\" src=\"https:\/\/s1.ppllstatics.com\/elcomercio\/www\/multimedia\/2025\/08\/11\/carrozas%20(20).jpg\" width=\"1920\" height=\"1272\" \/><\/a><\/p>\n<p style=\"text-align: center\"><a href=\"https:\/\/s3.ppllstatics.com\/elcomercio\/www\/multimedia\/2025\/08\/11\/carrozas%20(23).jpg\"><img loading=\"lazy\" decoding=\"async\" class=\"aligncenter size-large\" src=\"https:\/\/s3.ppllstatics.com\/elcomercio\/www\/multimedia\/2025\/08\/11\/carrozas%20(23).jpg\" width=\"1920\" height=\"1310\" \/><\/a><\/p>\n<p style=\"text-align: center\"><a href=\"https:\/\/s3.ppllstatics.com\/elcomercio\/www\/multimedia\/2025\/08\/11\/carrozas%20(3).jpg\"><img loading=\"lazy\" decoding=\"async\" class=\"aligncenter size-large\" src=\"https:\/\/s3.ppllstatics.com\/elcomercio\/www\/multimedia\/2025\/08\/11\/carrozas%20(3).jpg\" width=\"1920\" height=\"1275\" \/><\/a><\/p>\n","protected":false},"excerpt":{"rendered":"<p>Valdesoto pon el mundu de vuelta y media nos sos xarr\u00e9s\/carroces. Les pe\u00f1es del tradicional desfile vencen al calor coles sos comedies rodantes ente la IA, los Blinders, Koldo yTrump. LNE \/. Semeyes \/ El Comercio.\/ Videu \/ Valdesoto volvi\u00f3 vistise de gala para acoyer unu de los momentos m\u00e1s esperaos de les sos fiestes [&hellip;]<\/p>\n","protected":false},"author":117,"featured_media":0,"comment_status":"closed","ping_status":"open","sticky":false,"template":"","format":"standard","meta":{"footnotes":""},"categories":[21,1],"tags":[],"class_list":["post-55508","post","type-post","status-publish","format-standard","hentry","category-fiestes","category-sin-categoria"],"_links":{"self":[{"href":"https:\/\/edublog.educastur.es\/ixuxu\/wp-json\/wp\/v2\/posts\/55508","targetHints":{"allow":["GET"]}}],"collection":[{"href":"https:\/\/edublog.educastur.es\/ixuxu\/wp-json\/wp\/v2\/posts"}],"about":[{"href":"https:\/\/edublog.educastur.es\/ixuxu\/wp-json\/wp\/v2\/types\/post"}],"author":[{"embeddable":true,"href":"https:\/\/edublog.educastur.es\/ixuxu\/wp-json\/wp\/v2\/users\/117"}],"replies":[{"embeddable":true,"href":"https:\/\/edublog.educastur.es\/ixuxu\/wp-json\/wp\/v2\/comments?post=55508"}],"version-history":[{"count":8,"href":"https:\/\/edublog.educastur.es\/ixuxu\/wp-json\/wp\/v2\/posts\/55508\/revisions"}],"predecessor-version":[{"id":55543,"href":"https:\/\/edublog.educastur.es\/ixuxu\/wp-json\/wp\/v2\/posts\/55508\/revisions\/55543"}],"wp:attachment":[{"href":"https:\/\/edublog.educastur.es\/ixuxu\/wp-json\/wp\/v2\/media?parent=55508"}],"wp:term":[{"taxonomy":"category","embeddable":true,"href":"https:\/\/edublog.educastur.es\/ixuxu\/wp-json\/wp\/v2\/categories?post=55508"},{"taxonomy":"post_tag","embeddable":true,"href":"https:\/\/edublog.educastur.es\/ixuxu\/wp-json\/wp\/v2\/tags?post=55508"}],"curies":[{"name":"wp","href":"https:\/\/api.w.org\/{rel}","templated":true}]}}