{"id":55518,"date":"2025-08-12T12:30:58","date_gmt":"2025-08-12T10:30:58","guid":{"rendered":"https:\/\/edublog.educastur.es\/ixuxu\/?p=55518"},"modified":"2025-08-12T13:09:30","modified_gmt":"2025-08-12T11:09:30","slug":"la-velutina-del-mar-ya-invade-la-marina-asturiana","status":"publish","type":"post","link":"https:\/\/edublog.educastur.es\/ixuxu\/2025\/08\/la-velutina-del-mar-ya-invade-la-marina-asturiana\/","title":{"rendered":"La \u00abvelutina del mar\u00bb y\u00e1 invade la mari\u00f1a asturiana"},"content":{"rendered":"<p>La \u00abvelutina del mar\u00bb y\u00e1 invade la mari\u00f1a asturiana: nestes sableres detect\u00f3se de forma abondosa\u00bb. <a href=\"https:\/\/www.lavozdeasturias.es\/noticia\/asturias\/2025\/08\/11\/velutina-mar-invade-costa-asturiana-playas-detectado-forma-abundante\/00031754924301875475956.htm\"><strong>El Comercio<\/strong> <\/a>El bi\u00f3logu Jos\u00e9 Manuel Rico Ord\u00e1s alvierte que l&#8217;alga asi\u00e1tica ye una especie ex\u00f3tica \u00abcomenenciosa\u00bb que crez bien r\u00e1pido moviendo a les comunidaes natives. Esplica que se solicit\u00f3 una ayuda a la Uni\u00f3n Internacional del Caltenimientu de la Naturaleza para llevar a cabu un proyectu piloto d&#8217;eliminaci\u00f3n.<\/p>\n<ul>\n<li><strong><span style=\"color: #008080\">alga asi\u00e1tica Rugulopterix okamurae: <\/span><\/strong><a href=\"https:\/\/es.wikipedia.org\/wiki\/Rugulopteryx_okamurae\"><span style=\"color: #008080\">wiki <\/span><\/a><strong><span style=\"color: #008080\">\/ <\/span><\/strong><span style=\"color: #008080\"><a href=\"https:\/\/www.biodiversidadcanarias.es\/exos\/especie\/E10551\">Biocan<\/a><\/span> <strong><span style=\"color: #008080\">\/\u00a0<\/span><\/strong><\/li>\n<li style=\"text-align: center\"><a href=\"https:\/\/img.lavdg.com\/sc\/ZMmGqb6DSbc5Ire30PkUd21b0_E=\/768x\/2024\/08\/10\/00121723288742038430878\/Foto\/VG12C6F1_131756.jpg\"><img loading=\"lazy\" decoding=\"async\" class=\"aligncenter size-large\" src=\"https:\/\/img.lavdg.com\/sc\/ZMmGqb6DSbc5Ire30PkUd21b0_E=\/768x\/2024\/08\/10\/00121723288742038430878\/Foto\/VG12C6F1_131756.jpg\" width=\"768\" height=\"432\" \/><\/a><\/li>\n<\/ul>\n<p>El branu pas\u00e1u abarrunt\u00e1base que l&#8217;<strong><span style=\"color: #008080\">alga asi\u00e1tica Rugulopterix okamurae<\/span><\/strong> pod\u00eda tar analayando pola mari\u00f1a asturianu dempu\u00e9s de qu&#8217;apaecieren exemplares d&#8217;esta especie ex\u00f3tica na r\u00eda d&#8217;Arousa y cient\u00edficos gallegos abarruntaren que tami\u00e9n pod\u00eda tar n&#8217;Ald\u00e1n y Ferrol. Con \u00e9ses, nos \u00faltimos meses <strong>detect\u00f3se a la conocida como \u00abvelutina del mar\u00bb na mari\u00f1a asturiana, en concretu, en dos sableres de Xix\u00f3n y, am\u00e1s, de forma abondosa\u00bb.<\/strong><\/p>\n<p><!--more--><\/p>\n<p>Jos\u00e9 Manuel Rico Ord\u00e1s, decanu de la Facult\u00e1 de Biolox\u00eda de la Universid\u00e1 d&#8217;Uvi\u00e9u, esplica que les primeres presencies de l&#8217;alga asi\u00e1tica entam\u00f3 a detectase na primavera d&#8217;angua\u00f1o, confirm\u00e1ndose m\u00e1s palantre que \u00abla especie y\u00e1 ta instalada en delles zones de la mari\u00f1a de Xix\u00f3n\u00bb, nes sableres d&#8217;El Rincon\u00edn y El Arbeyal, col consiguiente riesgu que tien para l&#8217;ecosistema local la so instalaci\u00f3n y r\u00e1pida espansi\u00f3n. \u00abDe normal toles especies ex\u00f3tiques que se converten n&#8217;invasores son especies que n\u00f3s llamamos comenencioses, esto ye, que tienen una serie de traces que-yos dexen crecer bien r\u00e1pido, ocupar bien r\u00e1pido l&#8217;espaciu, ser bien bones competidores al respective de otres especies y con eso lo que faen ye mover a les comunidaes natives\u00bb, desenvuelve&#8217;l mesmu.<\/p>\n<p>L&#8217;espertu se\u00f1ala que \u00ablo m\u00e1s probable\u00bb ye que la Rugulopterix okamurae, que ta incluyida nel cat\u00e1logu espa\u00f1ol d&#8217;especies ex\u00f3tiques invasores,<strong> llegara a la mari\u00f1a d&#8217;Asturies xuntada al cascu de los barcos, especialmente n&#8217;embarcaciones de recr\u00e9u, polos percorr\u00edos de sal\u00e9u que realicen y por un caltenimientu deficiente\u00bb del cascu<\/strong> de les mesmes: \u00abCuando nun faes un bon caltenimientu, la parte somorguiada del cascu del barcu ye como un xard\u00edn\u00bb, tresllada&#8217;l bi\u00f3logu, qu&#8217;a\u00f1ede que ye seg\u00fan \u00abfragmentos o prop\u00e1gulos d&#8217;esta especie pueden esprendese y esvalixase en distintes zones\u00bb. Por tanto, se\u00f1ala que \u00abuna embarcaci\u00f3n que permaneza equ\u00ed unos d\u00edes puede dexar pedacitos de l&#8217;alga o prop\u00e1gulos que, si t\u00e1n en fase reproductora, pueden dar llugar a nuevos individuos\u00bb, precisa.<\/p>\n<p>Seg\u00fan Ord\u00e1s, la presencia y\u00e1 rescampla en delles zones de la mari\u00f1a de Xix\u00f3n: \u00abN&#8217;El Rinc\u00f3n\u00edn hai alga asi\u00e1tica seguru y tami\u00e9n la hai na sablera del Arbeyal\u00bb, indica para, de sigu\u00edo, treslladar que \u00abla espansi\u00f3n nestes zones esmolez, una y bones la especie puede alteriar los ecosistemes locales\u00bb.<\/p>\n<p>Evaluaci\u00f3n para una retirada efizaz<\/p>\n<p>Para tratar d&#8217;actuar sobro esta especie ex\u00f3tica invasora, el decanu comenta que y\u00e1 se ta trabayando en collaboraci\u00f3n cola autorid\u00e1 portuaria de Xix\u00f3n y el Centru d&#8217;Esperimentaci\u00f3n Pesquera. \u00abPidimos ayuda a la <strong>Uni\u00f3n Internacional pal Caltenimientu de la Naturaleza (UICN)<\/strong>, que concede ayudes puntuales pa combatir especies invasores. Tamos a la espera del resolvimientu pa poner en marcha un proyectu piloto d&#8217;erradicaci\u00f3n\u00bb, avanza. La idea ye \u00abesaniciar la especie nuna superficie concreta y evaluar si esa acci\u00f3n ayuda a controlar la so dispersi\u00f3n\u00bb.<\/p>\n<p>Asina, espera recibir respuesta de la UICN nes pr\u00f3ximes selmanes por que pueda empezar a trabayar na so eliminaci\u00f3n: \u00abN\u00f3s queremos evaluar en qu\u00e9 momentu ye m\u00e1s eficaz esa retirada manual pa evitar que vuelva instalase\u00bb, esp\u00f3n l&#8217;espertu, que matiza que la retirada \u00abpuede ser efectiva si realizase nel momentu fayadizu\u00bb. Y ye que, anque hai estudios sobro&#8217;l so comportamientu reproductor, l&#8217;espertu alvierte que \u00abhai que ver la biolox\u00eda que tien equ\u00ed con unes condiciones ambientales distintes de les qu&#8217;esperimenta, por casu, nel sur de la Pen\u00ednsula Ib\u00e9rica, con ag\u00fces m\u00e1s calides\u2026 Ent\u00f3s, hai ver a ver cu\u00e1l ye&#8217;l momentu ideal pa faer esa retirada de manera que s\u00eda lo m\u00e1s eficaz posible\u00bb. *Contrapone que \u00abarrincar l&#8217;alga na so fase f\u00e9rtil pue ser contraproducente, porque fragmentos con prop\u00e1gulos pueden quedar llexando y facilitar la dispersi\u00f3n\u00bb. Por ello, incide en que la evaluaci\u00f3n del momentu aparente pa la retirada ye fundamental.<\/p>\n<p>A partir d&#8217;ent\u00f3s, envalora Ord\u00e1s que s&#8217;empecipiar\u00eda un periodu de siguimientu d&#8217;ente 3 y 6 meses, tiempu mientres el cual reparase si vuelve crecer o si la dispersi\u00f3n sigue\u00bb, esplica. Nesti sent\u00edu, parte de que la esperiencia indica que \u00ablos intentos d&#8217;erradicaci\u00f3n en zones y\u00e1 colonizaes suelen ser poco efectivos\u00bb porque \u00abcuando xuna especie y\u00e1 ta instalada, controlala ye bien dif\u00edcil\u00bb, afirma&#8217;l bi\u00f3logu.<\/p>\n<p style=\"text-align: center\"><a href=\"https:\/\/upload.wikimedia.org\/wikipedia\/commons\/thumb\/c\/c2\/Icones_of_Japanese_algae_%28Pl._CIX%29_%288006302486%29.jpg\/800px-Icones_of_Japanese_algae_%28Pl._CIX%29_%288006302486%29.jpg\"><img loading=\"lazy\" decoding=\"async\" class=\"aligncenter size-large\" src=\"https:\/\/upload.wikimedia.org\/wikipedia\/commons\/thumb\/c\/c2\/Icones_of_Japanese_algae_%28Pl._CIX%29_%288006302486%29.jpg\/800px-Icones_of_Japanese_algae_%28Pl._CIX%29_%288006302486%29.jpg\" width=\"800\" height=\"1239\" \/><\/a><\/p>\n<p style=\"text-align: center\">\n<!-- iframe plugin v.6.0 wordpress.org\/plugins\/iframe\/ -->\n<iframe width=\"\u00bb100%\u00bb\" height=\"\u00bb387&#8243;\" src title=\"\u00bb\ud83d\udea8Alerta\" 0=\"en\" 1=\"Galicia:\" 2=\"Llega\" 3=\"el\" 4=\"Alga\" 5=\"Asi\u00e1tica\" 6=\"Invasora\" 7=\"\ud83c\udf3f[Invade\" 8=\"las\" 9=\"R\u00edas\" 10=\"de\" 11=\"A\" 12=\"Coru\u00f1a\" 13=\"y\" 14=\"Vigo\" scrolling=\"yes\" class=\"iframe-class\" frameborder=\"0\"><\/iframe>\n\u00bb frameborder=\u00bb0&#8243; allow=\u00bbaccelerometer; autoplay; clipboard-write; encrypted-media; gyroscope; picture-in-picture; web-share\u00bb referrerpolicy=\u00bbstrict-origin-when-cross-origin\u00bb allowfullscreen \/iframe]<\/p>\n","protected":false},"excerpt":{"rendered":"<p>La \u00abvelutina del mar\u00bb y\u00e1 invade la mari\u00f1a asturiana: nestes sableres detect\u00f3se de forma abondosa\u00bb. El Comercio El bi\u00f3logu Jos\u00e9 Manuel Rico Ord\u00e1s alvierte que l&#8217;alga asi\u00e1tica ye una especie ex\u00f3tica \u00abcomenenciosa\u00bb que crez bien r\u00e1pido moviendo a les comunidaes natives. Esplica que se solicit\u00f3 una ayuda a la Uni\u00f3n Internacional del Caltenimientu de la [&hellip;]<\/p>\n","protected":false},"author":117,"featured_media":0,"comment_status":"closed","ping_status":"open","sticky":false,"template":"","format":"standard","meta":{"footnotes":""},"categories":[470],"tags":[],"class_list":["post-55518","post","type-post","status-publish","format-standard","hentry","category-invesores"],"_links":{"self":[{"href":"https:\/\/edublog.educastur.es\/ixuxu\/wp-json\/wp\/v2\/posts\/55518","targetHints":{"allow":["GET"]}}],"collection":[{"href":"https:\/\/edublog.educastur.es\/ixuxu\/wp-json\/wp\/v2\/posts"}],"about":[{"href":"https:\/\/edublog.educastur.es\/ixuxu\/wp-json\/wp\/v2\/types\/post"}],"author":[{"embeddable":true,"href":"https:\/\/edublog.educastur.es\/ixuxu\/wp-json\/wp\/v2\/users\/117"}],"replies":[{"embeddable":true,"href":"https:\/\/edublog.educastur.es\/ixuxu\/wp-json\/wp\/v2\/comments?post=55518"}],"version-history":[{"count":1,"href":"https:\/\/edublog.educastur.es\/ixuxu\/wp-json\/wp\/v2\/posts\/55518\/revisions"}],"predecessor-version":[{"id":55519,"href":"https:\/\/edublog.educastur.es\/ixuxu\/wp-json\/wp\/v2\/posts\/55518\/revisions\/55519"}],"wp:attachment":[{"href":"https:\/\/edublog.educastur.es\/ixuxu\/wp-json\/wp\/v2\/media?parent=55518"}],"wp:term":[{"taxonomy":"category","embeddable":true,"href":"https:\/\/edublog.educastur.es\/ixuxu\/wp-json\/wp\/v2\/categories?post=55518"},{"taxonomy":"post_tag","embeddable":true,"href":"https:\/\/edublog.educastur.es\/ixuxu\/wp-json\/wp\/v2\/tags?post=55518"}],"curies":[{"name":"wp","href":"https:\/\/api.w.org\/{rel}","templated":true}]}}