{"id":55520,"date":"2025-08-12T13:15:26","date_gmt":"2025-08-12T11:15:26","guid":{"rendered":"https:\/\/edublog.educastur.es\/ixuxu\/?p=55520"},"modified":"2025-08-12T13:18:13","modified_gmt":"2025-08-12T11:18:13","slug":"la-hestoria-de-la-camiseta-de-somiedu-viraliza-por-los-xuegos-de-la-fame","status":"publish","type":"post","link":"https:\/\/edublog.educastur.es\/ixuxu\/2025\/08\/la-hestoria-de-la-camiseta-de-somiedu-viraliza-por-los-xuegos-de-la-fame\/","title":{"rendered":"La hestoria de la camiseta de Somiedu viraliz\u00e1 por Los xuegos de la fame\u00bb"},"content":{"rendered":"<p style=\"text-align: center\"><a href=\"https:\/\/img.lavdg.com\/sc\/FJ4HNvbicd8XrmxtYVMM55glT5s=\/768x\/2025\/08\/11\/00121754928998167484407\/Foto\/zz6.jpg\"><img loading=\"lazy\" decoding=\"async\" class=\"aligncenter size-large\" src=\"https:\/\/img.lavdg.com\/sc\/FJ4HNvbicd8XrmxtYVMM55glT5s=\/768x\/2025\/08\/11\/00121754928998167484407\/Foto\/zz6.jpg\" width=\"768\" height=\"432\" \/><\/a><br \/>\nAzucena \u00c1lvarez na tienda Casa Seni<\/p>\n<p>\u00a0\u00abTenemosla escosaes y ll\u00e9game agora&#8217;l segundu pid\u00edu\u00bb. <strong>Una semeya del actor Joseph Zada, protagonista de la nueva entrega de la saga, con una prinda adquirida en casa Seni desamarr\u00f3 la llocura en toa Espa\u00f1a por un dise\u00f1u nel que llucen un osu, un esbardu y el nome del conceyu.<\/strong> Azucena \u00c1lvarez, due\u00f1a de la tienda, esplica que los actores pasaron \u00abbien desapercib\u00edos, como cualquier chaval de la so ed\u00e1\u00bb, al so pasu pol establecimientu. <a href=\"https:\/\/www.lavozdeasturias.es\/noticia\/asturias\/2025\/08\/11\/historia-camiseta-somiedo-viralizada-juegos-hambre-agotadas-me-llega-segundo-pedido\/00031754928692019576137.htm\">La Voz<\/a><\/p>\n<p><!--more--><\/p>\n<p style=\"text-align: center\"><a href=\"https:\/\/estaticos-cdn.prensaiberica.es\/clip\/4ece9f11-81dd-45e0-b7ee-a53eea7737d5_16-9-discover-aspect-ratio_default_0.webp\"><img loading=\"lazy\" decoding=\"async\" class=\"aligncenter size-large\" src=\"https:\/\/estaticos-cdn.prensaiberica.es\/clip\/4ece9f11-81dd-45e0-b7ee-a53eea7737d5_16-9-discover-aspect-ratio_default_0.webp\" width=\"1200\" height=\"675\" \/><\/a><\/p>\n<p>Una semeya del actor Joseph Zada, protagonista de la que va ser la nueva entrega de la saga \u00abLos xuegos de la fame\u00bb, titulada \u00abAmanecer na collecha\u00bb, cre\u00f3 una pequena revoluci\u00f3n en Somiedu, llugar de rodaxe de la cinta xuntu con Teberga.<\/p>\n<p>Zada y les tami\u00e9n int\u00e9rpretes Mckenna Grace y Iona Bell allegaben apocay\u00e1 a la tienda Casa Seni, para <strong>mercar delles camisetes con un dise\u00f1u d&#8217;un esbardu, un osu y el nome del conceyu de Somiedu. Una compra que colgaron en redes sociales y xener\u00f3 una gran repercusi\u00f3n.<\/strong><\/p>\n<p style=\"text-align: center\"><a href=\"https:\/\/preview.redd.it\/the-bear-t-shirt-v0-9lt9637xjyhf1.jpeg?width=640&amp;crop=smart&amp;auto=webp&amp;s=9fb3f02ae994ec05834a6f9ac390e4b66a4bdcac\"><img loading=\"lazy\" decoding=\"async\" class=\"aligncenter size-large\" src=\"https:\/\/preview.redd.it\/the-bear-t-shirt-v0-9lt9637xjyhf1.jpeg?width=640&amp;crop=smart&amp;auto=webp&amp;s=9fb3f02ae994ec05834a6f9ac390e4b66a4bdcac\" width=\"640\" height=\"1095\" \/><\/a><\/p>\n<p>Y ye que la resultancia d&#8217;esa compra nel comerciu local, qu&#8217;en parte puede vese nel \u00faltimu v\u00eddeu promocional que la productora del filme public\u00f3, espert\u00f3 l&#8217;inter\u00e9s por esti dise\u00f1u, hasta&#8217;l puntu qu&#8217;a la due\u00f1a de Casa Seni, Azucena \u00c1lvarez, qu\u00edten-y de les manos la prenda.<\/p>\n<p>La visita de los actores al so establecimientu tuvo llugar \u00abfai m\u00e1s o menos como 15 d\u00edes\u00bb. \u00abDe primeres nun ten\u00eda nin idea de quien yeren, nun los reconoc\u00ed\u00bb, remarca. Bastante ye que, los tr\u00e9s mochachos paeci\u00e9ron-y como otros turistes m\u00e1s\u00bb. \u00abHasta que depu\u00e9s la xente empez\u00f3 a comentar\u00bb, nun se decat\u00f3 de que yeren tr\u00e9s de los protagonistes de la pel\u00edcula. Foi ent\u00f3s cuando cay\u00f3 na cuenta de que \u00abestos chavales tuvieron equ\u00ed na tienda mercando\u00bb.<\/p>\n<p>\u00abEmpezren\u00a0 a ver perh\u00ed faci\u00e9ndose semeyes con xente y depu\u00e9s tami\u00e9n vimos les imaxes y v\u00eddeos nes redes\u00bb, esplica. Azucena \u00c1lvarez indica qu&#8217;en neng\u00fan momentu los actores actuaron de manera displicente o endiosada, \u00abal contrariu\u00bb.<\/p>\n<p>Pasaron, inclusive, \u00abbien desapercib\u00edos, como cualquier chaval de la so ed\u00e1, pero en plan sele y perbi\u00e9n\u00bb. Na so visita a Casa Seni<strong> llev\u00e1ronse \u00abunas cuantes camisetes\u00bb<\/strong>. La responsable del negociu almite qu&#8217;esti simple xestu, acompa\u00f1\u00e1u de la so publicaci\u00f3n en redes sociales, \u00abla verd\u00e1 que tuvo bastante repercusi\u00f3n, porque a partir d&#8217;ende empez\u00e1ronse a escosar les camisetes\u00bb.<\/p>\n<p style=\"text-align: center\"><a href=\"https:\/\/estaticos-cdn.prensaiberica.es\/clip\/0bf887bf-1edf-4032-8109-1a37c3a1a843_source-aspect-ratio_default_0.webp\"><img loading=\"lazy\" decoding=\"async\" class=\"aligncenter size-large\" src=\"https:\/\/estaticos-cdn.prensaiberica.es\/clip\/0bf887bf-1edf-4032-8109-1a37c3a1a843_source-aspect-ratio_default_0.webp\" width=\"1482\" height=\"2000\" \/><\/a><\/p>\n<p>\u00abEllo ye que tenmosla escos\u00e1 y ll\u00e9game agora&#8217;l segundu pid\u00edu\u00bb, matiza. Y ye que, dempu\u00e9s de viralizarse les semeyes de Joseph Zada y el v\u00eddeu promocional de la productora, \u00abla xente empez\u00f3 a mercar am\u00e1s en cantidaes grandes y a faer encargos de diversos puntos d&#8217;Espa\u00f1a\u00bb. \u00abD&#8217;esta fin de selmana, por casu, que me quedara ensin elles pol xubid\u00f3n qu&#8217;hubo, tengo apuntaes delles direcciones de distintos sitios para mandales\u00bb, abonda.<\/p>\n<p>Nesti sent\u00edu, son encargos \u00abde xente que vieno mercales y nun les ten\u00eda&#8230; depu\u00e9s hai persones que t\u00e1n llamando para encargales, polo que, en cuanto lleguen, va haber que mandales para all\u00e1\u00bb.<\/p>\n<p>&nbsp;<\/p>\n<p>Los dise\u00f1os son de \u00abuna empresa de M\u00e1laga\u00bb que se llama Etc\u00e9tera T-Shirts. Nesta ll\u00ednea, \u00abel dise\u00f1u del osu, que ye l&#8217;animal m\u00e1s emblem\u00e1ticu de pequ\u00ed, f\u00edzose casi esclusivu para esta zona\u00bb.<\/p>\n<p>Pr\u00e1cticamente puede dicise que la camiseta orixinal col y\u00e1 viral dise\u00f1u del osu solo puede adquirise nesti negociu de Somiedu. \u00abLa orixinal s\u00ed, porque agora t\u00e1n saliendo munches camisetes por distintos sitios para mercar online, pero vamos, son copies y males\u00bb, alvierte Azucena.<\/p>\n<p>Am\u00e1s de camisetes pirates&#8217;, \u00abt\u00e1n vi\u00e9ndose sudaderes, bodys para \u00f1\u00e1caru&#8230; bonu, munches coses y la verd\u00e1 ye que nun tienen nada que ver col dise\u00f1u orixinal\u00bb. Nesti sent\u00edu, la imitaci\u00f3n que se ta comercializando pola rede tr\u00e1tase de \u00abuna camiseta normal y corriente con una especie de parche y la verd\u00e1, nun ye porque la m\u00eda s\u00eda la orixinal, pero la copia ye un dise\u00f1u bastante feu\u00bb.<\/p>\n<p>Nun-y quepe dulda que&#8217;l rodaxe de la nueva entrega de la saga cinematogr\u00e1fica \u00abvien bien a toos, por enforma qu&#8217;haya xente que diga que non y tea en contra\u00bb. La responsable de Casa Seni considera que, \u00abtanto agora como depu\u00e9s, cuando s&#8217;estrene la pel\u00edcula y m\u00e1s a la llarga tami\u00e9n, la xente va querer venir conocer el sitiu onde se rod\u00f3 y bonu, yo creo que ye bonu\u00bb.<\/p>\n<p>Bastante ye que, mientres el rodaxe not\u00f3 movimientu pela zona, anque t\u00e1n rodando en Teberga, pero vuelven rodar otra vegada equ\u00ed en Somiedu pela parte de Saliencia\u00bb. \u00abPara la xente que tenemos negocios ye beneficiosu\u00bb, concl\u00fai.<\/p>\n<p>Y ye qu&#8217;apocay\u00e1 la cuenta oficial de \u00abLos Xuegos de la Fame\u00bb n&#8217;Instagram publicaba un v\u00eddeu que revela nueves imaxes del rodaxe de \u00abAmanecer na Collecha\u00bb, *precuela de la saga creada por Suzanne Collins, que se filma esti branu en Somiedu y Teberga.<\/p>\n<p>El clip amuesa pimpanes vistas del Parque Natural de Somiedu. Una de les secuencies m\u00e1s llamatives amuesa al actor protagonista, Joseph Zada, saliendo del so camar\u00edn, en que la so puerta lluz <strong>una placa col nome del so personaxe, \u00abHaymitch\u00bb, vistiendo la y\u00e1 c\u00e9lebre camiseta negra estampada con dos osos y la palabra \u00abSomiedu\u00bb.<\/strong><\/p>\n<p>El v\u00eddeu concl\u00fai con un mensaxe que confirma que la pel\u00edcula sigue \u00aben producci\u00f3n\u00bb y que&#8217;l so estrenu mundial ta previstu para&#8217;l 20 de payares de 2026, xenerando ent\u00e1 m\u00e1s espectaci\u00f3n entre los siguidores de la saga.<\/p>\n","protected":false},"excerpt":{"rendered":"<p>Azucena \u00c1lvarez na tienda Casa Seni \u00a0\u00abTenemosla escosaes y ll\u00e9game agora&#8217;l segundu pid\u00edu\u00bb. Una semeya del actor Joseph Zada, protagonista de la nueva entrega de la saga, con una prinda adquirida en casa Seni desamarr\u00f3 la llocura en toa Espa\u00f1a por un dise\u00f1u nel que llucen un osu, un esbardu y el nome del conceyu. [&hellip;]<\/p>\n","protected":false},"author":117,"featured_media":0,"comment_status":"closed","ping_status":"open","sticky":false,"template":"","format":"standard","meta":{"footnotes":""},"categories":[1],"tags":[],"class_list":["post-55520","post","type-post","status-publish","format-standard","hentry","category-sin-categoria"],"_links":{"self":[{"href":"https:\/\/edublog.educastur.es\/ixuxu\/wp-json\/wp\/v2\/posts\/55520","targetHints":{"allow":["GET"]}}],"collection":[{"href":"https:\/\/edublog.educastur.es\/ixuxu\/wp-json\/wp\/v2\/posts"}],"about":[{"href":"https:\/\/edublog.educastur.es\/ixuxu\/wp-json\/wp\/v2\/types\/post"}],"author":[{"embeddable":true,"href":"https:\/\/edublog.educastur.es\/ixuxu\/wp-json\/wp\/v2\/users\/117"}],"replies":[{"embeddable":true,"href":"https:\/\/edublog.educastur.es\/ixuxu\/wp-json\/wp\/v2\/comments?post=55520"}],"version-history":[{"count":3,"href":"https:\/\/edublog.educastur.es\/ixuxu\/wp-json\/wp\/v2\/posts\/55520\/revisions"}],"predecessor-version":[{"id":55523,"href":"https:\/\/edublog.educastur.es\/ixuxu\/wp-json\/wp\/v2\/posts\/55520\/revisions\/55523"}],"wp:attachment":[{"href":"https:\/\/edublog.educastur.es\/ixuxu\/wp-json\/wp\/v2\/media?parent=55520"}],"wp:term":[{"taxonomy":"category","embeddable":true,"href":"https:\/\/edublog.educastur.es\/ixuxu\/wp-json\/wp\/v2\/categories?post=55520"},{"taxonomy":"post_tag","embeddable":true,"href":"https:\/\/edublog.educastur.es\/ixuxu\/wp-json\/wp\/v2\/tags?post=55520"}],"curies":[{"name":"wp","href":"https:\/\/api.w.org\/{rel}","templated":true}]}}