{"id":55524,"date":"2025-08-12T13:47:34","date_gmt":"2025-08-12T11:47:34","guid":{"rendered":"https:\/\/edublog.educastur.es\/ixuxu\/?p=55524"},"modified":"2025-08-12T13:49:40","modified_gmt":"2025-08-12T11:49:40","slug":"la-cantante-aitana-y-lamine-yamal-son-los-xefes-suanaos-polos-nenos-asturianos","status":"publish","type":"post","link":"https:\/\/edublog.educastur.es\/ixuxu\/2025\/08\/la-cantante-aitana-y-lamine-yamal-son-los-xefes-suanaos-polos-nenos-asturianos\/","title":{"rendered":"La cantante Aitana y Lamine Yamal son los xefes sua\u00f1aos polos ne\u00f1os asturianos."},"content":{"rendered":"<p style=\"text-align: center\"><a href=\"https:\/\/www.periodicopublicidad.com\/asset\/thumbnail,1920,1080,center,center\/media\/lapublicidad\/images\/2025\/08\/12\/2025081209300894344.jpg\"><img loading=\"lazy\" decoding=\"async\" class=\"aligncenter \" src=\"https:\/\/www.periodicopublicidad.com\/asset\/thumbnail,1920,1080,center,center\/media\/lapublicidad\/images\/2025\/08\/12\/2025081209300894344.jpg\" width=\"753\" height=\"424\" \/><\/a><\/p>\n<p>Los ne\u00f1os asturianos quieren ser profesores o futbolistes y tener a Aitana o Lamine Yamal como xefes. N&#8217;apag\u00f3n, l&#8217;ascensu del Real Uvi\u00e9u y la DANA son les noticies que m\u00e1s marcaron a los m\u00e1s pequenos de la rex\u00f3n no que va d&#8217;a\u00f1u.<a href=\"https:\/\/www.periodicopublicidad.com\/articulo\/estudios\/jovenes-espanoles-reconocen-haber-usado-inteligencia-artificial-generativa\/20250812093020161748.html#google_vignette\"> Peri\u00f3dico<\/a> \/<\/p>\n<p><!--more--><br \/>\nLa cantante *Aitana y el futbolista Lamine Yamal son los xefes sua\u00f1aos polos ne\u00f1os asturianos. Am\u00e1s, la del apag\u00f3n ye considerada para ellos la noticia m\u00e1s importante no que va a\u00f1u. Asina lo reflexa la<strong> XIX Encuesta Adecco<\/strong><span style=\"color: #008080\"><strong> \u00abQu\u00e9 quies ser de mayor\u00bb,<\/strong><\/span> qu&#8217;ufierta una radiograf\u00eda singular sobro los sua\u00f1os, preferencies y mires de los menores asturianos en materia llaboral, lideralgu y vida futura. L&#8217;estudiu, nel que participaron 118 ne\u00f1os y ne\u00f1es de la rex\u00f3n, revela que les aspiraciones profesionales siguen marcaes polos referentes medi\u00e1ticos, pero tami\u00e9n por valor como&#8217;l tiempu llibre, la estabilid\u00e1 y la posibilid\u00e1 d&#8217;entamar.<\/p>\n<p>Nel apart\u00e1u d&#8217;oficios sua\u00f1aos, <strong>les ne\u00f1es asturianes asitien en primer llugar ser profesores, con un 26,5% de respuestes. S\u00edgen-yos oficios como futbolista, astronauta, peluquera, estilista, cantante, escritora o secretaria<\/strong>. Ente los ne\u00f1os, el lideralgu ye pa futbolista, oficiu se\u00f1al\u00e1u pol 28,2% d&#8217;ellos. La llista masculina completase opciones como <strong>youtuber, cocineru, arquiteutu, fisioterapeuta, inform\u00e1ticu, psic\u00f3logu, xugador de baloncestu, fontaneru o inxenieru<\/strong>, al pie de delles aspiraciones m\u00e1s anecd\u00f3tiques.<\/p>\n<p style=\"text-align: center\"><a href=\"https:\/\/img.salamancartvaldia.es\/simg\/2025-08\/th600\/Aitana-y-yamal-fotos-ep_250811125456.webp\"><img loading=\"lazy\" decoding=\"async\" class=\"aligncenter size-large\" src=\"https:\/\/img.salamancartvaldia.es\/simg\/2025-08\/th600\/Aitana-y-yamal-fotos-ep_250811125456.webp\" width=\"714\" height=\"548\" \/><\/a><\/p>\n<p><strong>\u00bfQui\u00e9n son los so xefes favoritos? <\/strong>La encuesta tami\u00e9n esquiza en qu\u00e9 tipu de xefes gustar\u00eda-yos tener.<\/p>\n<ul>\n<li>Ente les ne\u00f1es, la favorita ye la cantante Aitana, escoyida pol 24% de les consultaes, siguida pola c\u00f3mica Lalachus, l&#8217;artista Lola \u00cdndigo, l&#8217;astronauta Sara Garc\u00eda, la futbolista Aitana Bonmat\u00ed, el presentador David Broncano y el m\u00fasicu Bad Bunny.<\/li>\n<li>Nos ne\u00f1os, el lideralgu ideal recai nel futbolista Lamine Yamal, sigu\u00edu pol streamer Ibai Llanos, el tenista Carlos Alcaraz, el futbolista Santi Cazorla, l&#8217;empresariu Amancio Ortega o figures del mundu musical como Feid y Duki.<\/li>\n<\/ul>\n<p>Tocantes a l&#8217;actualid\u00e1, <strong>el sucesu que m\u00e1s marc\u00f3 a los menores asturianos en 2025 foi l&#8217;apag\u00f3n xeneraliz\u00e1u que sufri\u00f3&#8217;l pa\u00eds va unos meses<\/strong>. S\u00edgen-y les consecuencies de la DANA en Valencia o Albacete, la figura del papa Francisco, l&#8217;ascensu del Real Uvi\u00e9u a Primer Divisi\u00f3n (9,3%), la pol\u00edtica internacional de Donald Trump y la so relaci\u00f3n con Elon Musk (8,2%) o la guerra en Gaza (7,9%).<\/p>\n<p>Per otru llau, <strong>l&#8217;informe tami\u00e9n esquiza la predisposici\u00f3n al emprendimiento<\/strong>: el 66,5% de los ne\u00f1os y el 58% de les ne\u00f1es afirmen que-yos gustar\u00eda montar el so propiu negociu nel futuru. <strong>Les \u00e1rees prefer\u00edes pa entamar incl\u00fain el mundu de la moda y la guapura, el deporte, les axencies de comunicaci\u00f3n, los servicios pal cuidu de mascotes, la tecnolox\u00eda, la sanid\u00e1 o la construcci\u00f3n.<\/strong><\/p>\n<p>El contactu cola tecnolox\u00eda rescampla: 6 de cada 10 participantes reconocen usar y\u00e1 ferramientes d&#8217;intelixencia artificial xenerativa como ChatGPT, especialmente pa resolver duldes acad\u00e9miques, buscar informaci\u00f3n o, a cencielles, xugar.<\/p>\n<p style=\"text-align: center\">\n<!-- iframe plugin v.6.0 wordpress.org\/plugins\/iframe\/ -->\n<iframe loading=\"lazy\" width=\"100%\" height=\"442\" src=\"https:\/\/www.youtube.com\/embed\/HWRfDifON-U\" title=\"\u00bfQu\u00e9 quieres ser de mayor? - 2025\" frameborder=\"0\" allow=\"accelerometer; autoplay; clipboard-write; encrypted-media; gyroscope; picture-in-picture; web-share\" referrerpolicy=\"strict-origin-when-cross-origin\" 0=\"allowfullscreen\" 1=\"\/iframe\" scrolling=\"yes\" class=\"iframe-class\"><\/iframe>\n<\/p>\n<p>Les prioridaes a la de trabayar amuesen diferencies de x\u00e9neru:<strong> los ne\u00f1os inclinense por ganar m\u00e1s dineru (78%), ente que les ne\u00f1es prioricen disponer de m\u00e1s tiempu llibre (56%).<\/strong><\/p>\n<p>Un 59,5% de les encuestaes quier diversificar la so carrera trabayando en distintes empreses y ocupaciones, frente al 50% de los ne\u00f1os. Sobro les claves pa consiguir empl\u00e9u, la mayor\u00eda considera fundamental tener bona actit\u00fa (22,4%), siguida d&#8217;una s\u00f3lida formaci\u00f3n (18,5%), traces personales como la responsabilid\u00e1 o la simpat\u00eda (12,6%) y bones habilidaes y competencies t\u00e9cniques (9,9%).<\/p>\n<p><strong>El cap\u00edtulu final de la encuesta enceta la visi\u00f3n sobro la xubilaci\u00f3n.<\/strong> La mayor\u00eda cree que se va retirar ente los 60 y 69 a\u00f1os (26,3%), anque casi la met\u00e1 fixa&#8217;l so retiru ente los 50 y 69 a\u00f1os. Un 11,7% cree que nun va llegar nunca a xubilase. Nos sos planes pa esa etapa destaquen pasar tiempu colos sos nietos (30,2%), esfrutar de la vida (14,2%), viaxar, folgar, ayudar a otres persones o dedicase a la cocina (9,3%).<\/p>\n<p style=\"text-align: center\"><a href=\"https:\/\/elderecho.com\/wp-content\/uploads\/2025\/08\/shutterstock_2608441685-1-p459383-m1432107-768x334_w100.jpg\"><img loading=\"lazy\" decoding=\"async\" class=\"aligncenter size-large\" src=\"https:\/\/elderecho.com\/wp-content\/uploads\/2025\/08\/shutterstock_2608441685-1-p459383-m1432107-768x334_w100.jpg\" width=\"768\" height=\"333\" \/><\/a><\/p>\n<p>El estudio, para el que se han realizado encuestas a m\u00e1s de 1.900 ni\u00f1os de entre 4 y 16 a\u00f1os entre el 1 de mayo y el 1 de julio de 2025, revela que\u00a0<strong>el 46,8% ha usado la IA Generativa para hacer deberes, trabajos o redacciones para sus estudios<\/strong>; el 33,1% la emplea para consultar dudas personales; el 7,8%, para traducir textos y el 3,9%, para hacer montajes fotogr\u00e1ficos.<\/p>\n<p>Adem\u00e1s, preguntados sobre la posibilidad de<strong>\u00a0trabajar con robots en el futuro<\/strong>, el 47,4% (48% un a\u00f1o atr\u00e1s) de las ni\u00f1as y el 52,1% de los ni\u00f1os (69,6% en 2024) estar\u00edan encantados de tener como compa\u00f1eros de trabajo a alg\u00fan robot. Ambos porcentajes caen, especialmente entre ellos, con respecto a la percepci\u00f3n de la anterior encuesta.<\/p>\n<p>En l\u00edneas generales, el estudio no aprecia grandes novedades al preguntar a los m\u00e1s peque\u00f1os de la casa qu\u00e9 quieren ser el d\u00eda de ma\u00f1ana.<\/p>\n<p>Ellas prefieren profesiones vinculadas a la ense\u00f1anza y la formaci\u00f3n, elegidas por 1 de cada 5 consultadas, seguidas en esta ocasi\u00f3n por profesiones del mundo de la salud, con el 16,1% de las respuestas, y con el deporte (11,6%).<\/p>\n<p>De nuevo, la mayor\u00eda de ellos (30,8%) querr\u00eda tener una profesi\u00f3n vinculada al deporte, seguido de aquellos que apostar\u00edan por hacer carrera dentro de las fuerzas del orden y la seguridad nacional, con un 16,4%, o ser unos profesionales STEM, que este a\u00f1o desbancan a las que tienen que ver m\u00e1s directamente con las redes sociales (13,7%).<\/p>\n<p>&nbsp;<\/p>\n","protected":false},"excerpt":{"rendered":"<p>Los ne\u00f1os asturianos quieren ser profesores o futbolistes y tener a Aitana o Lamine Yamal como xefes. N&#8217;apag\u00f3n, l&#8217;ascensu del Real Uvi\u00e9u y la DANA son les noticies que m\u00e1s marcaron a los m\u00e1s pequenos de la rex\u00f3n no que va d&#8217;a\u00f1u. Peri\u00f3dico \/<\/p>\n","protected":false},"author":117,"featured_media":0,"comment_status":"closed","ping_status":"open","sticky":false,"template":"","format":"standard","meta":{"footnotes":""},"categories":[258],"tags":[],"class_list":["post-55524","post","type-post","status-publish","format-standard","hentry","category-estadistiques"],"_links":{"self":[{"href":"https:\/\/edublog.educastur.es\/ixuxu\/wp-json\/wp\/v2\/posts\/55524","targetHints":{"allow":["GET"]}}],"collection":[{"href":"https:\/\/edublog.educastur.es\/ixuxu\/wp-json\/wp\/v2\/posts"}],"about":[{"href":"https:\/\/edublog.educastur.es\/ixuxu\/wp-json\/wp\/v2\/types\/post"}],"author":[{"embeddable":true,"href":"https:\/\/edublog.educastur.es\/ixuxu\/wp-json\/wp\/v2\/users\/117"}],"replies":[{"embeddable":true,"href":"https:\/\/edublog.educastur.es\/ixuxu\/wp-json\/wp\/v2\/comments?post=55524"}],"version-history":[{"count":3,"href":"https:\/\/edublog.educastur.es\/ixuxu\/wp-json\/wp\/v2\/posts\/55524\/revisions"}],"predecessor-version":[{"id":55527,"href":"https:\/\/edublog.educastur.es\/ixuxu\/wp-json\/wp\/v2\/posts\/55524\/revisions\/55527"}],"wp:attachment":[{"href":"https:\/\/edublog.educastur.es\/ixuxu\/wp-json\/wp\/v2\/media?parent=55524"}],"wp:term":[{"taxonomy":"category","embeddable":true,"href":"https:\/\/edublog.educastur.es\/ixuxu\/wp-json\/wp\/v2\/categories?post=55524"},{"taxonomy":"post_tag","embeddable":true,"href":"https:\/\/edublog.educastur.es\/ixuxu\/wp-json\/wp\/v2\/tags?post=55524"}],"curies":[{"name":"wp","href":"https:\/\/api.w.org\/{rel}","templated":true}]}}