{"id":55547,"date":"2025-08-12T23:00:12","date_gmt":"2025-08-12T21:00:12","guid":{"rendered":"https:\/\/edublog.educastur.es\/ixuxu\/?p=55547"},"modified":"2025-08-12T23:32:46","modified_gmt":"2025-08-12T21:32:46","slug":"asturies-empecipia-los-preparativos-para-la-observacion-del-eclis-solar-total-de-2026","status":"publish","type":"post","link":"https:\/\/edublog.educastur.es\/ixuxu\/2025\/08\/asturies-empecipia-los-preparativos-para-la-observacion-del-eclis-solar-total-de-2026\/","title":{"rendered":"Asturies empecipia los preparativos para la observaci\u00f3n del ecl\u00eds solar total de 2026"},"content":{"rendered":"<p><a href=\"https:\/\/www.rtpa.es\/noticias-ciencia\/2025-08-12\/Asturias-inicia-los-preparativos-para-la-observacion-del-eclipse-solar-total-de-2026_111755021602.html?fbclid=IwY2xjawMIkZ5leHRuA2FlbQIxMQABHruSpiLwysJ-D9Bnk65XDEe5AjENkY1oVErXEmD1DvO-h4xl9vaiJ8nl4UiD_aem_Fk9QwQAIqWAw2XNJ_5OgOg\">RTPA<\/a> \/<\/p>\n<p style=\"text-align: center\"><a href=\"https:\/\/www.rtpa.es\/fotos\/\/25\/08\/20250812210124_RTPA6982476.webp\"><img loading=\"lazy\" decoding=\"async\" class=\"aligncenter size-large\" src=\"https:\/\/www.rtpa.es\/fotos\/\/25\/08\/20250812210124_RTPA6982476.webp\" width=\"853\" height=\"480\" \/><\/a><\/p>\n<p>Un grupu de trabayu multidisciplinar va coordinar l&#8217;acciones en segurid\u00e1, educaci\u00f3n, sal\u00fa, turismu y divulgaci\u00f3n cient\u00edfica. El Gobiernu d&#8217;Asturies dio esti martes el pistoletazu de salida a los preparativos para l&#8217;<span style=\"color: #008080\"><strong>ecl\u00eds total que se va producir el 12 d&#8217;agostu de 2026<\/strong><\/span>, con motivu del cual la conseyer\u00eda de Ciencia va crear un grupu de trabayu multidisciplinar que va coordinar l&#8217;acciones en segurid\u00e1, educaci\u00f3n, sal\u00fa, turismu y divulgaci\u00f3n cient\u00edfica mientres el pr\u00f3ximu a\u00f1u.<\/p>\n<p><!--more--><\/p>\n<p>El conseyeru de Ciencia, Borja S\u00e1nchez, present\u00f3 na Feria Internacional d&#8217;Amueses d&#8217;Asturies (Fidma), en Xix\u00f3n, el plan de trabayu que&#8217;l Princip\u00e1u va activar de momentu, qu&#8217;anunci\u00f3 nel marcu d&#8217;una xornada cient\u00edfica que cunt\u00f3 cola <strong>participaci\u00f3n de les astrof\u00edsiques Noem\u00ed Pinilla-Alonso y Luc\u00eda Gonz\u00e1lez<\/strong>.<\/p>\n<p>Tr\u00e1tase\u00a0 d&#8217;un fen\u00f3menu estraordinariu, cuidao que Espa\u00f1a va ser l&#8217;\u00fanicu pa\u00eds habit\u00e1u nel que podr\u00e1 reparase na so totalid\u00e1, y Asturies at\u00f3pase n&#8217;una posici\u00f3n privilexada: n&#8217;Uvi\u00e9u, por casu, enval\u00f3rase que l&#8217;ecl\u00eds va durar un minutu y 48 segundos, el m\u00e1ximu en tol territoriu nacional.<\/p>\n<p>Asturies va collaborar estrechamente col Gobiernu d&#8217;Espa\u00f1a, que va constituyir nos pr\u00f3ximos d\u00edes una comisi\u00f3n interministerial para coordinar el llam\u00e1u tr\u00edu d&#8217;eclises de 2026, 2027 y 2028, sorray\u00f3&#8217;l Princip\u00e1u.<\/p>\n<p>Estos fen\u00f3menos atraen a miles de persones, polo que&#8217;l Princip\u00e1u prepara un programa d&#8217;actividaes en collaboraci\u00f3n cola Delegaci\u00f3n del Gobiernu, la Federaci\u00f3n Asturiana de Conceyos y espertos n&#8217;astronom\u00eda.<\/p>\n<p>Ente les iniciatives previstes destaca la ellaboraci\u00f3n d&#8217;un mapa de puntos d&#8217;observaci\u00f3n seguros, distribuy\u00edos por tol territoriu, que van garantizar servicios fayadizos, van evitar aglomeraciones y van facilitar la movilid\u00e1.<\/p>\n<p><strong>La sal\u00fa ocular va ser una priorid\u00e1<\/strong>, cuidao que reparar l&#8217;ecl\u00eds ensin protecci\u00f3n fayadiza puede causar da\u00f1os graves en la vista, polo que se van desenvolver<strong> campa\u00f1es educatives en centros escolares, con talleres y materiales espec\u00edficos a lo llargo del cursu.<\/strong><\/p>\n<p>La divulgaci\u00f3n cient\u00edfica y el turismu astron\u00f3micu van ser tami\u00e9n exes fundamentales del programa. Asina, va cuntar cola collaboraci\u00f3n d&#8217;entidaes rexonales como&#8217;l<strong> proyectu Ayande Stars, que la so directora, Luc\u00eda Gonz\u00e1lez<\/strong>, esplic\u00f3 les claves pa esfrutar del ecl\u00eds de forma segura y dalguna de les actividaes que van averar l&#8217;eventu a la ciudadan\u00eda.<\/p>\n<p>Nel actu celebr\u00e1u na Fidma activ\u00f3se simb\u00f3licamente la cuenta tr\u00e1s pal ecl\u00eds, que se va producir el 12 d&#8217;agostu de 2026 sobro les 20:30 hores, con llixeres variaciones seg\u00fan la localid\u00e1.<\/p>\n<p>Con motivu del ecl\u00eds, el Princip\u00e1u va entamar xuna conferencia internacional sobro la nueva yera de la esploraci\u00f3n espacial, so la direcci\u00f3n cient\u00edfica de Noem\u00ed Pinilla-Alonso, con ponentes de prest\u00edu internacional que van encetar temes como la sal\u00fa espacial, la defensa planetaria, la rob\u00f3tica y los materiales avanzaos.<\/p>\n","protected":false},"excerpt":{"rendered":"<p>RTPA \/ Un grupu de trabayu multidisciplinar va coordinar l&#8217;acciones en segurid\u00e1, educaci\u00f3n, sal\u00fa, turismu y divulgaci\u00f3n cient\u00edfica. El Gobiernu d&#8217;Asturies dio esti martes el pistoletazu de salida a los preparativos para l&#8217;ecl\u00eds total que se va producir el 12 d&#8217;agostu de 2026, con motivu del cual la conseyer\u00eda de Ciencia va crear un grupu [&hellip;]<\/p>\n","protected":false},"author":117,"featured_media":0,"comment_status":"closed","ping_status":"open","sticky":false,"template":"","format":"standard","meta":{"footnotes":""},"categories":[223],"tags":[],"class_list":["post-55547","post","type-post","status-publish","format-standard","hentry","category-astronomia"],"_links":{"self":[{"href":"https:\/\/edublog.educastur.es\/ixuxu\/wp-json\/wp\/v2\/posts\/55547","targetHints":{"allow":["GET"]}}],"collection":[{"href":"https:\/\/edublog.educastur.es\/ixuxu\/wp-json\/wp\/v2\/posts"}],"about":[{"href":"https:\/\/edublog.educastur.es\/ixuxu\/wp-json\/wp\/v2\/types\/post"}],"author":[{"embeddable":true,"href":"https:\/\/edublog.educastur.es\/ixuxu\/wp-json\/wp\/v2\/users\/117"}],"replies":[{"embeddable":true,"href":"https:\/\/edublog.educastur.es\/ixuxu\/wp-json\/wp\/v2\/comments?post=55547"}],"version-history":[{"count":1,"href":"https:\/\/edublog.educastur.es\/ixuxu\/wp-json\/wp\/v2\/posts\/55547\/revisions"}],"predecessor-version":[{"id":55548,"href":"https:\/\/edublog.educastur.es\/ixuxu\/wp-json\/wp\/v2\/posts\/55547\/revisions\/55548"}],"wp:attachment":[{"href":"https:\/\/edublog.educastur.es\/ixuxu\/wp-json\/wp\/v2\/media?parent=55547"}],"wp:term":[{"taxonomy":"category","embeddable":true,"href":"https:\/\/edublog.educastur.es\/ixuxu\/wp-json\/wp\/v2\/categories?post=55547"},{"taxonomy":"post_tag","embeddable":true,"href":"https:\/\/edublog.educastur.es\/ixuxu\/wp-json\/wp\/v2\/tags?post=55547"}],"curies":[{"name":"wp","href":"https:\/\/api.w.org\/{rel}","templated":true}]}}