{"id":55549,"date":"2025-08-12T23:25:04","date_gmt":"2025-08-12T21:25:04","guid":{"rendered":"https:\/\/edublog.educastur.es\/ixuxu\/?p=55549"},"modified":"2025-08-13T00:06:50","modified_gmt":"2025-08-12T22:06:50","slug":"ciencia-empecipia-los-preparativos-para-convertir-asturies-en-referencia-internacional-para-la-observacion-del-eclis-solar","status":"publish","type":"post","link":"https:\/\/edublog.educastur.es\/ixuxu\/2025\/08\/ciencia-empecipia-los-preparativos-para-convertir-asturies-en-referencia-internacional-para-la-observacion-del-eclis-solar\/","title":{"rendered":"Ciencia empecipia los preparativos para convertir Asturies en referencia internacional para la observaci\u00f3n del ecl\u00eds solar"},"content":{"rendered":"<p style=\"text-align: center\"><a href=\"https:\/\/actualidad.asturias.es\/documents\/537115\/2741158\/2025_08_12+Consejero+Ciencia+preparativos+eclipse+solar.jpg\/c356119b-7ea1-0d8a-1d4c-d6c9a74a0822?t=1754999844217\"><img loading=\"lazy\" decoding=\"async\" class=\"aligncenter size-large\" src=\"https:\/\/actualidad.asturias.es\/documents\/537115\/2741158\/2025_08_12+Consejero+Ciencia+preparativos+eclipse+solar.jpg\/c356119b-7ea1-0d8a-1d4c-d6c9a74a0822?t=1754999844217\" width=\"2048\" height=\"1152\" \/><\/a><\/p>\n<p style=\"text-align: center\"><a href=\"https:\/\/actualidad.asturias.es\/-\/el-principado-inicia-los-preparativos-para-convertir-asturias-en-referencia-internacional-para-la-observaci\u00f3n-del-eclipse-solar-total-de-2026?redirect=%2F\">Actualid\u00e1 Asturies<\/a> \/<\/p>\n<p>Ciencia empecipia los preparativos para convertir Asturies en referencia internacional para la observaci\u00f3n del ecl\u00eds solar total de 2026. La conseyer\u00eda va crear un grupu de trabayu, en collaboraci\u00f3n col Gobiernu d&#8217;Espa\u00f1a, para coordinar el mayor eventu astron\u00f3micu del sieglu. El Princip\u00e1u va entamar un alcuentru con espertos de la NASA y organismos cient\u00edficos para impulsar la industria espacial na comunid\u00e1.<\/p>\n<p><!--more--><\/p>\n<p>L&#8217;Executivu va ellaborar un mapa de llugares seguros para facilitar la contemplaci\u00f3n d&#8217;esti fen\u00f3menu.<\/p>\n<p>El Gobiernu d&#8217;Asturies dio g\u00fcei el pistoletazu de salida a los preparativos para l<strong>&#8216;ecl\u00eds total que se va producir el 12 d&#8217;agostu de 2026, unu de los eventos astron\u00f3micos m\u00e1s relevantes del sieglu.<\/strong> La conseyer\u00eda de Ciencia, Industria y Empl\u00e9u va crear <strong>un grupu de trabayu multidisciplinar que va coordinar l&#8217;acciones en segurid\u00e1, educaci\u00f3n, sal\u00fa, turismu y divulgaci\u00f3n cient\u00edfica mientres el pr\u00f3ximu a\u00f1u.<\/strong><\/p>\n<p>Tr\u00e1tase d&#8217;un fen\u00f3menu estraordinariu, cuidao que Espa\u00f1a va ser l&#8217;\u00fanicu pa\u00eds habit\u00e1u nel que podr\u00e1 reparase na so totalid\u00e1. Asturies at\u00f3pase n&#8217;una posici\u00f3n privilexada: n&#8217;Uvi\u00e9u, por casu, <strong>enval\u00f3rase que l&#8217;ecl\u00eds va durar un minutu y 48 segundos, el m\u00e1ximu en tol territoriu nacional.<\/strong><\/p>\n<p>El conseyeru de Ciencia, Borja S\u00e1nchez, present\u00f3 g\u00fcei na Feria Internacional d&#8217;Amueses d&#8217;Asturies (Fidma) el plan de trabayu que&#8217;l Princip\u00e1u va activar de momentu. La presentaci\u00f3n llev\u00f3se a cabu nel marcu d&#8217;una xornada cient\u00edfica que cunt\u00f3 cola participaci\u00f3n de les astrof\u00edsiques Noem\u00ed Pinilla-Alonso y Luc\u00eda Gonz\u00e1lez Cuesta.<\/p>\n<p>Asturies va collaborar estrechamente col Gobiernu d&#8217;Espa\u00f1a, que va constituyir nos pr\u00f3ximos d\u00edes una comisi\u00f3n interministerial para coordinar el llam\u00e1u tr\u00edu d&#8217;eclises de 2026, 2027 y 2028. <strong>Nel casu d&#8217;Asturies, el focu va tar nel de 2026, l&#8217;\u00fanicu visible dende la comunid\u00e1.<\/strong><\/p>\n<p style=\"text-align: center\">\n<!-- iframe plugin v.6.0 wordpress.org\/plugins\/iframe\/ -->\n<iframe loading=\"lazy\" src=\"https:\/\/www.facebook.com\/plugins\/video.php?height=476&#038;href=https%3A%2F%2Fwww.facebook.com%2FCienciaAsturias%2Fvideos%2F1487238002275792%2F&#038;show_text=false&#038;width=267&#038;t=0\" width=\"267\" height=\"476\" style=\"border:none;overflow:hidden\" scrolling=\"no\" frameborder=\"0\" allowfullscreen=\"true\" allow=\"autoplay; clipboard-write; encrypted-media; picture-in-picture; web-share\" 0=\"\/iframe\" class=\"iframe-class\"><\/iframe>\n<\/p>\n<p>Estos fen\u00f3menos atraen a miles de persones, polo que&#8217;l Princip\u00e1u prepara un programa d&#8217;actividaes en collaboraci\u00f3n cola Delegaci\u00f3n del Gobiernu, la Federaci\u00f3n Asturiana de Conceyos y espertos n&#8217;astronom\u00eda. Ente les iniciatives previstes destaca la ellaboraci\u00f3n d&#8217;un mapa de puntos d&#8217;observaci\u00f3n seguros, distribuy\u00edos por tol territoriu, que van garantizar servicios fayadizos, van evitar aglomeraciones y van facilitar la movilid\u00e1.<\/p>\n<p>La sal\u00fa ocular va ser xuna priorid\u00e1, cuidao que reparar l&#8217;ecl\u00eds ensin protecci\u00f3n fayadiza puede causar da\u00f1os graves na vista. Por esta raz\u00f3n, van desenvolvese campa\u00f1es educatives en centros escolares, con talleres y materiales espec\u00edficos a lo llargo del cursu.<\/p>\n<p>La divulgaci\u00f3n cient\u00edfica y el turismu astron\u00f3micu van ser tami\u00e9n exes fundamentales del programa. Asina, va cuntar cola collaboraci\u00f3n d&#8217;entidaes rexonales como&#8217;l proyectu Ayande Stars, que la so directora, Luc\u00eda Gonz\u00e1lez, esplic\u00f3 g\u00fcei les claves pa esfrutar del ecl\u00eds de forma segura y dalguna de les actividaes que van averar l&#8217;eventu a la ciudadan\u00eda.<\/p>\n<p>Nel actu celebr\u00e1u na Fidma activ\u00f3se simb\u00f3licamente la cuenta tr\u00e1s pal ecl\u00eds, que se va producir el 12 d&#8217;agostu de 2026 sobro les 20:30 hores, con llixeres variaciones seg\u00fan la localid\u00e1. Como xestu inicial, Ciencia, al travi\u00e9s de la fundaci\u00f3n Ficyt, <strong>distribuy\u00f3 abargana de 500 gafes homologaes ente&#8217;l p\u00fablicu del pabell\u00f3n del Princip\u00e1u, pa fomentar la observaci\u00f3n segura del fen\u00f3menu<\/strong><\/p>\n<p><strong>Asturies, nel focu internacional.\u00a0<\/strong>L&#8217;ecl\u00eds ufierta xuna oportunid\u00e1 p&#8217;asitiar Asturies como referente na industria espacial. Nesti sent\u00edu, el Princip\u00e1u va entamar xuna conferencia internacional sobro la nueva yera de la esploraci\u00f3n espacial, en collaboraci\u00f3n cola Universid\u00e1 d&#8217;Uvi\u00e9u y so la direcci\u00f3n cient\u00edfica de Noem\u00ed Pinilla-Alonso. L&#8217;eventu, titul\u00e1u Les m\u00faltiples v\u00edes escontra l&#8217;espaciu, va axuntar a m\u00e1s d&#8217;un centenar d&#8217;especialistes en ciencia, inxenier\u00eda y tecnolox\u00eda, representantes institucionales y responsables d&#8217;axencies espaciales y empreses del sector.<\/p>\n<p>Ente los ponentes confirmaos destaquen figures de prest\u00edu internacional como Phil Metzger, director del Centru de Microgravedad Stephen W. Hawking; Julia de Lli\u00f3n, investigadora del Institutu d&#8217;Astrof\u00edsica de Canaries; Francisco C\u00f3rdova, director d&#8217;operaciones de la <strong>Estaci\u00f3n Espacial Internacional (ISS)<\/strong>; Emmanuel Urquieta, vicepresidente de Medicina Aeroespacial na Universid\u00e1 de Florida Central y Lori Glaze, subdireutora acomu\u00f1ada de la NASA na \u00e1rea de sistemes d&#8217;esploraci\u00f3n.<\/p>\n<p>La conferencia va encetar temes como la sal\u00fa espacial, la defensa planetaria, la rob\u00f3tica y los materiales avanzaos.<\/p>\n","protected":false},"excerpt":{"rendered":"<p>Actualid\u00e1 Asturies \/ Ciencia empecipia los preparativos para convertir Asturies en referencia internacional para la observaci\u00f3n del ecl\u00eds solar total de 2026. La conseyer\u00eda va crear un grupu de trabayu, en collaboraci\u00f3n col Gobiernu d&#8217;Espa\u00f1a, para coordinar el mayor eventu astron\u00f3micu del sieglu. El Princip\u00e1u va entamar un alcuentru con espertos de la NASA y [&hellip;]<\/p>\n","protected":false},"author":117,"featured_media":0,"comment_status":"closed","ping_status":"open","sticky":false,"template":"","format":"standard","meta":{"footnotes":""},"categories":[223],"tags":[],"class_list":["post-55549","post","type-post","status-publish","format-standard","hentry","category-astronomia"],"_links":{"self":[{"href":"https:\/\/edublog.educastur.es\/ixuxu\/wp-json\/wp\/v2\/posts\/55549","targetHints":{"allow":["GET"]}}],"collection":[{"href":"https:\/\/edublog.educastur.es\/ixuxu\/wp-json\/wp\/v2\/posts"}],"about":[{"href":"https:\/\/edublog.educastur.es\/ixuxu\/wp-json\/wp\/v2\/types\/post"}],"author":[{"embeddable":true,"href":"https:\/\/edublog.educastur.es\/ixuxu\/wp-json\/wp\/v2\/users\/117"}],"replies":[{"embeddable":true,"href":"https:\/\/edublog.educastur.es\/ixuxu\/wp-json\/wp\/v2\/comments?post=55549"}],"version-history":[{"count":2,"href":"https:\/\/edublog.educastur.es\/ixuxu\/wp-json\/wp\/v2\/posts\/55549\/revisions"}],"predecessor-version":[{"id":55572,"href":"https:\/\/edublog.educastur.es\/ixuxu\/wp-json\/wp\/v2\/posts\/55549\/revisions\/55572"}],"wp:attachment":[{"href":"https:\/\/edublog.educastur.es\/ixuxu\/wp-json\/wp\/v2\/media?parent=55549"}],"wp:term":[{"taxonomy":"category","embeddable":true,"href":"https:\/\/edublog.educastur.es\/ixuxu\/wp-json\/wp\/v2\/categories?post=55549"},{"taxonomy":"post_tag","embeddable":true,"href":"https:\/\/edublog.educastur.es\/ixuxu\/wp-json\/wp\/v2\/tags?post=55549"}],"curies":[{"name":"wp","href":"https:\/\/api.w.org\/{rel}","templated":true}]}}