{"id":55556,"date":"2025-08-12T16:00:14","date_gmt":"2025-08-12T14:00:14","guid":{"rendered":"https:\/\/edublog.educastur.es\/ixuxu\/?p=55556"},"modified":"2025-08-13T00:07:57","modified_gmt":"2025-08-12T22:07:57","slug":"el-principau-llanza-un-plan-estratexicu-vivu-con-mas-de-cien-midies-para-espublizar-y-proxectar-la-cultura-sidrera-asturiana","status":"publish","type":"post","link":"https:\/\/edublog.educastur.es\/ixuxu\/2025\/08\/el-principau-llanza-un-plan-estratexicu-vivu-con-mas-de-cien-midies-para-espublizar-y-proxectar-la-cultura-sidrera-asturiana\/","title":{"rendered":"El Princip\u00e1u llanza un plan estrat\u00e9xicu vivu\u201d con m\u00e1s de cien mid\u00edes para espublizar y proxectar la cultura sidrera asturiana"},"content":{"rendered":"<div id=\"main-content\" class=\"columns-1\" role=\"main\">\n<div class=\"portlet-layout row\">\n<div id=\"column-1\" class=\"col-md-12 portlet-column portlet-column-only\">\n<div id=\"layout-column_column-1\" class=\"portlet-dropzone portlet-column-content portlet-column-content-only\">\n<div id=\"p_p_id_com_liferay_asset_publisher_web_portlet_AssetPublisherPortlet_INSTANCE_DSnKSBdGDt7q_\" class=\"portlet-boundary portlet-boundary_com_liferay_asset_publisher_web_portlet_AssetPublisherPortlet_ portlet-static portlet-static-end portlet-barebone portlet-asset-publisher nota-detalle\">\n<section id=\"portlet_com_liferay_asset_publisher_web_portlet_AssetPublisherPortlet_INSTANCE_DSnKSBdGDt7q\" class=\"portlet\">\n<div class=\"portlet-content\">\n<div class=\" portlet-content-container\">\n<div class=\"portlet-body\">\n<div class=\"asset-full-content clearfix default-asset-publisher show-asset-title\">\n<div id=\"_com_liferay_asset_publisher_web_portlet_AssetPublisherPortlet_INSTANCE_DSnKSBdGDt7q_2741696\" class=\"asset-content\">\n<div class=\"clearfix journal-content-article\" data-analytics-asset-id=\"2741683\" data-analytics-asset-title=\"El Principado lanza un \u201cplan estrat\u00e9gico vivo\u201d con m\u00e1s de cien medidas para difundir y proyectar la cultura sidrera asturiana\" data-analytics-asset-type=\"web-content\">\n<div class=\"nota\">\n<div class=\"description\">\n<ul>\n<li class=\"Tabulaciones1\"><a href=\"https:\/\/actualidad.asturias.es\/-\/el-principado-lanza-un-plan-estrat\u00e9gico-vivo-con-m\u00e1s-de-cien-medidas-para-difundir-y-proyectar-la-cultura-sidrera-asturiana?redirect=%2Fnoticias\">Actualid\u00e1 Asturies<\/a> \/\u00a0 <a class=\"pdf\" title=\"Nota de prensa programa proyecci\u00f3n cultura sidrera asturiana. Abre una nueva ventana\" href=\"https:\/\/actualidad.asturias.es\/documents\/533407\/0\/2025_08_12+NP+Programa+Cultura+Sidrera.pdf\/f3ff9a90-7b7a-da41-5e78-1d7c2196bfff?t=1754999064733\" target=\"_blank\" rel=\"noopener\">Nota de prensa\u00a0<\/a>\/\u00a0<a class=\"pdf\" title=\"Programa de acciones de preservaci\u00f3n y promoci\u00f3n de la cultura sidrera (triling\u00fce). Abre una nueva ventana\" href=\"https:\/\/actualidad.asturias.es\/documents\/533407\/0\/Programa+Cultura+Sidrera_CAST_AST_EO.pdf\/fd5ba067-40f4-3f88-70d9-4f78711f6899?t=1755010577512\" target=\"_blank\" rel=\"noopener\"> Programa d&#8217;acciones de preservaci\u00f3n y promoci\u00f3n de la cultura sidrera<\/a><\/li>\n<\/ul>\n<\/div>\n<div class=\"contenido-article documentacion\">\n<p style=\"text-align: center\"><a href=\"https:\/\/actualidad.asturias.es\/documents\/537115\/2741348\/2025_08_12+Plan+Cultura+Sidrera+2+%281%29.jpeg\/f5e2f819-d41d-8602-adb8-9d41dc1ffb4b?t=1754996828514\"><img loading=\"lazy\" decoding=\"async\" class=\"aligncenter size-large\" src=\"https:\/\/actualidad.asturias.es\/documents\/537115\/2741348\/2025_08_12+Plan+Cultura+Sidrera+2+%281%29.jpeg\/f5e2f819-d41d-8602-adb8-9d41dc1ffb4b?t=1754996828514\" width=\"1600\" height=\"1200\" \/><\/a><\/p>\n<p>Casa Niembro, Tierra \u00c1stur-El Vascu y La Puerta de Cimadevilla incorporase a la marca calidable de les sidrer\u00edes. La b\u00e9bora y los sos productos derivaos van tener protagonismu nos actos institucionales y van promocionase con acciones de turismu, educaci\u00f3n, innovaci\u00f3n, protecci\u00f3n patrimonial y comunicaci\u00f3n. \u201cEsti programa ye una ferramienta para curiar y faer crecer esta se\u00f1a d&#8217;identid\u00e1\u201d, afirma la vicepresidenta, Gimena Llamedo.<\/p>\n<p><!--more--><\/p>\n<p>El Gobiernu d&#8217;Asturies present\u00f3 g\u00fcei el Programa tresa\u00f1al d&#8217;acciones de preservaci\u00f3n y promoci\u00f3n de la cultura sidrera asturiana, qu&#8217;incl\u00fai barganal de 115 mid\u00edes, con oxetivos espec\u00edficos y acciones concretes, para fortalecer, dar visibilid\u00e1 y caltener esti patrimoniu cultural inmaterial reconoc\u00edu apocay\u00e1 pola Unesco.<\/p>\n<p>La vicepresidenta del Princip\u00e1u, Gimena Llamedo, y la conseyera de Cultura, Pol\u00edtica Lling\u00fc\u00edstica y Deporte, Vanessa Guti\u00e9rrez, presentaron g\u00fcei esti programa integral nel pabell\u00f3n institucional del Executivu na Feria Internacional d&#8217;Amueses d&#8217;Asturies (Fidma), dedic\u00e1u nesta edici\u00f3n a la cultura sidrera y qu&#8217;espert\u00f3 gran inter\u00e9s.<\/p>\n<p>&nbsp;<\/p>\n<p><em>\u201cEl mundu de la sidra ye muncho m\u00e1s qu&#8217;una b\u00e9bora: ye hestoria, ye paisaxe, ye llingua asturiana, ye oficiu, ye comunid\u00e1. Esti plan ye una ferramienta para curialo, proxectalo y faelo crecer\u201d, se\u00f1al\u00f3 Llamedo. Am\u00e1s, a\u00f1edi\u00f3 que naz como \u201cun programa vivu, en constante evoluci\u00f3n, construy\u00edu dende&#8217;l Gobiernu d&#8217;Asturies y arriquec\u00edu col trabayu de los colectivos y profesionales qu&#8217;integren la mesa de trabayu de la cultura sidrera\u201d.<\/em><\/p>\n<p>&nbsp;<\/p>\n<p>Nesti marcu, l&#8217;Executivu auton\u00f3micu va dar protagonismu a la b\u00e9bora asturiano m\u00e1s internacional y a los productos que deriven d&#8217;ella, nos actos institucionales, \u201ccomo espresi\u00f3n d&#8217;identid\u00e1, tradici\u00f3n y sofitu al sector\u201d, sorray\u00f3 la vicepresidenta. Esta midida contemplase nel plan estrat\u00e9xicu, que tami\u00e9n recueye l&#8217;impactu que tuvieron los 15,4 millones de fondos europeos xestionaos na \u00faltima d\u00e9cada pol Princip\u00e1u para impulsar la cultura venceyada a la sidra.<\/p>\n<p><strong><span style=\"text-decoration: underline\"><span style=\"color: #008080;text-decoration: underline\">El programa de trabayu de la cultura sidrera asturiana s&#8217;estructura en cinco exes estrat\u00e9xiques:<\/span><\/span><\/strong><\/p>\n<ul>\n<li><strong><span style=\"color: #008080\">Anal\u00eds de situaci\u00f3n y perspectives de futuru.\u00a0<\/span><\/strong>El plan incl\u00fai la ellaboraci\u00f3n d&#8217;un diagn\u00f3sticu integral del ecosistema sidreru asturianu, con encuestes a axentes del sector y a la comunid\u00e1 tresmisora d&#8217;esti leg\u00e1u, para identificar fortaleces, debilidaes y oportunidaes. Esti anal\u00eds va sirvir de base para la planificaci\u00f3n d&#8217;acciones y la toma de decisiones.<\/li>\n<\/ul>\n<p><span style=\"color: #008080\"><strong>Protecci\u00f3n y sensibilizaci\u00f3n. <\/strong><\/span>Incl\u00fai mid\u00edes educatives como la incorporaci\u00f3n de conten\u00edos sobro la sidra nel curr\u00edculu escolar, la edici\u00f3n de materiales did\u00e1cticos y divulgativos, y la celebraci\u00f3n del D\u00eda Mundial de la Sidra cada 3 de xunu.<\/p>\n<p>Tami\u00e9n contempla acciones culturales, como la ellaboraci\u00f3n d&#8217;un inventariu y la convocatoria d&#8217;ayudes pa la restauraci\u00f3n de llagares tradicionales y elementos muebles venceyaos, la programaci\u00f3n d&#8217;esposiciones itinerantes, la edici\u00f3n de publicaciones sobro la hestoria y el vocabulariu sidreru, y l&#8217;impulsu d&#8217;actividaes nel Mus\u00e9u de la Sidra d&#8217;Asturies. Am\u00e1s, va reforzase&#8217;l protagonismu de la sidra y los sos productos derivaos n&#8217;actos institucionales, como espresi\u00f3n d&#8217;identid\u00e1.<\/p>\n<ul>\n<li><span style=\"color: #008080\"><strong>Impulsu al sector sidreru. <\/strong><\/span>El plan recueye ayudes a la producci\u00f3n, caltenimientu de variedaes aut\u00f3ctones, incorporaci\u00f3n de moces, dixitalizaci\u00f3n, formaci\u00f3n profesional, investigaci\u00f3n aplicada y promoci\u00f3n de la denominaci\u00f3n d&#8217;orixe protexida (DOP) Sidra d&#8217;Asturies. Tami\u00e9n enceta l&#8217;impactu que y\u00e1 t\u00e1n teniendo los recursos europeos disponibles pal sector, seg\u00fan el fortalecimientu de la relaci\u00f3n ente&#8217;l sector y l&#8217;Alministraci\u00f3n.<\/li>\n<li><span style=\"color: #008080\"><strong>Estratexa tur\u00edstica. <\/strong><\/span>Esti apart\u00e1u busca tresformar la cultura sidrera nun productu tur\u00edsticu estructur\u00e1u, capaz de xenerar impactu econ\u00f3micu, social y cultural. Pa ello, prevese&#8217;l dise\u00f1u de rutes tem\u00e1tiques, esperiencies gastron\u00f3miques, se\u00f1al\u00e9tica espec\u00edfica y ferramientes dixitales como mapes interactivos y escanci\u00e1u virtual.<\/li>\n<\/ul>\n<p>Am\u00e1s, va impulsase la presencia de la sidra en feries nacionales ya internacionales, como Fitur, y va promovese la so inclusi\u00f3n en campa\u00f1es publicitaries d&#8217;altu impactu, tanto en medios convencionales como dixitales. El floriamientu de #el pumar, l&#8217;escanci\u00e1u en vivu y la marca Sidrer\u00edes d&#8217;Asturies consol\u00eddense como elementos ic\u00f3nicos de la propuesta.<\/p>\n<p>El plan tami\u00e9n contempla aliances estrat\u00e9xiques col sector tur\u00edsticu y hosteleru pa integrar la sidra en paquetes tur\u00edsticos, agospiamientos y eventos, de cuenta que se refuerce la so funci\u00f3n como se\u00f1a d&#8217;identid\u00e1 asturiana. Asina, va fomentase la celebraci\u00f3n de festivales tem\u00e1ticos, la collaboraci\u00f3n con ceadores de conten\u00edu y la participaci\u00f3n activa en feries especializaes.<\/p>\n<p>Esta estratexa all\u00edniase colos principios del turismu responsable, la sostenibilid\u00e1 territorial y la puesta en valor del patrimoniu inmaterial que definen la pol\u00edtica tur\u00edstica del Gobiernu d&#8217;Asturies.<\/p>\n<ul>\n<li><span style=\"color: #008080\"><strong>Comunicaci\u00f3n, evaluaci\u00f3n y siguimientu. <\/strong><\/span>va ellaborase un plan de comunicaci\u00f3n espec\u00edficu pa tolos grupos d&#8217;inter\u00e9s y van realizase encuestes de prestu y anal\u00eds d&#8217;impactu tur\u00edsticu y cultural.<\/li>\n<\/ul>\n<p>El plan va actualizase dacuando en funci\u00f3n de les resultancies y va tener un contactu permanente col sector. Esta participaci\u00f3n enr\u00edase angua\u00f1o al travi\u00e9s d&#8217;una mesa de trabayu qu&#8217;ellabor\u00f3 esti programa cola coordinaci\u00f3n del Princip\u00e1u.<\/p>\n<ul>\n<li><span style=\"color: #008080\"><strong>Distintivu Sidrer\u00edes d&#8217;Asturies- Calid\u00e1 Natural. <\/strong><\/span>Mientres l&#8217;actu celebr\u00e1u na Fidma tami\u00e9n s&#8217;apurrieron les plaques de la marca Sidrer\u00edes d&#8217;Asturies-Calid\u00e1 Natural a tr\u00e9s nuevos establecimientos. Esti sellu, que y\u00e1 estrema a 29 sidrer\u00edes, garantiza que, detr\u00e1s de cada cul\u00edn, hai calid\u00e1, respetu pol productu y compromisu cola tierra.<\/li>\n<\/ul>\n<p style=\"text-align: center\">\n<!-- iframe plugin v.6.0 wordpress.org\/plugins\/iframe\/ -->\n<iframe loading=\"lazy\" src=\"https:\/\/www.facebook.com\/plugins\/post.php?href=https%3A%2F%2Fwww.facebook.com%2Fphoto.php%3Ffbid%3D1066847685619197%26set%3Da.229758265994814%26type%3D3&#038;show_text=false&#038;width=500\" width=\"500\" height=\"780\" style=\"border:none;overflow:hidden\" scrolling=\"no\" frameborder=\"0\" allowfullscreen=\"true\" allow=\"autoplay; clipboard-write; encrypted-media; picture-in-picture; web-share\" 0=\"\/iframe\" class=\"iframe-class\"><\/iframe>\n<\/p>\n<p>Los negocios que g\u00fcei recoyeron les sos plaques son los siguientes:<\/p>\n<ol>\n<li><strong>Casa Niembro (Cabrales).<\/strong> Pioneros del turismu gastron\u00f3micu, fueron de los primeres n&#8217;ufiertar una esperiencia enotur\u00edstica integral y afecha a tolos p\u00fablicos, cola so Ruta\u2019l Quesu y la Sidra. Con llagar propiu, son exemplu de coherencia ente productu, tradici\u00f3n y paisaxe.<\/li>\n<li><strong>Tierra \u00c1stur-El Vascu (Uvi\u00e9u)<\/strong>. Tierra \u00c1stur naci\u00f3 del enfotu de los sos fundadores por averar los productos del mediu rural al coraz\u00f3n d&#8217;Asturies. Col tiempu, supieron treslladar a la ciud\u00e1&#8217;l conceutu de chigre-tienda y fundir l&#8217;esp\u00edritu del chigre tradicional con una proyecci\u00f3n tur\u00edstica qu&#8217;epondera&#8217;l productu local.<\/li>\n<li><strong>La Puerta de Cimavilla (Uvi\u00e9u)<\/strong>. En plenu cascu hist\u00f3ricu de la capital asturiana, esta sidrer\u00eda fixo de l&#8217;autenticid\u00e1&#8217;l so sellu.<\/li>\n<\/ol>\n<\/div>\n<\/div>\n<\/div>\n<\/div>\n<\/div>\n<\/div>\n<\/div>\n<\/div>\n<\/section>\n<\/div>\n<\/div>\n<\/div>\n<\/div>\n<\/div>\n<p>&nbsp;<\/p>\n","protected":false},"excerpt":{"rendered":"<p>Actualid\u00e1 Asturies \/\u00a0 Nota de prensa\u00a0\/\u00a0 Programa d&#8217;acciones de preservaci\u00f3n y promoci\u00f3n de la cultura sidrera Casa Niembro, Tierra \u00c1stur-El Vascu y La Puerta de Cimadevilla incorporase a la marca calidable de les sidrer\u00edes. La b\u00e9bora y los sos productos derivaos van tener protagonismu nos actos institucionales y van promocionase con acciones de turismu, educaci\u00f3n, [&hellip;]<\/p>\n","protected":false},"author":117,"featured_media":0,"comment_status":"closed","ping_status":"open","sticky":false,"template":"","format":"standard","meta":{"footnotes":""},"categories":[156],"tags":[],"class_list":["post-55556","post","type-post","status-publish","format-standard","hentry","category-sidre"],"_links":{"self":[{"href":"https:\/\/edublog.educastur.es\/ixuxu\/wp-json\/wp\/v2\/posts\/55556","targetHints":{"allow":["GET"]}}],"collection":[{"href":"https:\/\/edublog.educastur.es\/ixuxu\/wp-json\/wp\/v2\/posts"}],"about":[{"href":"https:\/\/edublog.educastur.es\/ixuxu\/wp-json\/wp\/v2\/types\/post"}],"author":[{"embeddable":true,"href":"https:\/\/edublog.educastur.es\/ixuxu\/wp-json\/wp\/v2\/users\/117"}],"replies":[{"embeddable":true,"href":"https:\/\/edublog.educastur.es\/ixuxu\/wp-json\/wp\/v2\/comments?post=55556"}],"version-history":[{"count":2,"href":"https:\/\/edublog.educastur.es\/ixuxu\/wp-json\/wp\/v2\/posts\/55556\/revisions"}],"predecessor-version":[{"id":55573,"href":"https:\/\/edublog.educastur.es\/ixuxu\/wp-json\/wp\/v2\/posts\/55556\/revisions\/55573"}],"wp:attachment":[{"href":"https:\/\/edublog.educastur.es\/ixuxu\/wp-json\/wp\/v2\/media?parent=55556"}],"wp:term":[{"taxonomy":"category","embeddable":true,"href":"https:\/\/edublog.educastur.es\/ixuxu\/wp-json\/wp\/v2\/categories?post=55556"},{"taxonomy":"post_tag","embeddable":true,"href":"https:\/\/edublog.educastur.es\/ixuxu\/wp-json\/wp\/v2\/tags?post=55556"}],"curies":[{"name":"wp","href":"https:\/\/api.w.org\/{rel}","templated":true}]}}