{"id":55558,"date":"2025-08-12T15:30:54","date_gmt":"2025-08-12T13:30:54","guid":{"rendered":"https:\/\/edublog.educastur.es\/ixuxu\/?p=55558"},"modified":"2025-08-12T23:54:23","modified_gmt":"2025-08-12T21:54:23","slug":"sariegu-afitase-como-capital-tecnoloxica-del-branu","status":"publish","type":"post","link":"https:\/\/edublog.educastur.es\/ixuxu\/2025\/08\/sariegu-afitase-como-capital-tecnoloxica-del-branu\/","title":{"rendered":"Sariegu af\u00edtase como capital tecnol\u00f3xica del branu"},"content":{"rendered":"<ul>\n<li class=\"font-size-xxl margin-b-5 font-weight-b color-b-050 letter-spacing--1 fuente-corporativa\"><a href=\"https:\/\/www.rtpa.es\/noticias-ciencia-ast\/2025-08-12\/Sariegu-afitase-como-capital-tecnoloxica-del-branu-_111755002518.html\">TPA \/Sariegu af\u00edtase como capital tecnol\u00f3xica del branu<\/a><\/li>\n<\/ul>\n<p style=\"text-align: center\"><a href=\"https:\/\/www.rtpa.es\/fotos\/\/25\/08\/20250812145338_RTPA6976790.webp\"><img loading=\"lazy\" decoding=\"async\" class=\"aligncenter size-large\" src=\"https:\/\/www.rtpa.es\/fotos\/\/25\/08\/20250812145338_RTPA6976790.webp\" width=\"853\" height=\"480\" \/><\/a><\/p>\n<p class=\"font-size-m padding-b-20 font-weight-b margin-t-16\">Un campus de programaci\u00f3n y trabayu d&#8217;estos aparatos. 32 alumnes y alumnos mozos danse cita nel campus tecnol\u00f3xicu de Sariegu nel que deprenden a manexase con toa triba d\u2019ardiluxos electr\u00f3nicos. Distribuy\u00edu en 60 hores, cunta con llamativos elementos como la so nueva impresora l\u00e1ser se\u00f1ala Nacho Fern\u00e1ndez, t\u00e9cnicu inform\u00e1ticu del CDTL Sariegu y impulsor del campus.<\/p>\n<p>Tami\u00e9n usen rob\u00f3s automatizaos gracies a los comandos qu\u2019ellos mesmos piden mediante programaci\u00f3n inform\u00e1tica.\u00a0Anque ensin dulda, los drones son una de les actividaes estrella. Los participantes nun tardaron en garra-yos el trucu apunten Lucas Berros, participante de Sariegu; y Mateo Fern\u00e1ndez, participante de La Pola (Siero).\u00a0Una formaci\u00f3n cuasi \u00fanica na fastera oriental qu\u2019arrasa en cada edici\u00f3n y que cumple y\u00e1 una d\u00e9cada.<\/p>\n","protected":false},"excerpt":{"rendered":"<p>TPA \/Sariegu af\u00edtase como capital tecnol\u00f3xica del branu Un campus de programaci\u00f3n y trabayu d&#8217;estos aparatos. 32 alumnes y alumnos mozos danse cita nel campus tecnol\u00f3xicu de Sariegu nel que deprenden a manexase con toa triba d\u2019ardiluxos electr\u00f3nicos. Distribuy\u00edu en 60 hores, cunta con llamativos elementos como la so nueva impresora l\u00e1ser se\u00f1ala Nacho Fern\u00e1ndez, [&hellip;]<\/p>\n","protected":false},"author":117,"featured_media":0,"comment_status":"closed","ping_status":"open","sticky":false,"template":"","format":"standard","meta":{"footnotes":""},"categories":[352],"tags":[],"class_list":["post-55558","post","type-post","status-publish","format-standard","hentry","category-informatica"],"_links":{"self":[{"href":"https:\/\/edublog.educastur.es\/ixuxu\/wp-json\/wp\/v2\/posts\/55558","targetHints":{"allow":["GET"]}}],"collection":[{"href":"https:\/\/edublog.educastur.es\/ixuxu\/wp-json\/wp\/v2\/posts"}],"about":[{"href":"https:\/\/edublog.educastur.es\/ixuxu\/wp-json\/wp\/v2\/types\/post"}],"author":[{"embeddable":true,"href":"https:\/\/edublog.educastur.es\/ixuxu\/wp-json\/wp\/v2\/users\/117"}],"replies":[{"embeddable":true,"href":"https:\/\/edublog.educastur.es\/ixuxu\/wp-json\/wp\/v2\/comments?post=55558"}],"version-history":[{"count":1,"href":"https:\/\/edublog.educastur.es\/ixuxu\/wp-json\/wp\/v2\/posts\/55558\/revisions"}],"predecessor-version":[{"id":55559,"href":"https:\/\/edublog.educastur.es\/ixuxu\/wp-json\/wp\/v2\/posts\/55558\/revisions\/55559"}],"wp:attachment":[{"href":"https:\/\/edublog.educastur.es\/ixuxu\/wp-json\/wp\/v2\/media?parent=55558"}],"wp:term":[{"taxonomy":"category","embeddable":true,"href":"https:\/\/edublog.educastur.es\/ixuxu\/wp-json\/wp\/v2\/categories?post=55558"},{"taxonomy":"post_tag","embeddable":true,"href":"https:\/\/edublog.educastur.es\/ixuxu\/wp-json\/wp\/v2\/tags?post=55558"}],"curies":[{"name":"wp","href":"https:\/\/api.w.org\/{rel}","templated":true}]}}