{"id":55565,"date":"2025-08-12T18:01:14","date_gmt":"2025-08-12T16:01:14","guid":{"rendered":"https:\/\/edublog.educastur.es\/ixuxu\/?p=55565"},"modified":"2025-08-13T00:29:55","modified_gmt":"2025-08-12T22:29:55","slug":"tamos-presentandol-numberu-32-de-la-revista-ver-asturies","status":"publish","type":"post","link":"https:\/\/edublog.educastur.es\/ixuxu\/2025\/08\/tamos-presentandol-numberu-32-de-la-revista-ver-asturies\/","title":{"rendered":"Tamos presentando\u2019l n\u00famberu 32 de la revista Ver Asturies."},"content":{"rendered":"<ul>\n<li class=\"html-h2 x14z9mp xat24cr x1lziwak xexx8yu xyri2b x18d9i69 x1c1uobl x1vvkbs x1heor9g x1qlqyl8 x1pd3egz x1a2a7pz x1gslohp\"><span class=\"x193iq5w xeuugli x13faqbe x1vvkbs x1xmvt09 x1f6kntn xvq8zen xo1l8bm xi81zsa\"><span class=\"xt0psk2\"><span class=\"xjp7ctv\"><a class=\"x1i10hfl xjbqb8w x1ejq31n x18oe1m7 x1sy0etr xstzfhl x972fbf x10w94by x1qhh985 x14e42zd x9f619 x1ypdohk xt0psk2 x3ct3a4 xdj266r x14z9mp xat24cr x1lziwak xexx8yu xyri2b x18d9i69 x1c1uobl x16tdsg8 x1hl2dhg xggy1nq x1a2a7pz xkrqix3 x1sur9pj xzsf02u x1s688f\" role=\"link\" href=\"https:\/\/www.facebook.com\/iniciativapolasturianu?__cft__[0]=AZUKbCJoC6lyAzpW1z3iw5arCgx2Sj9SA4ZAVMgHouu8fS4Ab_Rg-vN0oDb3kuZGhp89jq8raRkoYWKpe7bUNfvUksTH4zGHS1CgZqQ5KbiZgMMbYY0a7xxfd4Cu3CJ7zqqD5QC42vMypXFXgwE_8B_CBUqAROiqVansQQKT_V4QdqzadrhKNsqcIV4Gv0-jMZvZVq-mnUvQHu0gq4We0NfD&amp;__tn__=-UC*F\">Iniciativa pol Asturianu<\/a><\/span><\/span><\/span>\/ <strong><a href=\"https:\/\/verasturies.com\/viaxast\">https:\/\/verasturies.com\/viaxast<\/a><\/strong><\/li>\n<\/ul>\n<div class=\"html-div xdj266r x14z9mp xat24cr x1lziwak xexx8yu x1a8lsjc xf7dkkf xv54qhq\">\n<div class=\"html-div xdj266r x14z9mp xat24cr x1lziwak xexx8yu xyri2b x18d9i69 x1c1uobl x1jx94hy x78zum5 x1q0g3np\">\n<div class=\"x78zum5 xdt5ytf xz62fqu x16ldp7u\">\n<div class=\"xu06os2 x1ok221b\">\n<div class=\"html-div xdj266r x14z9mp xat24cr x1lziwak xexx8yu xyri2b x18d9i69 x1c1uobl x6s0dn4 x17zd0t2 x78zum5 x1q0g3np x1a02dak\"><span class=\"html-span xexx8yu xyri2b x18d9i69 x1c1uobl x1hl2dhg x16tdsg8 x1vvkbs x3nfvp2 x1j61x8r x1fcty0u xdj266r xat24cr xm2jcoa x1mpyi22 xxymvpz xlup9mm x1kky2od\"><img loading=\"lazy\" decoding=\"async\" class=\"xz74otr x15mokao x1ga7v0g x16uus16 xbiv7yw\" src=\"https:\/\/static.xx.fbcdn.net\/images\/emoji.php\/v9\/td6\/1\/16\/1f4f0.png\" alt=\"\ud83d\udcf0\" width=\"16\" height=\"16\" \/><\/span> Tamos presentando\u2019l n\u00famberu 32 de la revista <span class=\"html-span xdj266r x14z9mp xat24cr x1lziwak xexx8yu xyri2b x18d9i69 x1c1uobl x1hl2dhg x16tdsg8 x1vvkbs\"><a class=\"x1i10hfl xjbqb8w x1ejq31n x18oe1m7 x1sy0etr xstzfhl x972fbf x10w94by x1qhh985 x14e42zd x9f619 x1ypdohk xt0psk2 x3ct3a4 xdj266r x14z9mp xat24cr x1lziwak xexx8yu xyri2b x18d9i69 x1c1uobl x16tdsg8 x1hl2dhg xggy1nq x1a2a7pz xkrqix3 x1sur9pj x1fey0fg x1s688f\" role=\"link\" href=\"https:\/\/www.facebook.com\/verasturies?__cft__[0]=AZUKbCJoC6lyAzpW1z3iw5arCgx2Sj9SA4ZAVMgHouu8fS4Ab_Rg-vN0oDb3kuZGhp89jq8raRkoYWKpe7bUNfvUksTH4zGHS1CgZqQ5KbiZgMMbYY0a7xxfd4Cu3CJ7zqqD5QC42vMypXFXgwE_8B_CBUqAROiqVansQQKT_V4QdqzadrhKNsqcIV4Gv0-jMZvZVq-mnUvQHu0gq4We0NfD&amp;__tn__=-]K-y-R\"><span class=\"xt0psk2\"><span class=\"xjp7ctv\">Ver Asturies.<\/span><\/span><\/a><\/span><span class=\"html-span xexx8yu xyri2b x18d9i69 x1c1uobl x1hl2dhg x16tdsg8 x1vvkbs x3nfvp2 x1j61x8r x1fcty0u xdj266r xat24cr xm2jcoa x1mpyi22 xxymvpz xlup9mm x1kky2od\"><img loading=\"lazy\" decoding=\"async\" class=\"xz74otr x15mokao x1ga7v0g x16uus16 xbiv7yw\" src=\"https:\/\/static.xx.fbcdn.net\/images\/emoji.php\/v9\/tc\/1\/16\/1f449_1f3fb.png\" alt=\"\ud83d\udc49\ud83c\udffb\" width=\"16\" height=\"16\" \/><\/span> Ye una publicaci\u00f3n cuatrimestral con diferentes tem\u00e1tiques culturales, de la presencia de la muyer na literatura asturiana, propuestes gastron\u00f3miques\u2026 <span class=\"html-span xexx8yu xyri2b x18d9i69 x1c1uobl x1hl2dhg x16tdsg8 x1vvkbs x3nfvp2 x1j61x8r x1fcty0u xdj266r xat24cr xm2jcoa x1mpyi22 xxymvpz xlup9mm x1kky2od\"><img loading=\"lazy\" decoding=\"async\" class=\"xz74otr x15mokao x1ga7v0g x16uus16 xbiv7yw\" src=\"https:\/\/static.xx.fbcdn.net\/images\/emoji.php\/v9\/t2d\/1\/16\/1f4cd.png\" alt=\"\ud83d\udccd\" width=\"16\" height=\"16\" \/><\/span> Garra de baldre la to publicaci\u00f3n nel espaciu de <span class=\"html-span xdj266r x14z9mp xat24cr x1lziwak xexx8yu xyri2b x18d9i69 x1c1uobl x1hl2dhg x16tdsg8 x1vvkbs\"><a class=\"x1i10hfl xjbqb8w x1ejq31n x18oe1m7 x1sy0etr xstzfhl x972fbf x10w94by x1qhh985 x14e42zd x9f619 x1ypdohk xt0psk2 x3ct3a4 xdj266r x14z9mp xat24cr x1lziwak xexx8yu xyri2b x18d9i69 x1c1uobl x16tdsg8 x1hl2dhg xggy1nq x1a2a7pz xkrqix3 x1sur9pj x1fey0fg x1s688f\" role=\"link\" href=\"https:\/\/www.facebook.com\/hashtag\/verasturies?__eep__=6&amp;__cft__[0]=AZUKbCJoC6lyAzpW1z3iw5arCgx2Sj9SA4ZAVMgHouu8fS4Ab_Rg-vN0oDb3kuZGhp89jq8raRkoYWKpe7bUNfvUksTH4zGHS1CgZqQ5KbiZgMMbYY0a7xxfd4Cu3CJ7zqqD5QC42vMypXFXgwE_8B_CBUqAROiqVansQQKT_V4QdqzadrhKNsqcIV4Gv0-jMZvZVq-mnUvQHu0gq4We0NfD&amp;__tn__=*NK-y-R\">#VerAsturies<\/a><\/span> na <span class=\"html-span xdj266r x14z9mp xat24cr x1lziwak xexx8yu xyri2b x18d9i69 x1c1uobl x1hl2dhg x16tdsg8 x1vvkbs\"><a class=\"x1i10hfl xjbqb8w x1ejq31n x18oe1m7 x1sy0etr xstzfhl x972fbf x10w94by x1qhh985 x14e42zd x9f619 x1ypdohk xt0psk2 x3ct3a4 xdj266r x14z9mp xat24cr x1lziwak xexx8yu xyri2b x18d9i69 x1c1uobl x16tdsg8 x1hl2dhg xggy1nq x1a2a7pz xkrqix3 x1sur9pj x1fey0fg x1s688f\" role=\"link\" href=\"https:\/\/www.facebook.com\/Feriasturias?__cft__[0]=AZUKbCJoC6lyAzpW1z3iw5arCgx2Sj9SA4ZAVMgHouu8fS4Ab_Rg-vN0oDb3kuZGhp89jq8raRkoYWKpe7bUNfvUksTH4zGHS1CgZqQ5KbiZgMMbYY0a7xxfd4Cu3CJ7zqqD5QC42vMypXFXgwE_8B_CBUqAROiqVansQQKT_V4QdqzadrhKNsqcIV4Gv0-jMZvZVq-mnUvQHu0gq4We0NfD&amp;__tn__=-]K-y-R\"><span class=\"xt0psk2\"><span class=\"xjp7ctv\">Feriasturias Recinto Ferial<\/span><\/span><\/a><\/span><\/div>\n<\/div>\n<div><\/div>\n<div style=\"text-align: center\">\n<!-- iframe plugin v.6.0 wordpress.org\/plugins\/iframe\/ -->\n<iframe loading=\"lazy\" src=\"https:\/\/www.facebook.com\/plugins\/post.php?href=https%3A%2F%2Fwww.facebook.com%2Fphoto.php%3Ffbid%3D1163864529121485%26set%3Da.628827215958555%26type%3D3&#038;show_text=false&#038;width=500\" width=\"500\" height=\"754\" style=\"border:none;overflow:hidden\" scrolling=\"no\" frameborder=\"0\" allowfullscreen=\"true\" allow=\"autoplay; clipboard-write; encrypted-media; picture-in-picture; web-share\" 0=\"\/iframe\" class=\"iframe-class\"><\/iframe>\n<\/div>\n<\/div>\n<\/div>\n<\/div>\n","protected":false},"excerpt":{"rendered":"<p>Iniciativa pol Asturianu\/ https:\/\/verasturies.com\/viaxast Tamos presentando\u2019l n\u00famberu 32 de la revista Ver Asturies. Ye una publicaci\u00f3n cuatrimestral con diferentes tem\u00e1tiques culturales, de la presencia de la muyer na literatura asturiana, propuestes gastron\u00f3miques\u2026 Garra de baldre la to publicaci\u00f3n nel espaciu de #VerAsturies na Feriasturias Recinto Ferial<\/p>\n","protected":false},"author":117,"featured_media":0,"comment_status":"closed","ping_status":"open","sticky":false,"template":"","format":"standard","meta":{"footnotes":""},"categories":[47,49,112],"tags":[],"class_list":["post-55565","post","type-post","status-publish","format-standard","hentry","category-iniciativa-pol-asturianu","category-revistes","category-ver-asturies"],"_links":{"self":[{"href":"https:\/\/edublog.educastur.es\/ixuxu\/wp-json\/wp\/v2\/posts\/55565","targetHints":{"allow":["GET"]}}],"collection":[{"href":"https:\/\/edublog.educastur.es\/ixuxu\/wp-json\/wp\/v2\/posts"}],"about":[{"href":"https:\/\/edublog.educastur.es\/ixuxu\/wp-json\/wp\/v2\/types\/post"}],"author":[{"embeddable":true,"href":"https:\/\/edublog.educastur.es\/ixuxu\/wp-json\/wp\/v2\/users\/117"}],"replies":[{"embeddable":true,"href":"https:\/\/edublog.educastur.es\/ixuxu\/wp-json\/wp\/v2\/comments?post=55565"}],"version-history":[{"count":4,"href":"https:\/\/edublog.educastur.es\/ixuxu\/wp-json\/wp\/v2\/posts\/55565\/revisions"}],"predecessor-version":[{"id":55588,"href":"https:\/\/edublog.educastur.es\/ixuxu\/wp-json\/wp\/v2\/posts\/55565\/revisions\/55588"}],"wp:attachment":[{"href":"https:\/\/edublog.educastur.es\/ixuxu\/wp-json\/wp\/v2\/media?parent=55565"}],"wp:term":[{"taxonomy":"category","embeddable":true,"href":"https:\/\/edublog.educastur.es\/ixuxu\/wp-json\/wp\/v2\/categories?post=55565"},{"taxonomy":"post_tag","embeddable":true,"href":"https:\/\/edublog.educastur.es\/ixuxu\/wp-json\/wp\/v2\/tags?post=55565"}],"curies":[{"name":"wp","href":"https:\/\/api.w.org\/{rel}","templated":true}]}}