{"id":55581,"date":"2025-08-13T08:30:29","date_gmt":"2025-08-13T06:30:29","guid":{"rendered":"https:\/\/edublog.educastur.es\/ixuxu\/?p=55581"},"modified":"2025-08-13T00:17:13","modified_gmt":"2025-08-12T22:17:13","slug":"el-tiempu-el-comercio-116","status":"publish","type":"post","link":"https:\/\/edublog.educastur.es\/ixuxu\/2025\/08\/el-tiempu-el-comercio-116\/","title":{"rendered":"El tiempu (El Comercio)"},"content":{"rendered":"<p style=\"text-align: center\"><a href=\"https:\/\/s2.ppllstatics.com\/elcomercio\/www\/multimedia\/2025\/08\/12\/tiempo-asturias-gijon-oviedo-aviles-kUzD-U2302588077118HVD-1200x840@El%20Comercio.jpg\"><img loading=\"lazy\" decoding=\"async\" class=\"aligncenter size-large\" src=\"https:\/\/s2.ppllstatics.com\/elcomercio\/www\/multimedia\/2025\/08\/12\/tiempo-asturias-gijon-oviedo-aviles-kUzD-U2302588077118HVD-1200x840@El%20Comercio.jpg\" width=\"1200\" height=\"840\" \/><\/a><\/p>\n<p>Tres unos d\u00edes calorosos,<strong> van baxar les temperatures de forma xeneralizada<\/strong>. Van baxar m\u00e1s de 6 \u00baC respectu al martes en tol interior occidental y tami\u00e9n nel cordal. Nel restu del interior van baxar hasta 4 o 5 \u00baC, ente que na mari\u00f1a&#8217;l descensu va ser m\u00e1s moder\u00e1u. En cuanto al est\u00e1u de <strong>los cielos<\/strong>, va predominar la nubosid\u00e1 en tol Princip\u00e1u sacantes delles escamplaes que se preven nel cordal anque, conforme trescurran les hores, tami\u00e9n se va acabar nublando. Mientres la segunda met\u00e1 del d\u00eda prevese nubosid\u00e1 d&#8217;evoluci\u00f3n que podr\u00eda dexar bastios tormentosos que, a priori, van ser m\u00e1s probables nel sur d&#8217;Asturies. Ello ye que l&#8217;Axencia Estatal de Meteorolox\u00eda va activar l&#8217;avisu mariellu nel cordal pola posibilid\u00e1 de nubes. Esti avisu va empecipiar a les 14 hores y va concluyir a les 22 hores.<\/p>\n<p><!--more--><\/p>\n<p><strong>El xueves<\/strong> tami\u00e9n va ser un d\u00eda nublu anque nun se refuga l&#8217;apertura de delles escamplaes a lo llargo del d\u00eda.<\/p>\n<p><strong> El vienres<\/strong> festivu tien toles papeletes a ser el d\u00eda m\u00e1s calorosu del a\u00f1u. Sacantes cambeos d&#8217;\u00faltima hora, los modelos meteorol\u00f3xicos agoren temperatures que podr\u00eden algamar los 40 \u00baC. L&#8217;ascensu va ser intensu en munchos puntos asturianos.<\/p>\n","protected":false},"excerpt":{"rendered":"<p>Tres unos d\u00edes calorosos, van baxar les temperatures de forma xeneralizada. Van baxar m\u00e1s de 6 \u00baC respectu al martes en tol interior occidental y tami\u00e9n nel cordal. Nel restu del interior van baxar hasta 4 o 5 \u00baC, ente que na mari\u00f1a&#8217;l descensu va ser m\u00e1s moder\u00e1u. En cuanto al est\u00e1u de los cielos, [&hellip;]<\/p>\n","protected":false},"author":117,"featured_media":0,"comment_status":"closed","ping_status":"open","sticky":false,"template":"","format":"standard","meta":{"footnotes":""},"categories":[5],"tags":[],"class_list":["post-55581","post","type-post","status-publish","format-standard","hentry","category-tiempu"],"_links":{"self":[{"href":"https:\/\/edublog.educastur.es\/ixuxu\/wp-json\/wp\/v2\/posts\/55581","targetHints":{"allow":["GET"]}}],"collection":[{"href":"https:\/\/edublog.educastur.es\/ixuxu\/wp-json\/wp\/v2\/posts"}],"about":[{"href":"https:\/\/edublog.educastur.es\/ixuxu\/wp-json\/wp\/v2\/types\/post"}],"author":[{"embeddable":true,"href":"https:\/\/edublog.educastur.es\/ixuxu\/wp-json\/wp\/v2\/users\/117"}],"replies":[{"embeddable":true,"href":"https:\/\/edublog.educastur.es\/ixuxu\/wp-json\/wp\/v2\/comments?post=55581"}],"version-history":[{"count":1,"href":"https:\/\/edublog.educastur.es\/ixuxu\/wp-json\/wp\/v2\/posts\/55581\/revisions"}],"predecessor-version":[{"id":55582,"href":"https:\/\/edublog.educastur.es\/ixuxu\/wp-json\/wp\/v2\/posts\/55581\/revisions\/55582"}],"wp:attachment":[{"href":"https:\/\/edublog.educastur.es\/ixuxu\/wp-json\/wp\/v2\/media?parent=55581"}],"wp:term":[{"taxonomy":"category","embeddable":true,"href":"https:\/\/edublog.educastur.es\/ixuxu\/wp-json\/wp\/v2\/categories?post=55581"},{"taxonomy":"post_tag","embeddable":true,"href":"https:\/\/edublog.educastur.es\/ixuxu\/wp-json\/wp\/v2\/tags?post=55581"}],"curies":[{"name":"wp","href":"https:\/\/api.w.org\/{rel}","templated":true}]}}