{"id":55589,"date":"2025-08-13T00:33:50","date_gmt":"2025-08-12T22:33:50","guid":{"rendered":"https:\/\/edublog.educastur.es\/ixuxu\/?p=55589"},"modified":"2025-08-13T00:37:18","modified_gmt":"2025-08-12T22:37:18","slug":"una-quema-en-cangas-amenacia-a-cases-y-vineos-y-obliga-a-alzar-el-nivel-dalerta-nasturies","status":"publish","type":"post","link":"https:\/\/edublog.educastur.es\/ixuxu\/2025\/08\/una-quema-en-cangas-amenacia-a-cases-y-vineos-y-obliga-a-alzar-el-nivel-dalerta-nasturies\/","title":{"rendered":"Una quema en Cangas amenacia a cases y vi\u00f1eos y obliga a alzar el nivel d&#8217;alerta n&#8217;Asturies"},"content":{"rendered":"<p>Una quema en Cangas amenacia a cases y vi\u00f1eos y obliga a alzar el nivel d&#8217;alerta n&#8217;Asturies. La rex\u00f3n lleg\u00f3 a contabilizar una decena de fueos, anque y\u00e1 se llograron escastar tr\u00e9s. El que m\u00e1s esmolez ye&#8217;l que se declar\u00f3 barganal de les localidaes cangueses de Cobos, Villarino de Lim\u00e9s, Fonceca y El Acebo.\u00a0<a href=\"https:\/\/www.elcomercio.es\/asturias\/aemet-alertas-calor-tormentas-asturias-incendios-forestales-20250812181307-nt.html\">El Comercio<\/a> \/<\/p>\n<p style=\"text-align: center\"><strong><em>\u00cdndiz de Riesgu de Quemes Forestales n&#8217;Asturies mi\u00e9rcoles 13 agostu.<\/em><\/strong><br \/>\n<strong><em>\u00a0\u26d4\ufe0f\ud83d\udd25Recu\u00e9rdase que col \u00edndiz de riesgu de quema bien alto t\u00e1n prohib\u00edes les quemes.<\/em><\/strong><\/p>\n<p style=\"text-align: center\"><a href=\"https:\/\/pbs.twimg.com\/media\/GyJQXk3WwAA1819?format=png&amp;name=small\"><img loading=\"lazy\" decoding=\"async\" class=\"aligncenter size-large\" src=\"https:\/\/pbs.twimg.com\/media\/GyJQXk3WwAA1819?format=png&amp;name=small\" width=\"564\" height=\"343\" \/><\/a><\/p>\n<p><strong>Hasta una decena de quemes declaraes nos montes de seis conceyos (Ayande, Cabrales, Cangas, Coa\u00f1a, Parres y Quir\u00f3s<\/strong>), de los qu&#8217;agora queden tr\u00e9s activos, unu estabiliz\u00e1u y tr\u00e9s en revisi\u00f3n. La cercan\u00eda d&#8217;unu d&#8217;ellos a cuatro poblaciones de Cangas llev\u00f3 al Princip\u00e1u d&#8217;Asturies a alzar el <a href=\"https:\/\/www.112asturias.es\/se-activa-fase-emergencia-situacion-0-infopa_3\">plan rexonal de Quemes Forestales (Infopa) a la situaci\u00f3n 1.<\/a><\/p>\n<p><!--more--><\/p>\n<p style=\"text-align: center\"><a href=\"https:\/\/pbs.twimg.com\/media\/GyEE9jLWgAEOG22?format=png&amp;name=small\"><img loading=\"lazy\" decoding=\"async\" class=\"aligncenter size-large\" src=\"https:\/\/pbs.twimg.com\/media\/GyEE9jLWgAEOG22?format=png&amp;name=small\" width=\"566\" height=\"347\" \/><\/a><\/p>\n<p>&nbsp;<\/p>\n<p>L&#8217;alcalde del conceyu acompa\u00f1\u00f3 a los equipos d&#8217;estinci\u00f3n a la parte de Villarino de Lim\u00e9s, Cobos, Fonceca y El Acebo, onde&#8217;l fueu aver\u00f3se demasi\u00e1u a les edificaciones y vi\u00f1eos. Tami\u00e9n esmolez, n&#8217;una zona m\u00e1s alta del conceyu, que&#8217;l fueu declar\u00e1u nes proximidaes de Xenestoso pueda llegar a afectar a les cases d&#8217;esti pueblu tur\u00edsticu, ganaderu y queseru.<\/p>\n<p style=\"text-align: center\">\n<!-- iframe plugin v.6.0 wordpress.org\/plugins\/iframe\/ -->\n<iframe loading=\"lazy\" width=\"342\" height=\"607\" src=\"https:\/\/www.youtube.com\/embed\/Lmwo_vcv7ZA\" title=\"2025.08.12 Im\u00e1genes a\u00e9reas de incendio forestal de Cobo en Cangas del Narcea\" frameborder=\"0\" allow=\"accelerometer; autoplay; clipboard-write; encrypted-media; gyroscope; picture-in-picture; web-share\" referrerpolicy=\"strict-origin-when-cross-origin\" 0=\"allowfullscreen\" 1=\"\/iframe\" scrolling=\"yes\" class=\"iframe-class\"><\/iframe>\n<\/p>\n<p>El puestu de mandu avanz\u00e1u del SEPA va quedar instal\u00e1u na cortil ferial de La Imera, en Cangas. Activ\u00f3se tami\u00e9n la unid\u00e1 de drones. La Guardia Civil incorpor\u00f3se a la coordinaci\u00f3n y xesti\u00f3n de la quema dende la sala de crisis de La Morgal, onde y\u00e1 s&#8217;atopen el conseyeru de Movilid\u00e1, Mediu Ambiente y Xesti\u00f3n d&#8217;Emerxencies, Alejandro Calvo, y la delegada del Gobiernu n&#8217;Asturies, Adriana Lastra.<\/p>\n<p>Nos llabores d&#8217;estinci\u00f3n del fueu de Cobos y Villarino de Lim\u00e9s trabayen dos helic\u00f3pteros de bomberos del SEPA, m\u00e1s d&#8217;una decena d&#8217;efectivos de bomberos, dos empreses forestales y el xefe de zona. Am\u00e1s, solicit\u00f3se al Ministeriu de Transici\u00f3n Ecol\u00f3xica y Retu Demogr\u00e1ficu (Miteco) la movilizaci\u00f3n de recursos de sofitu cuidao que los asignaos a esta comunid\u00e1 taben participando nos llabores d&#8217;estinci\u00f3n de les quemes declaraes en Galicia y Castiella y Lli\u00f3n.<\/p>\n","protected":false},"excerpt":{"rendered":"<p>Una quema en Cangas amenacia a cases y vi\u00f1eos y obliga a alzar el nivel d&#8217;alerta n&#8217;Asturies. La rex\u00f3n lleg\u00f3 a contabilizar una decena de fueos, anque y\u00e1 se llograron escastar tr\u00e9s. El que m\u00e1s esmolez ye&#8217;l que se declar\u00f3 barganal de les localidaes cangueses de Cobos, Villarino de Lim\u00e9s, Fonceca y El Acebo.\u00a0El Comercio [&hellip;]<\/p>\n","protected":false},"author":117,"featured_media":0,"comment_status":"closed","ping_status":"open","sticky":false,"template":"","format":"standard","meta":{"footnotes":""},"categories":[287],"tags":[],"class_list":["post-55589","post","type-post","status-publish","format-standard","hentry","category-incendios"],"_links":{"self":[{"href":"https:\/\/edublog.educastur.es\/ixuxu\/wp-json\/wp\/v2\/posts\/55589","targetHints":{"allow":["GET"]}}],"collection":[{"href":"https:\/\/edublog.educastur.es\/ixuxu\/wp-json\/wp\/v2\/posts"}],"about":[{"href":"https:\/\/edublog.educastur.es\/ixuxu\/wp-json\/wp\/v2\/types\/post"}],"author":[{"embeddable":true,"href":"https:\/\/edublog.educastur.es\/ixuxu\/wp-json\/wp\/v2\/users\/117"}],"replies":[{"embeddable":true,"href":"https:\/\/edublog.educastur.es\/ixuxu\/wp-json\/wp\/v2\/comments?post=55589"}],"version-history":[{"count":5,"href":"https:\/\/edublog.educastur.es\/ixuxu\/wp-json\/wp\/v2\/posts\/55589\/revisions"}],"predecessor-version":[{"id":55594,"href":"https:\/\/edublog.educastur.es\/ixuxu\/wp-json\/wp\/v2\/posts\/55589\/revisions\/55594"}],"wp:attachment":[{"href":"https:\/\/edublog.educastur.es\/ixuxu\/wp-json\/wp\/v2\/media?parent=55589"}],"wp:term":[{"taxonomy":"category","embeddable":true,"href":"https:\/\/edublog.educastur.es\/ixuxu\/wp-json\/wp\/v2\/categories?post=55589"},{"taxonomy":"post_tag","embeddable":true,"href":"https:\/\/edublog.educastur.es\/ixuxu\/wp-json\/wp\/v2\/tags?post=55589"}],"curies":[{"name":"wp","href":"https:\/\/api.w.org\/{rel}","templated":true}]}}