{"id":55618,"date":"2025-08-14T08:45:56","date_gmt":"2025-08-14T06:45:56","guid":{"rendered":"https:\/\/edublog.educastur.es\/ixuxu\/?p=55618"},"modified":"2025-08-14T19:31:46","modified_gmt":"2025-08-14T17:31:46","slug":"la-estensa-fola-de-calor-va-tardar-en-sumir-despana","status":"publish","type":"post","link":"https:\/\/edublog.educastur.es\/ixuxu\/2025\/08\/la-estensa-fola-de-calor-va-tardar-en-sumir-despana\/","title":{"rendered":"La estensa fola de calor va tardar en sumir d&#8217;Espa\u00f1a."},"content":{"rendered":"<div class=\"html-div xdj266r x14z9mp xat24cr x1lziwak xsag5q8 xz9dl7a xv54qhq xf7dkkf x1jx94hy\">\n<div class=\"html-div xdj266r x14z9mp xat24cr x1lziwak xexx8yu xyri2b x18d9i69 x1c1uobl x78zum5 x1q0g3np x1ba4aug\">\n<div class=\"html-div xdj266r x14z9mp xat24cr x1lziwak xexx8yu xyri2b x18d9i69 x1c1uobl x1iyjqo2 xeuugli\">\n<div class=\"x78zum5 xdt5ytf xz62fqu x16ldp7u\">\n<div class=\"xu06os2 x1ok221b\">\n<ul>\n<li class=\"html-h3 x14z9mp xat24cr x1lziwak xexx8yu xyri2b x18d9i69 x1c1uobl x1vvkbs x1heor9g x1qlqyl8 x1pd3egz x1a2a7pz x1gslohp x1yc453h\"><span class=\"xt0psk2\"><a class=\"x1i10hfl xjbqb8w x1ejq31n x18oe1m7 x1sy0etr xstzfhl x972fbf x10w94by x1qhh985 x14e42zd x9f619 x1ypdohk xt0psk2 x3ct3a4 xdj266r x14z9mp xat24cr x1lziwak xexx8yu xyri2b x18d9i69 x1c1uobl x16tdsg8 x1hl2dhg xggy1nq x1a2a7pz xkrqix3 x1sur9pj xzsf02u x1s688f\" role=\"link\" href=\"https:\/\/www.facebook.com\/tiempoyradarEspana?__cft__[0]=AZV7R0RiHRbpgDdXhm1SWDl3TPGcCllcqWsZF6hP4dNlMInpTxZiqrecu6zvNzDQRGf11Thr8EKaFsD5f948Gr5C1_7ls49GCIaHKIe25k0v5ZTwqzikmIQiSKidV5xB9rQLbWTEH5p9lE7cu49xQP3ijKeW12rcR3tlXmz2Km5PmPjCEwQbPUHX_asyg-VniTAXEdCp-zYmiSErMXJjNUV1&amp;__tn__=-UC%2CP-y-R\"><b class=\"html-b xdj266r x14z9mp xat24cr x1lziwak xexx8yu xyri2b x18d9i69 x1c1uobl x1hl2dhg x16tdsg8 x1vvkbs x1s688f\"><span class=\"html-span xdj266r x14z9mp xat24cr x1lziwak xexx8yu xyri2b x18d9i69 x1c1uobl x1hl2dhg x16tdsg8 x1vvkbs\">Tiempo &amp; Radar Espa\u00f1a<\/span><\/b><\/a><\/span>\/<\/li>\n<\/ul>\n<\/div>\n<\/div>\n<\/div>\n<\/div>\n<\/div>\n<div class=\"html-div xdj266r x14z9mp xat24cr x1lziwak xexx8yu xyri2b x18d9i69 x1c1uobl\" dir=\"auto\">\n<div class=\"html-div xdj266r x14z9mp xat24cr x1lziwak xexx8yu xyri2b x18d9i69 x1c1uobl\" dir=\"auto\">\n<div class=\"html-div xdj266r x14z9mp xat24cr x1lziwak xexx8yu xyri2b x18d9i69 x1c1uobl\" data-ad-rendering-role=\"story_message\">\n<div class=\"x1l90r2v x1iorvi4 x1g0dm76 xpdmqnj\" data-ad-comet-preview=\"message\" data-ad-preview=\"message\">\n<div class=\"x78zum5 xdt5ytf xz62fqu x16ldp7u\">\n<div class=\"xu06os2 x1ok221b\">\n<div class=\"html-div xdj266r x14z9mp xat24cr x1lziwak xexx8yu xyri2b x18d9i69 x1c1uobl\">\n<div class=\"xdj266r x14z9mp xat24cr x1lziwak x1vvkbs x126k92a\">\n<div dir=\"auto\"><span class=\"html-span xexx8yu xyri2b x18d9i69 x1c1uobl x1hl2dhg x16tdsg8 x1vvkbs x3nfvp2 x1j61x8r x1fcty0u xdj266r xat24cr xm2jcoa x1mpyi22 xxymvpz xlup9mm x1kky2od\"><img loading=\"lazy\" decoding=\"async\" class=\"xz74otr x15mokao x1ga7v0g x16uus16 xbiv7yw\" src=\"https:\/\/static.xx.fbcdn.net\/images\/emoji.php\/v9\/t6f\/1\/16\/1f975.png\" alt=\"\ud83e\udd75\" width=\"16\" height=\"16\" \/><\/span><span class=\"html-span xexx8yu xyri2b x18d9i69 x1c1uobl x1hl2dhg x16tdsg8 x1vvkbs x3nfvp2 x1j61x8r x1fcty0u xdj266r xat24cr xm2jcoa x1mpyi22 xxymvpz xlup9mm x1kky2od\"><img loading=\"lazy\" decoding=\"async\" class=\"xz74otr x15mokao x1ga7v0g x16uus16 xbiv7yw\" src=\"https:\/\/static.xx.fbcdn.net\/images\/emoji.php\/v9\/tdc\/1\/16\/26a0.png\" alt=\"\u26a0\ufe0f\" width=\"16\" height=\"16\" \/><\/span> La estensa fola de calor va tardar en sumir d&#8217;Espa\u00f1a. \u00a1Mira les temperatures para esta fin de selmana! Una bolsa d&#8217;aire fr\u00edo n&#8217;altor sobro los Azores <strong>va potenciar la llegada de m\u00e1s calor sobro la Pen\u00ednsula y Baleares, con una dorsal anticicl\u00f3nica y una masa d&#8217;aire bien templao.<\/strong><\/div>\n<div dir=\"auto\"><\/div>\n<div dir=\"auto\" style=\"text-align: center\"><a href=\"https:\/\/purple-cdn.web-apps-prod.wo-cloud.com\/purple\/0f7a645f-e3c1-4a9c-a6dd-ccfa5dff68a7\/ccaeda65-166e-49c6-bbcd-ece973f0339c\/f1788250-8ea3-4140-915b-90a7f2a0a285\/7948d059-75b2-41c8-89c0-cd3e055f434c.jpg\"><img loading=\"lazy\" decoding=\"async\" class=\"aligncenter size-large\" src=\"https:\/\/purple-cdn.web-apps-prod.wo-cloud.com\/purple\/0f7a645f-e3c1-4a9c-a6dd-ccfa5dff68a7\/ccaeda65-166e-49c6-bbcd-ece973f0339c\/f1788250-8ea3-4140-915b-90a7f2a0a285\/7948d059-75b2-41c8-89c0-cd3e055f434c.jpg\" width=\"632\" height=\"355\" \/><\/a><\/div>\n<div dir=\"auto\"><\/div>\n<div dir=\"auto\">La fin de selmana pres\u00e9ntase bien calorosu tantu de d\u00eda como de nueche, con m\u00ednimes percima de los 25 graos y nueches ecuatoriales. <strong>El calor volver\u00e1 ser el protagonista con numberoses alertes por altes temperatures<\/strong>. Les m\u00e1ximes van asitiase percima de los 35 graos en pr\u00e1cticamente tol pa\u00eds, inclusive en puntos del Cant\u00e1bricu. Los 40 graos volver\u00e1n ser frecuentes, non solo en zones ablayaes, sin\u00f3n tami\u00e9n en munches zones de la met\u00e1 sur y del nord\u00e9s, hasta la selmana que vien.<\/div>\n<div dir=\"auto\"><\/div>\n<div dir=\"auto\"><span class=\"html-span xdj266r x14z9mp xat24cr x1lziwak xexx8yu xyri2b x18d9i69 x1c1uobl x1hl2dhg x16tdsg8 x1vvkbs\"><a class=\"x1i10hfl xjbqb8w x1ejq31n x18oe1m7 x1sy0etr xstzfhl x972fbf x10w94by x1qhh985 x14e42zd x9f619 x1ypdohk xt0psk2 x3ct3a4 xdj266r x14z9mp xat24cr x1lziwak xexx8yu xyri2b x18d9i69 x1c1uobl x16tdsg8 x1hl2dhg xggy1nq x1a2a7pz xkrqix3 x1sur9pj x1fey0fg x1s688f\" role=\"link\" href=\"https:\/\/www.facebook.com\/hashtag\/oladecalor?__eep__=6&amp;__cft__[0]=AZV7R0RiHRbpgDdXhm1SWDl3TPGcCllcqWsZF6hP4dNlMInpTxZiqrecu6zvNzDQRGf11Thr8EKaFsD5f948Gr5C1_7ls49GCIaHKIe25k0v5ZTwqzikmIQiSKidV5xB9rQLbWTEH5p9lE7cu49xQP3ijKeW12rcR3tlXmz2Km5PmPjCEwQbPUHX_asyg-VniTAXEdCp-zYmiSErMXJjNUV1&amp;__tn__=*NK-y-R\">#OladeCalor<\/a><\/span> <span class=\"html-span xdj266r x14z9mp xat24cr x1lziwak xexx8yu xyri2b x18d9i69 x1c1uobl x1hl2dhg x16tdsg8 x1vvkbs\"><a class=\"x1i10hfl xjbqb8w x1ejq31n x18oe1m7 x1sy0etr xstzfhl x972fbf x10w94by x1qhh985 x14e42zd x9f619 x1ypdohk xt0psk2 x3ct3a4 xdj266r x14z9mp xat24cr x1lziwak xexx8yu xyri2b x18d9i69 x1c1uobl x16tdsg8 x1hl2dhg xggy1nq x1a2a7pz xkrqix3 x1sur9pj x1fey0fg x1s688f\" role=\"link\" href=\"https:\/\/www.facebook.com\/hashtag\/bochorno?__eep__=6&amp;__cft__[0]=AZV7R0RiHRbpgDdXhm1SWDl3TPGcCllcqWsZF6hP4dNlMInpTxZiqrecu6zvNzDQRGf11Thr8EKaFsD5f948Gr5C1_7ls49GCIaHKIe25k0v5ZTwqzikmIQiSKidV5xB9rQLbWTEH5p9lE7cu49xQP3ijKeW12rcR3tlXmz2Km5PmPjCEwQbPUHX_asyg-VniTAXEdCp-zYmiSErMXJjNUV1&amp;__tn__=*NK-y-R\">#Bochorno<\/a><\/span> <span class=\"html-span xdj266r x14z9mp xat24cr x1lziwak xexx8yu xyri2b x18d9i69 x1c1uobl x1hl2dhg x16tdsg8 x1vvkbs\"><a class=\"x1i10hfl xjbqb8w x1ejq31n x18oe1m7 x1sy0etr xstzfhl x972fbf x10w94by x1qhh985 x14e42zd x9f619 x1ypdohk xt0psk2 x3ct3a4 xdj266r x14z9mp xat24cr x1lziwak xexx8yu xyri2b x18d9i69 x1c1uobl x16tdsg8 x1hl2dhg xggy1nq x1a2a7pz xkrqix3 x1sur9pj x1fey0fg x1s688f\" role=\"link\" href=\"https:\/\/www.facebook.com\/hashtag\/alerta?__eep__=6&amp;__cft__[0]=AZV7R0RiHRbpgDdXhm1SWDl3TPGcCllcqWsZF6hP4dNlMInpTxZiqrecu6zvNzDQRGf11Thr8EKaFsD5f948Gr5C1_7ls49GCIaHKIe25k0v5ZTwqzikmIQiSKidV5xB9rQLbWTEH5p9lE7cu49xQP3ijKeW12rcR3tlXmz2Km5PmPjCEwQbPUHX_asyg-VniTAXEdCp-zYmiSErMXJjNUV1&amp;__tn__=*NK-y-R\">#Alerta<\/a><\/span> <span class=\"html-span xdj266r x14z9mp xat24cr x1lziwak xexx8yu xyri2b x18d9i69 x1c1uobl x1hl2dhg x16tdsg8 x1vvkbs\"><a class=\"x1i10hfl xjbqb8w x1ejq31n x18oe1m7 x1sy0etr xstzfhl x972fbf x10w94by x1qhh985 x14e42zd x9f619 x1ypdohk xt0psk2 x3ct3a4 xdj266r x14z9mp xat24cr x1lziwak xexx8yu xyri2b x18d9i69 x1c1uobl x16tdsg8 x1hl2dhg xggy1nq x1a2a7pz xkrqix3 x1sur9pj x1fey0fg x1s688f\" role=\"link\" href=\"https:\/\/www.facebook.com\/hashtag\/tiempoyradar?__eep__=6&amp;__cft__[0]=AZV7R0RiHRbpgDdXhm1SWDl3TPGcCllcqWsZF6hP4dNlMInpTxZiqrecu6zvNzDQRGf11Thr8EKaFsD5f948Gr5C1_7ls49GCIaHKIe25k0v5ZTwqzikmIQiSKidV5xB9rQLbWTEH5p9lE7cu49xQP3ijKeW12rcR3tlXmz2Km5PmPjCEwQbPUHX_asyg-VniTAXEdCp-zYmiSErMXJjNUV1&amp;__tn__=*NK-y-R\">#TiempoyRadar<\/a><\/span><\/div>\n<\/div>\n<\/div>\n<\/div>\n<\/div>\n<\/div>\n<\/div>\n<\/div>\n<\/div>\n","protected":false},"excerpt":{"rendered":"<p>Tiempo &amp; Radar Espa\u00f1a\/ La estensa fola de calor va tardar en sumir d&#8217;Espa\u00f1a. \u00a1Mira les temperatures para esta fin de selmana! Una bolsa d&#8217;aire fr\u00edo n&#8217;altor sobro los Azores va potenciar la llegada de m\u00e1s calor sobro la Pen\u00ednsula y Baleares, con una dorsal anticicl\u00f3nica y una masa d&#8217;aire bien templao. La fin de [&hellip;]<\/p>\n","protected":false},"author":117,"featured_media":0,"comment_status":"closed","ping_status":"open","sticky":false,"template":"","format":"standard","meta":{"footnotes":""},"categories":[5],"tags":[],"class_list":["post-55618","post","type-post","status-publish","format-standard","hentry","category-tiempu"],"_links":{"self":[{"href":"https:\/\/edublog.educastur.es\/ixuxu\/wp-json\/wp\/v2\/posts\/55618","targetHints":{"allow":["GET"]}}],"collection":[{"href":"https:\/\/edublog.educastur.es\/ixuxu\/wp-json\/wp\/v2\/posts"}],"about":[{"href":"https:\/\/edublog.educastur.es\/ixuxu\/wp-json\/wp\/v2\/types\/post"}],"author":[{"embeddable":true,"href":"https:\/\/edublog.educastur.es\/ixuxu\/wp-json\/wp\/v2\/users\/117"}],"replies":[{"embeddable":true,"href":"https:\/\/edublog.educastur.es\/ixuxu\/wp-json\/wp\/v2\/comments?post=55618"}],"version-history":[{"count":3,"href":"https:\/\/edublog.educastur.es\/ixuxu\/wp-json\/wp\/v2\/posts\/55618\/revisions"}],"predecessor-version":[{"id":55621,"href":"https:\/\/edublog.educastur.es\/ixuxu\/wp-json\/wp\/v2\/posts\/55618\/revisions\/55621"}],"wp:attachment":[{"href":"https:\/\/edublog.educastur.es\/ixuxu\/wp-json\/wp\/v2\/media?parent=55618"}],"wp:term":[{"taxonomy":"category","embeddable":true,"href":"https:\/\/edublog.educastur.es\/ixuxu\/wp-json\/wp\/v2\/categories?post=55618"},{"taxonomy":"post_tag","embeddable":true,"href":"https:\/\/edublog.educastur.es\/ixuxu\/wp-json\/wp\/v2\/tags?post=55618"}],"curies":[{"name":"wp","href":"https:\/\/api.w.org\/{rel}","templated":true}]}}