{"id":55624,"date":"2025-08-14T11:00:14","date_gmt":"2025-08-14T09:00:14","guid":{"rendered":"https:\/\/edublog.educastur.es\/ixuxu\/?p=55624"},"modified":"2025-08-14T19:40:34","modified_gmt":"2025-08-14T17:40:34","slug":"asturies-destina-ayudes-al-caltenimientu-y-restauracion-del-patrimoniu-cultural-en-56-conceyos","status":"publish","type":"post","link":"https:\/\/edublog.educastur.es\/ixuxu\/2025\/08\/asturies-destina-ayudes-al-caltenimientu-y-restauracion-del-patrimoniu-cultural-en-56-conceyos\/","title":{"rendered":"Asturies destina ayudes al caltenimientu y restauraci\u00f3n del patrimoniu cultural en 56 conceyos"},"content":{"rendered":"<p>Asturies destina casi un mill\u00f3n d&#8217;euros al caltenimientu y restauraci\u00f3n del patrimoniu cultural en 56 conceyos. <strong>Les ayudes incl\u00fain la recuperaci\u00f3n d&#8217;horros, paneres y cabazos, la restauraci\u00f3n de bienes en bra\u00f1es y trabayos arqueol\u00f3xicos. \/ <\/strong><a href=\"https:\/\/www.lavozdeasturias.es\/noticia\/asturias\/2025\/08\/13\/asturias-destina-millon-euros-conservacion-restauracion-patrimonio-cultural-56-concejos\/00031755079928876983349.htm\">La Voz<\/a><\/p>\n<p style=\"text-align: center\"><a href=\"https:\/\/cflvdg.avoz.es\/sc\/Qnkp2W4aJMFcI-RcKASyiwt8Hsk=\/768x\/2025\/08\/13\/00121755080384189892817\/Foto\/dhddfgdeddmsgrkfdfkgdkklggjkkgkllkfhhdxydcv.png\"><img loading=\"lazy\" decoding=\"async\" class=\"aligncenter size-large\" src=\"https:\/\/cflvdg.avoz.es\/sc\/Qnkp2W4aJMFcI-RcKASyiwt8Hsk=\/768x\/2025\/08\/13\/00121755080384189892817\/Foto\/dhddfgdeddmsgrkfdfkgdkklggjkkgkllkfhhdxydcv.png\" width=\"768\" height=\"432\" \/><\/a><\/p>\n<p><!--more--><br \/>\nLa Conseyer\u00eda de Cultura, Pol\u00edtica Lling\u00fc\u00edstica y Deporte del Gobiernu asturianu resolvi\u00f3 esti mes cinco ll\u00ednees d&#8217;ayudes destinaes al caltenimientu y restauraci\u00f3n del patrimoniu cultural que suman una inversi\u00f3n de 988.526 euros y que van beneficiar a 56 conceyos.<\/p>\n<p>Seg\u00fan inform\u00f3&#8217;l Gobiernu asturianu, la convocatoria m\u00e1s destacada ye la <strong>empobinada a la recuperaci\u00f3n d&#8217;horros, paneres, cabazos y otros elementos d&#8217;inter\u00e9s etnogr\u00e1ficu<\/strong>. Al travi\u00e9s d&#8217;esta ll\u00ednea concedi\u00e9ronse 429.738 euros para intervenir en m\u00e1s d&#8217;un centenar d&#8217;elementos tradicionales, distribuy\u00edos en mediu centenar de conceyos.<\/p>\n<p>D&#8217;esta miente, el Gobiernu d&#8217;Asturies consolida&#8217;l so compromisu cola preservaci\u00f3n de l&#8217;arquitectura popular y l&#8217;identid\u00e1 cultural del territoriu. Am\u00e1s, seg\u00fan informa&#8217;l Princip\u00e1u, les meyores introduc\u00edes angua\u00f1o por Cultura na convocatoria, como l&#8217;abonu anteman\u00e1u de les subvenciones tres la so concesi\u00f3n y l&#8217;ampliaci\u00f3n del plazu de xustificaci\u00f3n hasta agostu de 2026, van facilitar la execuci\u00f3n de los proyectos y van reforzar la protecci\u00f3n del patrimoniu tradicional asturianu.<\/p>\n<p>La conseyer\u00eda tami\u00e9n resolvi\u00f3 esta selmana la primer convocatoria pa la restauraci\u00f3n y caltenimientu de bienes d&#8217;inter\u00e9s patrimonial en bra\u00f1es, con una dotaci\u00f3n de 25.000 euros. Esta ll\u00ednea va dexar executar seis actuaciones en Somiedu y Teberga, <strong>centraes principalmente na rehabilitaci\u00f3n de cabanes de teito y otros elementos.<\/strong><\/p>\n<p>Per otra parte, por aciu la ll\u00ednea pal espardimientu del patrimoniu, Cultura va financiar una trentena proyectos que tomen dende la divulgaci\u00f3n de bienes materiales hasta&#8217;l caltenimientu d&#8217;arquivos de tradici\u00f3n oral. Nesti casu, la inversi\u00f3n total xube a 125.000 euros, distribuy\u00edos ente entidaes ensin \u00e1nimu d&#8217;arriquecimientu, particulares y empreses. Les iniciatives que van recibir fondos incl\u00fain esposiciones, publicaciones, dixitalizaci\u00f3n de fondos, talleres y propuestes audiovisuales, toes elles empobinaes a reforzar el venceyu ente la ciudadan\u00eda y el so leg\u00e1u cultural.<\/p>\n<p>Los proyectos subvencionaos van #desenvolver en distintos conceyos, con una notable presencia de propuestes comu\u00f1ales y locales. Esta convocatoria complementa les ll\u00ednees centraes na restauraci\u00f3n f\u00edsica del patrimoniu, al ampliar l&#8217;algame de la pol\u00edtica cultural escontra la investigaci\u00f3n, la divulgaci\u00f3n y la tresmisi\u00f3n intergeneracional de la memoria asturiana.<\/p>\n<p>Tami\u00e9n se resolvieron les ayudes destinaes a la restauraci\u00f3n de <strong>Bienes d&#8217;Inter\u00e9s Cultural (BIC)<\/strong> o incluy\u00edos nel<strong> Inventariu de Patrimoniu Cultural (IPCA)<\/strong>. Con un presupuestu de 350.000 euros, aprob\u00e1ronse 27 actuaciones en 17 conceyos, que tomen tanto inmuebles como bienes muebles d&#8217;especial relevancia hist\u00f3rica y art\u00edstica.<\/p>\n<p>A lo \u00faltimo, concedi\u00e9ronse les subvenciones pa proyectos arqueol\u00f3xicos, con un gastu de 58.788 euros. Les ayudes, que sofiten tanto iniciatives individuales como proyectos t\u00e9cnicos y cient\u00edficos promovios per centros d&#8217;investigaci\u00f3n, van dexar desenvolver angua\u00f1o once actuaciones en nueve conceyos., informa Europa Press.<\/p>\n","protected":false},"excerpt":{"rendered":"<p>Asturies destina casi un mill\u00f3n d&#8217;euros al caltenimientu y restauraci\u00f3n del patrimoniu cultural en 56 conceyos. Les ayudes incl\u00fain la recuperaci\u00f3n d&#8217;horros, paneres y cabazos, la restauraci\u00f3n de bienes en bra\u00f1es y trabayos arqueol\u00f3xicos. \/ La Voz<\/p>\n","protected":false},"author":117,"featured_media":0,"comment_status":"closed","ping_status":"open","sticky":false,"template":"","format":"standard","meta":{"footnotes":""},"categories":[418,116],"tags":[],"class_list":["post-55624","post","type-post","status-publish","format-standard","hentry","category-ayudes","category-horru"],"_links":{"self":[{"href":"https:\/\/edublog.educastur.es\/ixuxu\/wp-json\/wp\/v2\/posts\/55624","targetHints":{"allow":["GET"]}}],"collection":[{"href":"https:\/\/edublog.educastur.es\/ixuxu\/wp-json\/wp\/v2\/posts"}],"about":[{"href":"https:\/\/edublog.educastur.es\/ixuxu\/wp-json\/wp\/v2\/types\/post"}],"author":[{"embeddable":true,"href":"https:\/\/edublog.educastur.es\/ixuxu\/wp-json\/wp\/v2\/users\/117"}],"replies":[{"embeddable":true,"href":"https:\/\/edublog.educastur.es\/ixuxu\/wp-json\/wp\/v2\/comments?post=55624"}],"version-history":[{"count":1,"href":"https:\/\/edublog.educastur.es\/ixuxu\/wp-json\/wp\/v2\/posts\/55624\/revisions"}],"predecessor-version":[{"id":55625,"href":"https:\/\/edublog.educastur.es\/ixuxu\/wp-json\/wp\/v2\/posts\/55624\/revisions\/55625"}],"wp:attachment":[{"href":"https:\/\/edublog.educastur.es\/ixuxu\/wp-json\/wp\/v2\/media?parent=55624"}],"wp:term":[{"taxonomy":"category","embeddable":true,"href":"https:\/\/edublog.educastur.es\/ixuxu\/wp-json\/wp\/v2\/categories?post=55624"},{"taxonomy":"post_tag","embeddable":true,"href":"https:\/\/edublog.educastur.es\/ixuxu\/wp-json\/wp\/v2\/tags?post=55624"}],"curies":[{"name":"wp","href":"https:\/\/api.w.org\/{rel}","templated":true}]}}